{"id":18790,"date":"2021-04-14T09:44:56","date_gmt":"2021-04-14T12:44:56","guid":{"rendered":"http:\/\/www.centraldenoticias.com.ar\/?p=18790"},"modified":"2021-04-14T09:44:56","modified_gmt":"2021-04-14T12:44:56","slug":"el-servicio-penitenciario-bonaerense-tambien-es-esencial-y-no-es-reconocido","status":"publish","type":"post","link":"https:\/\/cdnoticias.com\/index.php\/2021\/04\/14\/el-servicio-penitenciario-bonaerense-tambien-es-esencial-y-no-es-reconocido\/","title":{"rendered":"\u201cEl Servicio Penitenciario Bonaerense tambi\u00e9n es esencial y no es reconocido\u201d"},"content":{"rendered":"<p>Lo plante\u00f3 el senador Alejandro Cellillo (UCR-Juntos por el Cambio) en un proyecto a trav\u00e9s del cual pidi\u00f3 la vacunaci\u00f3n contra el Covid para dicho sector de empleados de la provincia.<!--more--><\/p>\n<hr \/>\n<p>El <strong>senador provincial de Juntos por el Cambio, Alejandro Cellillo<\/strong>, present\u00f3 un proyecto en la C\u00e1mara Alta Provincial en el que manifest\u00f3 su <strong>preocupaci\u00f3n por el escaso porcentaje de vacunaci\u00f3n del personal penitenciario<\/strong>. <strong>\u201cEl personal del servicio penitenciario bonaerense tambi\u00e9n es esencial y no es reconocido\u201d<\/strong> sostuvo.<\/p>\n<p>&nbsp;<\/p>\n<p>El legislador de la Uni\u00f3n C\u00edvica Radical<strong> solicit\u00f3 al Poder Ejecutivo bonaerense que disponga las dosis que sean necesarias<\/strong> para completar la vacunaci\u00f3n de los trabajadores del Servicio Penitenciario.<\/p>\n<p>&nbsp;<\/p>\n<p>\u201cEstamos hablando de <strong>personal esencial<\/strong> que, desde el primer d\u00eda de la pandemia, se encuentra expuesto y realizando un gran esfuerzo\u201d, manifest\u00f3 Cellillo.<\/p>\n<p>&nbsp;<\/p>\n<blockquote><p>Asimismo el alvearense a\u00f1adi\u00f3: \u201centiendo la escasez de vacunas frente a esta segunda ola, pero debemos proteger y priorizar a las fuerzas de seguridad, que tanto sacrificio hacen\u201d.<\/p><\/blockquote>\n<p>&nbsp;<\/p>\n<p>Finalmente, el senador de la s\u00e9ptima secci\u00f3n electoral expres\u00f3: \u201cle exigimos al gobierno<strong> celeridad con la vacunaci\u00f3n<\/strong> de los trabajadores de las c\u00e1rceles\u201d.<\/p>\n<p>&nbsp;<\/p>\n<p>En el cierre concluy\u00f3 que \u201ctanto en General Alvear como en todo el territorio de la provincia, el personal necesita protecci\u00f3n y respuestas del Estado. No los dejemos solos\u201d.<\/p>\n","protected":false},"excerpt":{"rendered":"<p>Lo plante\u00f3 el senador Alejandro Cellillo (UCR-Juntos por el Cambio) en un proyecto a trav\u00e9s del cual pidi\u00f3 la vacunaci\u00f3n<\/p>\n","protected":false},"author":4,"featured_media":18792,"comment_status":"closed","ping_status":"closed","sticky":false,"template":"","format":"standard","meta":{"_jetpack_memberships_contains_paid_content":false,"footnotes":""},"categories":[6,1],"tags":[],"class_list":["post-18790","post","type-post","status-publish","format-standard","has-post-thumbnail","hentry","category-nacionales","category-portada"],"jetpack_featured_media_url":"https:\/\/i0.wp.com\/cdnoticias.com\/wp-content\/uploads\/2021\/04\/Cellillo-1.jpeg?fit=1280%2C852&ssl=1","jetpack_sharing_enabled":true,"_links":{"self":[{"href":"https:\/\/cdnoticias.com\/index.php\/wp-json\/wp\/v2\/posts\/18790","targetHints":{"allow":["GET"]}}],"collection":[{"href":"https:\/\/cdnoticias.com\/index.php\/wp-json\/wp\/v2\/posts"}],"about":[{"href":"https:\/\/cdnoticias.com\/index.php\/wp-json\/wp\/v2\/types\/post"}],"author":[{"embeddable":true,"href":"https:\/\/cdnoticias.com\/index.php\/wp-json\/wp\/v2\/users\/4"}],"replies":[{"embeddable":true,"href":"https:\/\/cdnoticias.com\/index.php\/wp-json\/wp\/v2\/comments?post=18790"}],"version-history":[{"count":0,"href":"https:\/\/cdnoticias.com\/index.php\/wp-json\/wp\/v2\/posts\/18790\/revisions"}],"wp:featuredmedia":[{"embeddable":true,"href":"https:\/\/cdnoticias.com\/index.php\/wp-json\/wp\/v2\/media\/18792"}],"wp:attachment":[{"href":"https:\/\/cdnoticias.com\/index.php\/wp-json\/wp\/v2\/media?parent=18790"}],"wp:term":[{"taxonomy":"category","embeddable":true,"href":"https:\/\/cdnoticias.com\/index.php\/wp-json\/wp\/v2\/categories?post=18790"},{"taxonomy":"post_tag","embeddable":true,"href":"https:\/\/cdnoticias.com\/index.php\/wp-json\/wp\/v2\/tags?post=18790"}],"curies":[{"name":"wp","href":"https:\/\/api.w.org\/{rel}","templated":true}]}}