{"id":187892,"date":"2025-11-15T11:21:00","date_gmt":"2025-11-15T14:21:00","guid":{"rendered":"https:\/\/cdnoticias.com\/?p=187892"},"modified":"2025-11-15T12:18:01","modified_gmt":"2025-11-15T15:18:01","slug":"impactante-incendio-en-el-polo-industrial-de-ezeiza-al-menos-20-heridos","status":"publish","type":"post","link":"https:\/\/cdnoticias.com\/index.php\/2025\/11\/15\/impactante-incendio-en-el-polo-industrial-de-ezeiza-al-menos-20-heridos\/","title":{"rendered":"Impactante incendio en el polo industrial de Ezeiza: al menos 20 heridos"},"content":{"rendered":"<p>Un estallido sacudi\u00f3 el Polo Industrial Spegazzini. Dotaciones de bomberos de varios distritos debieron trabajar en el lugar. El ministerio de Salud bonaerense activ\u00f3 el c\u00f3digo rojo en medio del operativo.<!--more--><\/p>\n<hr \/>\n<p>Una <strong>impactante explosi\u00f3n puso en estado de alerta a los vecinos de Ezeiza y Ca\u00f1uelas<\/strong> el viernes por la noche. El siniestro se produjo en una de las <strong>f\u00e1bricas del Polo Industrial Spegazzini<\/strong>. Seg\u00fan se supo, el fuego se inici\u00f3 en una f\u00e1brica de productos agroqu\u00edmicos.<\/p>\n<p>\u00a0<\/p>\n<p>Las autoridades confirmaron que <strong>hay al menos 20 heridos<\/strong>. El <strong>director de Defensa Civil de la provincia de Buenos Aires, Fabi\u00e1n Garc\u00eda<\/strong>, confirm\u00f3 que la explosi\u00f3n se produjo en una f\u00e1brica de productos qu\u00edmicos. <strong>&#8220;Hay mucha carga de fuego adentro&#8221;<\/strong>, se\u00f1al\u00f3.<\/p>\n<p>\u00a0<\/p>\n<p>Garc\u00eda dijo que <strong>varias empresas fueron afectadas<\/strong>, entre ellas una de log\u00edstica, que ten\u00eda neum\u00e1ticos en su interior. Esto provoc\u00f3 que el fuego se expanda a\u00fan m\u00e1s.<\/p>\n<p>\u00a0<\/p>\n<blockquote>\n<p>&#8220;Tenemos dos helic\u00f3pteros trabajando en la zona y al ser un parque industrial, podemos tirar agua desde muy cerca&#8221;, remarc\u00f3.<\/p>\n<\/blockquote>\n<p>\u00a0<\/p>\n\n<blockquote class=\"twitter-tweet\"><p lang=\"es\" dir=\"ltr\">\ud83d\udd34 Informaci\u00f3n importante<br><br>Tras el incendio registrado en el Parque Industrial de Spegazzini, equipos del Min. de Seguridad de la Provincia de Buenos Aires, a trav\u00e9s de Defensa Civil, trabajan desde el inicio del evento junto a los organismos locales y provinciales competentes.<\/p>&mdash; Defensa Civil PBA (@defensacivilpba) <a href=\"https:\/\/twitter.com\/defensacivilpba\/status\/1989691651967631609?ref_src=twsrc%5Etfw\">November 15, 2025<\/a><\/blockquote> <script async src=\"https:\/\/platform.twitter.com\/widgets.js\" charset=\"utf-8\"><\/script>\n\n<p>\u00a0<\/p>\n\n<h3>Confirman 8 heridos en el Eurnekian<\/h3>\n<p>El <strong>Ministerio de Salud de la Provincia de Buenos Aires<\/strong> emiti\u00f3 un parte oficial sobre el estado de las v\u00edctimas, confirmando que <strong>ocho personas ingresaron al Hospital Eurnekian<\/strong>.<\/p>\n<p>\u00a0<\/p>\n<blockquote>\n<p>El Ministerio detall\u00f3 que una persona &#8220;ingres\u00f3 con una fractura expuesta en uno de sus brazos&#8221;, por lo que &#8220;ser\u00e1 intervenida quir\u00fargicamente en dicho establecimiento&#8221;.<\/p>\n<\/blockquote>\n<p>\u00a0<\/p>\n<p>La cartera sanitaria reiter\u00f3 que se mantiene el operativo de contenci\u00f3n, que cuenta con<strong> 12 m\u00f3viles provinciales y 15 municipales,<\/strong> los cuales trabajan &#8220;en red&#8221; con los hospitales de la zona.<\/p>\n<p>\u00a0<\/p>\n<p><img data-recalc-dims=\"1\" loading=\"lazy\" decoding=\"async\" class=\"alignnone size-full wp-image-187893 aligncenter\" src=\"https:\/\/i0.wp.com\/cdnoticias.com\/wp-content\/uploads\/2025\/11\/ezeiza-explosion-e-incendio-00.jpg?resize=800%2C450&#038;ssl=1\" alt=\"\" width=\"800\" height=\"450\" srcset=\"https:\/\/i0.wp.com\/cdnoticias.com\/wp-content\/uploads\/2025\/11\/ezeiza-explosion-e-incendio-00.jpg?w=1000&amp;ssl=1 1000w, https:\/\/i0.wp.com\/cdnoticias.com\/wp-content\/uploads\/2025\/11\/ezeiza-explosion-e-incendio-00.jpg?resize=300%2C169&amp;ssl=1 300w, https:\/\/i0.wp.com\/cdnoticias.com\/wp-content\/uploads\/2025\/11\/ezeiza-explosion-e-incendio-00.jpg?resize=768%2C432&amp;ssl=1 768w\" sizes=\"auto, (max-width: 800px) 100vw, 800px\" \/><\/p>\n<h3>\u00a0<\/h3>\n<h3>C\u00f3mo se inici\u00f3 la explosi\u00f3n<\/h3>\n<p>La explosi\u00f3n se origin\u00f3 en<strong> una f\u00e1brica agroqu\u00edmica ubicada en el Polo Industrial Spegazzini,<\/strong> en la localidad de Ca\u00f1uelas. La magnitud del incendio fue tal que <strong>el propio intendente de Ezeiza, Gast\u00f3n Granados, calific\u00f3 el fuego como &#8220;tremendo&#8221;<\/strong> y admiti\u00f3 que<strong> &#8220;no lo podemos controlar&#8221;<\/strong>.<\/p>\n<p>\u00a0<\/p>\n<p><strong>M\u00faltiples dotaciones de bomberos<\/strong> trabajaron en el lugar para intentar sofocar las llamas, que generaron una columna de humo visible desde varios kil\u00f3metros.\u00a0\u201cEs todo muy confuso, hubo una fuerte explosi\u00f3n en el pol\u00edgono industrial de Spegazzini. Estamos trabajando para apagar el fuego y despu\u00e9s para ver lo qu\u00e9 ocurri\u00f3\u201d, dijo Gast\u00f3n Granados, el intendente de Ezeiza.<\/p>\n<p>\u00a0<\/p>\n<p>Al producirse el estallido,<strong> 15 dotaciones de bomberos, seg\u00fan detall\u00f3 Granados, acudieron al sitio<\/strong> y desplegaron tareas para intentar controlar las llamas originadas tras el siniestro.<\/p>\n<p>\u00a0<\/p>\n<p>En las redes sociales, distintos usuarios compartieron videos que se viralizaron r\u00e1pidamente, en los que <strong>se pod\u00eda ver una columna de humo de varios metros.<\/strong><\/p>\n<p>\u00a0<\/p>\n<p>El <strong>director de la Cl\u00ednica Montegrande, Carlos Santoro<\/strong>, dio informaci\u00f3n de los \u00faltimos heridos que llegaron para ser atendidos. <strong>&#8220;Estamos con alerta roja y no sabemos lo que va a venir&#8221;<\/strong>, expres\u00f3. &#8220;Recibimos un infartado, que es un directivo de las empresas log\u00edsticas de la zona. Y una embarazada con principio de intoxicaci\u00f3n de humo, con fecha probable de parto inmediato. Ella est\u00e1 en terapia intensiva&#8221;, indic\u00f3.<\/p>\n<p>\u00a0<\/p>\n<h3>Operativo de emergencia<\/h3>\n<p>\u00a0<\/p>\n<p>El Gobierno Nacional despleg\u00f3 <strong>un amplio operativo de emergencia tras la grave explosi\u00f3n e incendio<\/strong> registrada en el Polo Industrial de Ezeiza. Pasada la medianoche, la Agencia Federal de Emergencias (AFE) difundi\u00f3 un comunicado oficial detallando la movilizaci\u00f3n de fuerzas federales, recursos sanitarios y equipos especializados ante la magnitud del siniestro, que involucrar\u00eda sustancias de origen qu\u00edmico.<\/p>\n<p>\u00a0<\/p>\n<p>El operativo de Naci\u00f3n se suma al montado por la provincia de Buenos Aires que dispuso un trabajo<strong> &#8220;en red y de manera articulada&#8221; entre los hospitales provinciales y municipales<\/strong> de la regi\u00f3n, que ya est\u00e1n &#8220;preparados para recibir y atender a todas las personas que pudieran haber resultado afectadas&#8221;.<\/p>\n<p>\u00a0<\/p>\n<p><img data-recalc-dims=\"1\" loading=\"lazy\" decoding=\"async\" class=\"alignnone size-full wp-image-187895 aligncenter\" src=\"https:\/\/i0.wp.com\/cdnoticias.com\/wp-content\/uploads\/2025\/11\/ezeiza-explosion-e-incendio-02.jpg?resize=800%2C600&#038;ssl=1\" alt=\"\" width=\"800\" height=\"600\" srcset=\"https:\/\/i0.wp.com\/cdnoticias.com\/wp-content\/uploads\/2025\/11\/ezeiza-explosion-e-incendio-02.jpg?w=1000&amp;ssl=1 1000w, https:\/\/i0.wp.com\/cdnoticias.com\/wp-content\/uploads\/2025\/11\/ezeiza-explosion-e-incendio-02.jpg?resize=300%2C225&amp;ssl=1 300w, https:\/\/i0.wp.com\/cdnoticias.com\/wp-content\/uploads\/2025\/11\/ezeiza-explosion-e-incendio-02.jpg?resize=768%2C576&amp;ssl=1 768w\" sizes=\"auto, (max-width: 800px) 100vw, 800px\" \/><\/p>\n<p>\u00a0<\/p>\n<h3>Sin riesgo grave<\/h3>\n<p>El <strong>director de Defensa Civil (DC) de la Provincia de Buenos Aires, Fabi\u00e1n Garc\u00eda<\/strong>, brind\u00f3 detalles sobre la explosi\u00f3n e incendio en Ezeiza y asegur\u00f3 que <strong>la situaci\u00f3n &#8220;nunca represent\u00f3 un riesgo grave para la gente&#8221;<\/strong>, a pesar de la incertidumbre inicial generada por el humo y las primeras informaciones.<\/p>\n<p>\u00a0<\/p>\n<blockquote>\n<p>El funcionario enfatiz\u00f3, en di\u00e1logo con Noticias Argentinas, en la necesidad de &#8220;llevar tranquilidad a la poblaci\u00f3n&#8221; y confirm\u00f3 que, si bien el humo resulta molesto, las mediciones de la calidad del aire indican que no es &#8220;t\u00f3xico&#8221; en el sentido de causar una afectaci\u00f3n directa e inmediata.<\/p>\n<\/blockquote>\n<p>\u00a0<\/p>\n<p>El funcionario confirm\u00f3 que<strong> el incendio no est\u00e1 sofocado, sino \u201ccontenido&#8221;<\/strong>, lo que significa que &#8220;no se va a salir de los l\u00edmites donde se desarrolla&#8221;. La estrategia inicial se centr\u00f3 en proteger el per\u00edmetro, especialmente &#8220;una empresa industria frigor\u00edfica que ten\u00eda amon\u00edaco&#8221; a 200 metros del lugar del fuego. <strong>&#8220;Lo que planteamos ah\u00ed es una l\u00ednea de defensa de esas empresas&#8221;<\/strong>, explic\u00f3.<\/p>\n<p>\u00a0<\/p>\n<p><img data-recalc-dims=\"1\" loading=\"lazy\" decoding=\"async\" class=\"alignnone size-full wp-image-187896\" src=\"https:\/\/i0.wp.com\/cdnoticias.com\/wp-content\/uploads\/2025\/11\/ezeiza-explosion-e-incendio-03.jpg?resize=800%2C534&#038;ssl=1\" alt=\"\" width=\"800\" height=\"534\" srcset=\"https:\/\/i0.wp.com\/cdnoticias.com\/wp-content\/uploads\/2025\/11\/ezeiza-explosion-e-incendio-03.jpg?w=1000&amp;ssl=1 1000w, https:\/\/i0.wp.com\/cdnoticias.com\/wp-content\/uploads\/2025\/11\/ezeiza-explosion-e-incendio-03.jpg?resize=300%2C200&amp;ssl=1 300w, https:\/\/i0.wp.com\/cdnoticias.com\/wp-content\/uploads\/2025\/11\/ezeiza-explosion-e-incendio-03.jpg?resize=768%2C512&amp;ssl=1 768w, https:\/\/i0.wp.com\/cdnoticias.com\/wp-content\/uploads\/2025\/11\/ezeiza-explosion-e-incendio-03.jpg?resize=272%2C182&amp;ssl=1 272w\" sizes=\"auto, (max-width: 800px) 100vw, 800px\" \/><\/p>\n<p>\u00a0<\/p>\n<p>\u00a0<\/p>\n<blockquote>\n<p>El fuego se localiz\u00f3 en un parque industrial, con galpones de diferentes empresas de acopio log\u00edstico y productos qu\u00edmicos. Se estima que hay &#8220;100 galpones&#8221; afectados con diferentes magnitudes. Un galp\u00f3n que acopiaba neum\u00e1ticos fue el responsable de la columna de humo negro m\u00e1s impactante.<\/p>\n<\/blockquote>\n<p>\u00a0<\/p>\n<p>Finalmente, Garc\u00eda anticip\u00f3 que <strong>el trabajo en el lugar &#8220;va a seguir varios d\u00edas&#8221; para realizar tareas de escombro y enfriamiento<\/strong>, pero reiter\u00f3 el mensaje de calma para la poblaci\u00f3n: &#8220;Ahora lo que vamos a ver nosotros durante el d\u00eda es que este humo que molesta, que preocupa, pero que ya dijimos no representa un riesgo inminente para la poblaci\u00f3n&#8221;.<\/p>\n<p>\u00a0<\/p>\n<p>En la zona trabajan <strong>380 bomberos con 70 unidades, adem\u00e1s de personal de salud, polic\u00eda y defensa civil<\/strong>, en un comando unificado.<\/p>\n<p>\u00a0<\/p>\n<p>Fuente y fotos:<em> Agencia DIB<\/em><\/p>\n\n\n<p><\/p>\n","protected":false},"excerpt":{"rendered":"<p>Un estallido sacudi\u00f3 el Polo Industrial Spegazzini. Dotaciones de bomberos de varios distritos debieron trabajar en el lugar. El ministerio<\/p>\n","protected":false},"author":4,"featured_media":187894,"comment_status":"closed","ping_status":"closed","sticky":false,"template":"","format":"standard","meta":{"_jetpack_memberships_contains_paid_content":false,"footnotes":""},"categories":[6,1],"tags":[],"class_list":["post-187892","post","type-post","status-publish","format-standard","has-post-thumbnail","hentry","category-nacionales","category-portada"],"jetpack_featured_media_url":"https:\/\/i0.wp.com\/cdnoticias.com\/wp-content\/uploads\/2025\/11\/ezeiza-explosion-e-incendio-01.jpg?fit=1000%2C532&ssl=1","jetpack_sharing_enabled":true,"_links":{"self":[{"href":"https:\/\/cdnoticias.com\/index.php\/wp-json\/wp\/v2\/posts\/187892","targetHints":{"allow":["GET"]}}],"collection":[{"href":"https:\/\/cdnoticias.com\/index.php\/wp-json\/wp\/v2\/posts"}],"about":[{"href":"https:\/\/cdnoticias.com\/index.php\/wp-json\/wp\/v2\/types\/post"}],"author":[{"embeddable":true,"href":"https:\/\/cdnoticias.com\/index.php\/wp-json\/wp\/v2\/users\/4"}],"replies":[{"embeddable":true,"href":"https:\/\/cdnoticias.com\/index.php\/wp-json\/wp\/v2\/comments?post=187892"}],"version-history":[{"count":0,"href":"https:\/\/cdnoticias.com\/index.php\/wp-json\/wp\/v2\/posts\/187892\/revisions"}],"wp:featuredmedia":[{"embeddable":true,"href":"https:\/\/cdnoticias.com\/index.php\/wp-json\/wp\/v2\/media\/187894"}],"wp:attachment":[{"href":"https:\/\/cdnoticias.com\/index.php\/wp-json\/wp\/v2\/media?parent=187892"}],"wp:term":[{"taxonomy":"category","embeddable":true,"href":"https:\/\/cdnoticias.com\/index.php\/wp-json\/wp\/v2\/categories?post=187892"},{"taxonomy":"post_tag","embeddable":true,"href":"https:\/\/cdnoticias.com\/index.php\/wp-json\/wp\/v2\/tags?post=187892"}],"curies":[{"name":"wp","href":"https:\/\/api.w.org\/{rel}","templated":true}]}}