{"id":187884,"date":"2025-11-15T10:26:44","date_gmt":"2025-11-15T13:26:44","guid":{"rendered":"https:\/\/cdnoticias.com\/?p=187884"},"modified":"2025-11-15T12:57:37","modified_gmt":"2025-11-15T15:57:37","slug":"un-aprehendido-y-cocaina-secuestrada-en-olavarria","status":"publish","type":"post","link":"https:\/\/cdnoticias.com\/index.php\/2025\/11\/15\/un-aprehendido-y-cocaina-secuestrada-en-olavarria\/","title":{"rendered":"Un aprehendido y coca\u00edna secuestrada en Olavarr\u00eda"},"content":{"rendered":"<p>Fue acusado por venta de estupefacientes y se solicit\u00f3 su detenci\u00f3n. Se hicieron tres allanamientos en el centro y en barrio Villa Floresta.<!--more--><\/p>\n<hr \/>\n<p><strong>Tres allanamientos<\/strong> se concretaron en Olavarr\u00eda en los \u00faltimos d\u00edas en el marco de la <strong>investigaci\u00f3n de venta de estupefacientes.<\/strong> Entre los resultados, se inform\u00f3 que <strong>un hombre fue aprehendido y se secuestr\u00f3 coca\u00edna<\/strong>.<\/p>\n<p>El acusado ya fue <strong>citado por la Fiscal\u00eda N\u00ba 19<\/strong> que interviene en el caso y se <strong>solicit\u00f3 su detenci\u00f3n.<\/strong><\/p>\n<p>Tras <strong>una investigaci\u00f3n iniciada el a\u00f1o<\/strong> pasado por la<strong> Subdelegaci\u00f3n Departamental de Investigaciones del Tr\u00e1fico de Drogas Il\u00edcitas de Olavarr\u00eda<\/strong>, donde se alertaba el comercio de estupefacientes. Puntualmente <strong>se expuso la venta de coca\u00edna por parte de un hombre<\/strong>. El personal especializado, y con intervenci\u00f3n de la Fiscal\u00eda 19, comenz\u00f3 con las tareas investigativas del caso. Se logr\u00f3 establecer la<strong> veracidad del delito.<\/strong><\/p>\n<p><img data-recalc-dims=\"1\" loading=\"lazy\" decoding=\"async\" class=\"alignnone size-full wp-image-187886\" src=\"https:\/\/i0.wp.com\/cdnoticias.com\/wp-content\/uploads\/2025\/11\/allanamientos-droga-01.jpg?resize=800%2C445&#038;ssl=1\" alt=\"\" width=\"800\" height=\"445\" srcset=\"https:\/\/i0.wp.com\/cdnoticias.com\/wp-content\/uploads\/2025\/11\/allanamientos-droga-01.jpg?w=1000&amp;ssl=1 1000w, https:\/\/i0.wp.com\/cdnoticias.com\/wp-content\/uploads\/2025\/11\/allanamientos-droga-01.jpg?resize=300%2C167&amp;ssl=1 300w, https:\/\/i0.wp.com\/cdnoticias.com\/wp-content\/uploads\/2025\/11\/allanamientos-droga-01.jpg?resize=768%2C427&amp;ssl=1 768w, https:\/\/i0.wp.com\/cdnoticias.com\/wp-content\/uploads\/2025\/11\/allanamientos-droga-01.jpg?resize=800%2C445&amp;ssl=1 800w\" sizes=\"auto, (max-width: 800px) 100vw, 800px\" \/><\/p>\n<p>Los detectives realizaron distintas tareas de la especialidad con las que \u201cse logr\u00f3 obtener <strong>pruebas suficientes que evidenciaban la actividad il\u00edcita<\/strong> llevada a cabo por el <strong>joven masculino<\/strong> y ante lo cual el Ministerio P\u00fablico Fiscal solicit\u00f3 las correspondientes <strong>\u00f3rdenes de allanamientos<\/strong> que fueron otorgadas por el<strong> Juzgado de Garant\u00edas N\u00ba 2 a cargo del Dr. Carlos Villamar\u00edn<\/strong>\u201d se detall\u00f3.<\/p>\n<blockquote><p>Dos de los allanamientos se realizaron el jueves 13, uno en un Departamento de calle General Paz al 2600 y el restante en calle Azopardo al 3600. En tanto, el viernes 14 se procedi\u00f3 a realizar el tercer allanamiento en un local comercial de calle General Paz al 2600. Los operativos dieron resultados positivos, logr\u00e1ndose el secuestro de elementos de inter\u00e9s para la causa: coca\u00edna fraccionada y destinada al consumidor y telefon\u00eda celular.<\/p><\/blockquote>\n<p><img data-recalc-dims=\"1\" loading=\"lazy\" decoding=\"async\" class=\"alignnone size-full wp-image-187887 aligncenter\" src=\"https:\/\/i0.wp.com\/cdnoticias.com\/wp-content\/uploads\/2025\/11\/allanamientos-droga-3-Azopardo-3600.jpeg?resize=800%2C659&#038;ssl=1\" alt=\"\" width=\"800\" height=\"659\" srcset=\"https:\/\/i0.wp.com\/cdnoticias.com\/wp-content\/uploads\/2025\/11\/allanamientos-droga-3-Azopardo-3600.jpeg?w=800&amp;ssl=1 800w, https:\/\/i0.wp.com\/cdnoticias.com\/wp-content\/uploads\/2025\/11\/allanamientos-droga-3-Azopardo-3600.jpeg?resize=300%2C247&amp;ssl=1 300w, https:\/\/i0.wp.com\/cdnoticias.com\/wp-content\/uploads\/2025\/11\/allanamientos-droga-3-Azopardo-3600.jpeg?resize=768%2C633&amp;ssl=1 768w\" sizes=\"auto, (max-width: 800px) 100vw, 800px\" \/><\/p>\n<p>Tras los operativos y sus resultados,<strong> la UFI N\u00ba 19 dispuso la aprehensi\u00f3n del hombre<\/strong> de quien no se brindaron mayores datos en virtud de <strong>continuar con las tareas investigativas del caso<\/strong>, quien se encuentra <strong>a disposici\u00f3n de la Justicia.<\/strong><\/p>\n<blockquote><p>El acusado fue indagado el mismo viernes en sede Judicial y se solicit\u00f3 su detenci\u00f3n. Posteriormente alojado en la Comisar\u00eda Primera de Azul hasta que se otorgue cupo en el Servicio Penitenciario Bonaerense.<\/p><\/blockquote>\n<p><img data-recalc-dims=\"1\" loading=\"lazy\" decoding=\"async\" class=\"alignnone size-full wp-image-187888 aligncenter\" src=\"https:\/\/i0.wp.com\/cdnoticias.com\/wp-content\/uploads\/2025\/11\/allanamientos-droga-2-general-paz-2600.jpeg?resize=800%2C780&#038;ssl=1\" alt=\"\" width=\"800\" height=\"780\" srcset=\"https:\/\/i0.wp.com\/cdnoticias.com\/wp-content\/uploads\/2025\/11\/allanamientos-droga-2-general-paz-2600.jpeg?w=800&amp;ssl=1 800w, https:\/\/i0.wp.com\/cdnoticias.com\/wp-content\/uploads\/2025\/11\/allanamientos-droga-2-general-paz-2600.jpeg?resize=300%2C293&amp;ssl=1 300w, https:\/\/i0.wp.com\/cdnoticias.com\/wp-content\/uploads\/2025\/11\/allanamientos-droga-2-general-paz-2600.jpeg?resize=768%2C749&amp;ssl=1 768w\" sizes=\"auto, (max-width: 800px) 100vw, 800px\" \/><\/p>\n","protected":false},"excerpt":{"rendered":"<p>Fue acusado por venta de estupefacientes y se solicit\u00f3 su detenci\u00f3n. Se hicieron tres allanamientos en el centro y en<\/p>\n","protected":false},"author":4,"featured_media":187885,"comment_status":"closed","ping_status":"closed","sticky":false,"template":"","format":"standard","meta":{"_jetpack_memberships_contains_paid_content":false,"footnotes":""},"categories":[14,1],"tags":[],"class_list":["post-187884","post","type-post","status-publish","format-standard","has-post-thumbnail","hentry","category-policiales","category-portada"],"jetpack_featured_media_url":"https:\/\/i0.wp.com\/cdnoticias.com\/wp-content\/uploads\/2025\/11\/allanamientos-droga-00.jpg?fit=800%2C444&ssl=1","jetpack_sharing_enabled":true,"_links":{"self":[{"href":"https:\/\/cdnoticias.com\/index.php\/wp-json\/wp\/v2\/posts\/187884","targetHints":{"allow":["GET"]}}],"collection":[{"href":"https:\/\/cdnoticias.com\/index.php\/wp-json\/wp\/v2\/posts"}],"about":[{"href":"https:\/\/cdnoticias.com\/index.php\/wp-json\/wp\/v2\/types\/post"}],"author":[{"embeddable":true,"href":"https:\/\/cdnoticias.com\/index.php\/wp-json\/wp\/v2\/users\/4"}],"replies":[{"embeddable":true,"href":"https:\/\/cdnoticias.com\/index.php\/wp-json\/wp\/v2\/comments?post=187884"}],"version-history":[{"count":0,"href":"https:\/\/cdnoticias.com\/index.php\/wp-json\/wp\/v2\/posts\/187884\/revisions"}],"wp:featuredmedia":[{"embeddable":true,"href":"https:\/\/cdnoticias.com\/index.php\/wp-json\/wp\/v2\/media\/187885"}],"wp:attachment":[{"href":"https:\/\/cdnoticias.com\/index.php\/wp-json\/wp\/v2\/media?parent=187884"}],"wp:term":[{"taxonomy":"category","embeddable":true,"href":"https:\/\/cdnoticias.com\/index.php\/wp-json\/wp\/v2\/categories?post=187884"},{"taxonomy":"post_tag","embeddable":true,"href":"https:\/\/cdnoticias.com\/index.php\/wp-json\/wp\/v2\/tags?post=187884"}],"curies":[{"name":"wp","href":"https:\/\/api.w.org\/{rel}","templated":true}]}}