{"id":187845,"date":"2025-11-17T08:30:43","date_gmt":"2025-11-17T11:30:43","guid":{"rendered":"https:\/\/cdnoticias.com\/?p=187845"},"modified":"2025-11-17T08:30:44","modified_gmt":"2025-11-17T11:30:44","slug":"se-expone-la-muestra-3j-10-anos-de-ni-una-menos","status":"publish","type":"post","link":"https:\/\/cdnoticias.com\/index.php\/2025\/11\/17\/se-expone-la-muestra-3j-10-anos-de-ni-una-menos\/","title":{"rendered":"Se expone la muestra \u201c3J \u2013 10 a\u00f1os de Ni Una Menos\u201d"},"content":{"rendered":"\n<p>En el marco del D\u00eda Internacional de la Eliminaci\u00f3n de la Violencia contra la Mujer, que se conmemora el 25 de noviembre, la Facultad de Ciencias Sociales exhibe la muestra realizada por la Municipalidad de Olavarr\u00eda por los diez a\u00f1os de Ni Una Menos.<\/p>\n\n\n\n<hr class=\"wp-block-separator aligncenter has-alpha-channel-opacity\"\/>\n\n\n\n<p>En conmemoraci\u00f3n al <strong>D\u00eda Internacional de la Eliminaci\u00f3n de la Violencia contra la Mujer<\/strong>, instituido para<strong> visibilizar, prevenir y erradicar la violencia que sufren las mujeres a nivel mundial<\/strong>, la <strong>FACSO exhibe la Muestra \u201c3J \u2013 10 a\u00f1os de Ni Una Menos\u201d<\/strong>, hasta el <strong>mi\u00e9rcoles 19 de noviembre <\/strong>en el Edificio de Aulas Comunes del Complejo Universitario.<\/p>\n\n\n\n<p><\/p>\n\n\n\n<blockquote class=\"wp-block-quote is-layout-flow wp-block-quote-is-layout-flow\">\n<p>La muestra documental \u201c3J \u2013 10 a\u00f1os de Ni Una Menos\u201d recopila im\u00e1genes tomadas por profesionales de la fotograf\u00eda y aficionados y aficionadas, que participaron de la convocatoria realizada desde la Direcci\u00f3n de Mujeres, G\u00e9neros y Diversidad, junto a las Subsecretar\u00edas de Cultura y de Comunicaci\u00f3n del Municipio de Olavarr\u00eda.<\/p>\n<\/blockquote>\n\n\n\n<p><\/p>\n\n\n\n<p>La propuesta se vincula con los diez a\u00f1os de esa hist\u00f3rica marcha, que impuls\u00f3 el dise\u00f1o y la aplicaci\u00f3n de una serie de acciones institucionales que mejoraron los abordajes de las violencias por razones de g\u00e9nero en Olavarr\u00eda, y Ni Una Menos que tuvo como objetivo realizar un ejercicio de activaci\u00f3n de memoria, mediante una muestra de fotos que recorra las diez marchas \u201cNi Una Menos\u201d que se hicieron en Olavarr\u00eda.<\/p>\n\n\n\n<p><\/p>\n\n\n\n<figure class=\"wp-block-image aligncenter size-full\"><img data-recalc-dims=\"1\" loading=\"lazy\" decoding=\"async\" width=\"800\" height=\"483\" src=\"https:\/\/i0.wp.com\/cdnoticias.com\/wp-content\/uploads\/2025\/11\/facso-niunamenos-muestra2.png?resize=800%2C483&#038;ssl=1\" alt=\"\" class=\"wp-image-187846\" srcset=\"https:\/\/i0.wp.com\/cdnoticias.com\/wp-content\/uploads\/2025\/11\/facso-niunamenos-muestra2.png?w=885&amp;ssl=1 885w, https:\/\/i0.wp.com\/cdnoticias.com\/wp-content\/uploads\/2025\/11\/facso-niunamenos-muestra2.png?resize=300%2C181&amp;ssl=1 300w, https:\/\/i0.wp.com\/cdnoticias.com\/wp-content\/uploads\/2025\/11\/facso-niunamenos-muestra2.png?resize=768%2C463&amp;ssl=1 768w\" sizes=\"auto, (max-width: 800px) 100vw, 800px\" \/><\/figure>\n\n\n\n<p><\/p>\n\n\n\n<p>Los\/as profesionales que participan con sus fotograf\u00edas son: <strong>Ail\u00e9n Su\u00e1rez, Jorge Arabito, Ximena (Pime) Peralta, Tefa Schegtel Torres, Loana Desanto, Carolina Acquarone y Dante Lartirigoyen.<\/strong><\/p>\n\n\n\n<p><\/p>\n\n\n\n<blockquote class=\"wp-block-quote is-layout-flow wp-block-quote-is-layout-flow\">\n<p>Las obras presentadas fueron tomadas en sitios del partido de Olavarr\u00eda, durante las movilizaciones realizadas, desde hace 10 a\u00f1os, cada 3 de junio en el marco de la conmemoraci\u00f3n del \u201cNi Una Menos\u201d.<\/p>\n<\/blockquote>\n\n\n\n<p><\/p>\n\n\n\n<p>Esta presentaci\u00f3n forma parte del <strong>Pasillo Cultural UNICEN, <\/strong>un espacio articulado entre las facultades de Derecho, Arte, Exactas y Sociales que se lleva adelante desde el a\u00f1o 2023.<\/p>\n\n\n\n<p><\/p>\n","protected":false},"excerpt":{"rendered":"<p>En el marco del D\u00eda Internacional de la Eliminaci\u00f3n de la Violencia contra la Mujer, que se conmemora el 25<\/p>\n","protected":false},"author":6,"featured_media":187847,"comment_status":"closed","ping_status":"closed","sticky":false,"template":"","format":"standard","meta":{"_jetpack_memberships_contains_paid_content":false,"footnotes":""},"categories":[3,1],"tags":[],"class_list":["post-187845","post","type-post","status-publish","format-standard","has-post-thumbnail","hentry","category-genero","category-portada"],"jetpack_featured_media_url":"https:\/\/i0.wp.com\/cdnoticias.com\/wp-content\/uploads\/2025\/11\/facso-niunamenos-muestra.png?fit=868%2C502&ssl=1","jetpack_sharing_enabled":true,"_links":{"self":[{"href":"https:\/\/cdnoticias.com\/index.php\/wp-json\/wp\/v2\/posts\/187845","targetHints":{"allow":["GET"]}}],"collection":[{"href":"https:\/\/cdnoticias.com\/index.php\/wp-json\/wp\/v2\/posts"}],"about":[{"href":"https:\/\/cdnoticias.com\/index.php\/wp-json\/wp\/v2\/types\/post"}],"author":[{"embeddable":true,"href":"https:\/\/cdnoticias.com\/index.php\/wp-json\/wp\/v2\/users\/6"}],"replies":[{"embeddable":true,"href":"https:\/\/cdnoticias.com\/index.php\/wp-json\/wp\/v2\/comments?post=187845"}],"version-history":[{"count":0,"href":"https:\/\/cdnoticias.com\/index.php\/wp-json\/wp\/v2\/posts\/187845\/revisions"}],"wp:featuredmedia":[{"embeddable":true,"href":"https:\/\/cdnoticias.com\/index.php\/wp-json\/wp\/v2\/media\/187847"}],"wp:attachment":[{"href":"https:\/\/cdnoticias.com\/index.php\/wp-json\/wp\/v2\/media?parent=187845"}],"wp:term":[{"taxonomy":"category","embeddable":true,"href":"https:\/\/cdnoticias.com\/index.php\/wp-json\/wp\/v2\/categories?post=187845"},{"taxonomy":"post_tag","embeddable":true,"href":"https:\/\/cdnoticias.com\/index.php\/wp-json\/wp\/v2\/tags?post=187845"}],"curies":[{"name":"wp","href":"https:\/\/api.w.org\/{rel}","templated":true}]}}