{"id":187837,"date":"2025-11-14T18:30:56","date_gmt":"2025-11-14T21:30:56","guid":{"rendered":"https:\/\/cdnoticias.com\/?p=187837"},"modified":"2025-11-15T10:28:54","modified_gmt":"2025-11-15T13:28:54","slug":"la-unicen-recibe-a-unos-5-mil-estudiantes-y-trabajadores-de-la-salud","status":"publish","type":"post","link":"https:\/\/cdnoticias.com\/index.php\/2025\/11\/14\/la-unicen-recibe-a-unos-5-mil-estudiantes-y-trabajadores-de-la-salud\/","title":{"rendered":"La UNICEN recibe a unos 5 mil estudiantes y trabajadores de la salud"},"content":{"rendered":"\n<p>Olavarr\u00eda se convierte en el punto de encuentro de miles de estudiantes, trabajadores y profesionales de la salud de todo el pa\u00eds. El 14 y 15 de noviembre, el Campus de la UNICEN recibe el 4\u00b0 Encuentro Nacional de Estudiantes de la Salud y el 12\u00b0 Encuentro Nacional de Salud, dos jornadas que funcionan como un espacio pol\u00edtico, acad\u00e9mico y territorial donde se discute el futuro del sistema sanitario argentino.<\/p>\n\n\n\n<hr class=\"wp-block-separator aligncenter has-alpha-channel-opacity\"\/>\n\n\n\n<p><em>Por : Milena Galiano &#8211; Agencia Comunica<\/em><\/p>\n\n\n\n<p>Las carpas blancas que empezaban a levantarse anticipaban su magnitud. A medida que avanzaba la ma\u00f1ana, el pasto del campus se iba poblando de estructuras, mochilas, termos y voces que llegaban desde distintos puntos del pa\u00eds.&nbsp;<\/p>\n\n\n\n<p><\/p>\n\n\n\n<p>No es casualidad: este fin de semana la ciudad recibe el <strong>4\u00b0 Encuentro Nacional de Estudiantes de la Salud y el 12\u00b0 Encuentro Nacional de Salud,<\/strong> dos jornadas que combinan militancia, formaci\u00f3n y mirada cr\u00edtica sobre el presente del sistema sanitario argentino.<\/p>\n\n\n\n<p><\/p>\n\n\n\n<p>Para la jornada estudiantil <strong>se esperan m\u00e1s de 600 j\u00f3venes<\/strong>, mientras que para el d\u00eda siguiente, abierto a trabajadores y profesionales,<strong> el n\u00famero crece hasta las 5.000 personas.\u00a0<\/strong><\/p>\n\n\n\n<p><\/p>\n\n\n\n<p>La ciudad, con su campus abierto y la colaboraci\u00f3n de instituciones locales, se vuelve escenario de un movimiento federal que cada a\u00f1o rota para garantizar participaci\u00f3n diversa y territorialidad real.<\/p>\n\n\n\n<p><\/p>\n\n\n\n<figure class=\"wp-block-image aligncenter size-full\"><img data-recalc-dims=\"1\" loading=\"lazy\" decoding=\"async\" width=\"800\" height=\"525\" src=\"https:\/\/i0.wp.com\/cdnoticias.com\/wp-content\/uploads\/2025\/11\/salud-encuentro-agencia-comunica1.png?resize=800%2C525&#038;ssl=1\" alt=\"\" class=\"wp-image-187841\" srcset=\"https:\/\/i0.wp.com\/cdnoticias.com\/wp-content\/uploads\/2025\/11\/salud-encuentro-agencia-comunica1.png?w=864&amp;ssl=1 864w, https:\/\/i0.wp.com\/cdnoticias.com\/wp-content\/uploads\/2025\/11\/salud-encuentro-agencia-comunica1.png?resize=300%2C197&amp;ssl=1 300w, https:\/\/i0.wp.com\/cdnoticias.com\/wp-content\/uploads\/2025\/11\/salud-encuentro-agencia-comunica1.png?resize=768%2C504&amp;ssl=1 768w\" sizes=\"auto, (max-width: 800px) 100vw, 800px\" \/><\/figure>\n\n\n\n<p><\/p>\n\n\n\n<p>Entre quienes caminan ultimando detalles de la organizaci\u00f3n est\u00e1n <strong>Juan Mesas, referente del Centro de Estudiantes de la Facultad de Ciencias de la Salud de Unicen; Valentina Ferraro, militante del Torrente en Medicina de la UBA y Mait\u00e9n Budd, integrante de Remediar en la UNLP.<\/strong> Los tres funcionan como puente entre la estructura nacional del encuentro y las necesidades concretas de la sede Olavarr\u00eda.<\/p>\n\n\n\n<p><\/p>\n\n\n\n<p>Desde conseguir salones hasta encontrar duchas para cientos de personas, el rol de Juan Mesas fue articular para que la ciudad pudiera recibir un evento de este tama\u00f1o.<strong><em> \u201cFui haciendo el gancho a esas necesidades y buscando c\u00f3mo una ciudad chica como Olavarr\u00eda puede llegar a largar un encuentro nacional\u201d.<\/em><\/strong><\/p>\n\n\n\n<p><\/p>\n\n\n\n<blockquote class=\"wp-block-quote is-layout-flow wp-block-quote-is-layout-flow\">\n<p>Valentina Ferraro, estudiante de sexto a\u00f1o en la UBA, agrega que es una convicci\u00f3n pol\u00edtica: no quieren que los debates sobre el sistema sanitario argentino se concentren solo en las universidades grandes o en los centros urbanos tradicionales: \u201cla idea es que sea federal, que vaya rotando de provincias para que puedan acceder m\u00e1s compa\u00f1eros cada a\u00f1o\u201d.<\/p>\n<\/blockquote>\n\n\n\n<p><\/p>\n\n\n\n<p>El encuentro estudiantil naci\u00f3 hace cuatro a\u00f1os, cuando distintas agrupaciones identificaron que la discusi\u00f3n sobre el sistema de salud no pod\u00eda empezar despu\u00e9s del t\u00edtulo. Ferraro lo pone en palabras directas: \u201c<strong><em>Cuando empezamos a entender que ya como estudiantes somos part\u00edcipes del sistema de salud que queremos formar dijimos que ten\u00edamos que tener un lugar para discutirlo desde nuestra formaci\u00f3n y no llegar una vez que ya estamos recibidos\u201d.\u00a0<\/em><\/strong><\/p>\n\n\n\n<p><\/p>\n\n\n\n<figure class=\"wp-block-image aligncenter size-full\"><img data-recalc-dims=\"1\" loading=\"lazy\" decoding=\"async\" width=\"800\" height=\"526\" src=\"https:\/\/i0.wp.com\/cdnoticias.com\/wp-content\/uploads\/2025\/11\/salud-encuentro-agencia-comunica3.png?resize=800%2C526&#038;ssl=1\" alt=\"\" class=\"wp-image-187840\" srcset=\"https:\/\/i0.wp.com\/cdnoticias.com\/wp-content\/uploads\/2025\/11\/salud-encuentro-agencia-comunica3.png?w=886&amp;ssl=1 886w, https:\/\/i0.wp.com\/cdnoticias.com\/wp-content\/uploads\/2025\/11\/salud-encuentro-agencia-comunica3.png?resize=300%2C197&amp;ssl=1 300w, https:\/\/i0.wp.com\/cdnoticias.com\/wp-content\/uploads\/2025\/11\/salud-encuentro-agencia-comunica3.png?resize=768%2C505&amp;ssl=1 768w\" sizes=\"auto, (max-width: 800px) 100vw, 800px\" \/><\/figure>\n\n\n\n<p><\/p>\n\n\n\n<p>Mait\u00e9n Budd acompa\u00f1a esa mirada: \u201cen nuestras carreras<strong> tenemos problem\u00e1ticas distintas.<\/strong> Lo formativo y lo que aspiramos como objetivos de cada carrera <strong>lo tenemos que discutir ahora,<\/strong> para poder trabajar el d\u00eda de ma\u00f1ana en un equipo interdisciplinario con pluralidad de voces\u201d.<\/p>\n\n\n\n<p><\/p>\n\n\n\n<p>Las diferencias entre universidades alimentan el intercambio. Desde facultades hist\u00f3ricas como Medicina (UBA), donde persisten curr\u00edculas m\u00e1s tradicionales y m\u00e9dico-c\u00e9ntricas, hasta experiencias m\u00e1s recientes como la de la UNICEN, que trabaja bajo modelos innovadores y con fuerte impronta territorial.&nbsp;<\/p>\n\n\n\n<p><\/p>\n\n\n\n<p>Esa variedad vuelve al encuentro un espejo m\u00faltiple: <strong>cada estudiante llega con inquietudes diferentes y se va con preguntas nuevas, pero tambi\u00e9n con herramientas concretas.<\/strong><\/p>\n\n\n\n<p><\/p>\n\n\n\n<p>El clima de \u00e9poca atraviesa todos los ejes. Los tres lo repiten con claridad: <strong>la situaci\u00f3n sanitaria actual tensiona cada debate, cada diagn\u00f3stico y cada propuesta.\u00a0<\/strong><\/p>\n\n\n\n<p><\/p>\n\n\n\n<figure class=\"wp-block-image aligncenter size-full\"><img data-recalc-dims=\"1\" loading=\"lazy\" decoding=\"async\" width=\"800\" height=\"431\" src=\"https:\/\/i0.wp.com\/cdnoticias.com\/wp-content\/uploads\/2025\/11\/salud-encuentro-agencia-comunica4.png?resize=800%2C431&#038;ssl=1\" alt=\"\" class=\"wp-image-187839\" srcset=\"https:\/\/i0.wp.com\/cdnoticias.com\/wp-content\/uploads\/2025\/11\/salud-encuentro-agencia-comunica4.png?w=885&amp;ssl=1 885w, https:\/\/i0.wp.com\/cdnoticias.com\/wp-content\/uploads\/2025\/11\/salud-encuentro-agencia-comunica4.png?resize=300%2C162&amp;ssl=1 300w, https:\/\/i0.wp.com\/cdnoticias.com\/wp-content\/uploads\/2025\/11\/salud-encuentro-agencia-comunica4.png?resize=768%2C414&amp;ssl=1 768w\" sizes=\"auto, (max-width: 800px) 100vw, 800px\" \/><\/figure>\n\n\n\n<p><\/p>\n\n\n\n<p>Budd lo explica diciendo que \u201c<em><strong>el aumento de la demanda y el recorte del Gobierno Nacional dificultan mucho m\u00e1s todo este proceso. Es una trinchera y una b\u00fasqueda de intercambiar experiencias para afrontar estos ataques\u201d.<\/strong><\/em><\/p>\n\n\n\n<p><\/p>\n\n\n\n<blockquote class=\"wp-block-quote is-layout-flow wp-block-quote-is-layout-flow\">\n<p>Ferraro complementa la mirada y lo hace desde una experiencia cotidiana. \u201cEn cualquiera de las comisiones aparece c\u00f3mo est\u00e1n poniendo en juego nuestro acceso a la educaci\u00f3n y el acceso a la salud del pueblo argentino\u201d.<\/p>\n<\/blockquote>\n\n\n\n<p><\/p>\n\n\n\n<p>La lectura se vuelve m\u00e1s profunda cuando Mesas se\u00f1ala la tensi\u00f3n hist\u00f3rica entre modelos sanitarios: <strong>\u201cLa salud p\u00fablica busca garantizar un derecho humano. El sistema privado busca aumentar la renta. Ya en eso hay una gran diferencia&#8221;.<\/strong><\/p>\n\n\n\n<p><\/p>\n\n\n\n<p>A partir de ah\u00ed traza una l\u00ednea directa hacia la formaci\u00f3n acad\u00e9mica: \u201csi cambiamos el sistema pero seguimos formando a los mismos profesionales de siempre, no sirve. Son dos transformaciones que se tienen que dar a la par&#8221;.<\/p>\n\n\n\n<p><\/p>\n\n\n\n<blockquote class=\"wp-block-quote is-layout-flow wp-block-quote-is-layout-flow\">\n<p>El encuentro intenta justamente eso: pensar la salud como una estructura integral que va desde la universidad hasta el \u00faltimo eslab\u00f3n comunitario.<\/p>\n<\/blockquote>\n\n\n\n<p><\/p>\n\n\n\n<p>El clima del encuentro se siente desde la entrada. El campus, que en un d\u00eda com\u00fan respira una calma casi rural, hoy parece otra cosa: un hormiguero verde, blanco y multicolor, donde cada grupo ocupa un rinc\u00f3n distinto.&nbsp;<\/p>\n\n\n\n<p><\/p>\n\n\n\n<p>Bajo la sombra de los \u00e1rboles, estudiantes charlan relajados, algunos apoyados en mochilas, otros sosteniendo carpetas donde sobresalen anotadores y biromes. Unos metros m\u00e1s all\u00e1, otro grupo sentado en ronda comparte gaseosas, galletitas y risas espont\u00e1neas. En sus remeras negras y blancas aparecen consignas, mapas, frases y logos que revelan militancias, universidades o agrupaciones.<\/p>\n\n\n\n<p><\/p>\n\n\n\n<p>Alrededor, las carpas blancas alojan las comisiones. Desde afuera se escuchan voces que discuten, preguntas que se levantan, aplausos.\u00a0 En otras carpas, t\u00e9cnicos ajustan parlantes o micr\u00f3fonos. Y en el pasto, gente que camina apurada para no perderse una comisi\u00f3n se mezcla con quienes se tiran a descansar bajo el sol. La sensaci\u00f3n general es clara: el campus nunca vio tanto movimiento junto.<\/p>\n\n\n\n<p><\/p>\n\n\n\n<p><strong>Despu\u00e9s del encuentro: qu\u00e9 queda<\/strong><\/p>\n\n\n\n<p><\/p>\n\n\n\n<p>La potencia de estos encuentros no termina cuando se desarman las carpas. Para Ferraro, el valor est\u00e1 en lo que germina: \u201c<strong>Nos vamos con un mont\u00f3n de preguntas, pero tambi\u00e9n con muchas herramientas para llevar a nuestras facultades. La universidad es un territorio de disputa&#8221;.<\/strong><\/p>\n\n\n\n<p><\/p>\n\n\n\n<blockquote class=\"wp-block-quote is-layout-flow wp-block-quote-is-layout-flow\">\n<p>Budd se\u00f1ala la riqueza de lo compartido: \u201cVamos a conocer experiencias de todo el pa\u00eds. Quiz\u00e1s no tenemos las mismas problem\u00e1ticas, pero atravesamos procesos similares y nos llevamos herramientas para aplicarlas en nuestras casas de estudio&#8221;.<\/p>\n<\/blockquote>\n\n\n\n<p><\/p>\n\n\n\n<p>Mesas, que vive el encuentro desde adentro y desde Olavarr\u00eda, sintetiza una idea que recorre todos los pasillos: \u201c<em>Se va formando un consenso en lo que queremos como sistema de salud, un pensamiento sanitario unificado que sostiene que el Estado debe ser garante del derecho a la salud&#8221;.<\/em><\/p>\n\n\n\n<p><\/p>\n\n\n\n<p>Ese consenso \u2014construido entre militantes, trabajadores, docentes y estudiantes de diferentes provincias\u2014 es, tal vez, la mayor fuerza de estos encuentros: una red que se sostiene m\u00e1s all\u00e1 de coyunturas pol\u00edticas y que sigue creciendo cada a\u00f1o, en cada sede, en cada territorio.<\/p>\n","protected":false},"excerpt":{"rendered":"<p>Olavarr\u00eda se convierte en el punto de encuentro de miles de estudiantes, trabajadores y profesionales de la salud de todo<\/p>\n","protected":false},"author":6,"featured_media":187842,"comment_status":"closed","ping_status":"closed","sticky":false,"template":"","format":"standard","meta":{"_jetpack_memberships_contains_paid_content":false,"footnotes":""},"categories":[5,1],"tags":[],"class_list":["post-187837","post","type-post","status-publish","format-standard","has-post-thumbnail","hentry","category-informacion-general","category-portada"],"jetpack_featured_media_url":"https:\/\/i0.wp.com\/cdnoticias.com\/wp-content\/uploads\/2025\/11\/salud-encuentro-agencia-comunica.png?fit=892%2C591&ssl=1","jetpack_sharing_enabled":true,"_links":{"self":[{"href":"https:\/\/cdnoticias.com\/index.php\/wp-json\/wp\/v2\/posts\/187837","targetHints":{"allow":["GET"]}}],"collection":[{"href":"https:\/\/cdnoticias.com\/index.php\/wp-json\/wp\/v2\/posts"}],"about":[{"href":"https:\/\/cdnoticias.com\/index.php\/wp-json\/wp\/v2\/types\/post"}],"author":[{"embeddable":true,"href":"https:\/\/cdnoticias.com\/index.php\/wp-json\/wp\/v2\/users\/6"}],"replies":[{"embeddable":true,"href":"https:\/\/cdnoticias.com\/index.php\/wp-json\/wp\/v2\/comments?post=187837"}],"version-history":[{"count":0,"href":"https:\/\/cdnoticias.com\/index.php\/wp-json\/wp\/v2\/posts\/187837\/revisions"}],"wp:featuredmedia":[{"embeddable":true,"href":"https:\/\/cdnoticias.com\/index.php\/wp-json\/wp\/v2\/media\/187842"}],"wp:attachment":[{"href":"https:\/\/cdnoticias.com\/index.php\/wp-json\/wp\/v2\/media?parent=187837"}],"wp:term":[{"taxonomy":"category","embeddable":true,"href":"https:\/\/cdnoticias.com\/index.php\/wp-json\/wp\/v2\/categories?post=187837"},{"taxonomy":"post_tag","embeddable":true,"href":"https:\/\/cdnoticias.com\/index.php\/wp-json\/wp\/v2\/tags?post=187837"}],"curies":[{"name":"wp","href":"https:\/\/api.w.org\/{rel}","templated":true}]}}