{"id":187825,"date":"2025-11-14T17:30:01","date_gmt":"2025-11-14T20:30:01","guid":{"rendered":"https:\/\/cdnoticias.com\/?p=187825"},"modified":"2025-11-14T17:30:03","modified_gmt":"2025-11-14T20:30:03","slug":"debido-al-pronostico-de-lluvias-y-tormentas-se-reprogramo-el-festival-holistico","status":"publish","type":"post","link":"https:\/\/cdnoticias.com\/index.php\/2025\/11\/14\/debido-al-pronostico-de-lluvias-y-tormentas-se-reprogramo-el-festival-holistico\/","title":{"rendered":"Debido al pron\u00f3stico de lluvias y tormentas se reprogram\u00f3 el Festival Hol\u00edstico"},"content":{"rendered":"\n<p>Se acord\u00f3 que el Festival Hol\u00edstico se va a realizar el pr\u00f3ximo s\u00e1bado 6 de diciembre, con id\u00e9ntico programa de propuestas.<\/p>\n\n\n\n<hr class=\"wp-block-separator aligncenter has-alpha-channel-opacity\"\/>\n\n\n\n<p>Debido al <strong>alerta \u201camarillo\u201d emitido desde el Servicio Meteorol\u00f3gico Nacional <\/strong>en las \u00faltimas horas, se decidi\u00f3 <strong>suspender el \u201cFestival Hol\u00edstico Encuentro y Bienestar\u201d,<\/strong> que estaba programado para realizarse<strong> este s\u00e1bado en el Parque Helios Eseverri.<\/strong><\/p>\n\n\n\n<p><\/p>\n\n\n\n<p>La decisi\u00f3n fue tomada en la tarde de este viernes, en el marco de un encuentro encabezado desde la Subsecretar\u00eda de Deportes del Municipio, pero con la participaci\u00f3n de funcionarios de Defensa Civil, organizadores y colaboradores.<\/p>\n\n\n\n<p><\/p>\n\n\n\n<blockquote class=\"wp-block-quote is-layout-flow wp-block-quote-is-layout-flow\">\n<p>En ese marco se acord\u00f3 que el Festival Hol\u00edstico se va a realizar el pr\u00f3ximo s\u00e1bado 6 de diciembre, con id\u00e9ntico programa de propuestas.<\/p>\n<\/blockquote>\n\n\n\n<p><\/p>\n\n\n\n<p>Se recuerda que <strong>el Servicio Meteorol\u00f3gico Nacional emiti\u00f3 un alerta \u201camarillo\u201d por tormentas para la tarde y noche de este s\u00e1bado, <\/strong>el cual tiene como \u00e1rea de influencia a Olavarr\u00eda y gran parte del territorio bonaerense, como as\u00ed tambi\u00e9n el centro del pa\u00eds.<\/p>\n\n\n\n<p><\/p>\n\n\n\n<p><em>\u201cEl \u00e1rea ser\u00e1 afectada por lluvias y tormentas de variada intensidad, algunas localmente fuertes. Las mismas podr\u00e1n estar acompa\u00f1adas por abundante ca\u00edda de agua en cortos per\u00edodos, frecuente actividad el\u00e9ctrica, granizo e intensas r\u00e1fagas que puede alcanzar los 90 km\/h. Se prev\u00e9n valores de precipitaci\u00f3n acumulada entre 20 y 50 mm, pudiendo ser superados de manera puntual\u201d, <\/em>se detall\u00f3 desde el SMN.<\/p>\n\n\n\n<p><\/p>\n","protected":false},"excerpt":{"rendered":"<p>Se acord\u00f3 que el Festival Hol\u00edstico se va a realizar el pr\u00f3ximo s\u00e1bado 6 de diciembre, con id\u00e9ntico programa de<\/p>\n","protected":false},"author":6,"featured_media":187647,"comment_status":"closed","ping_status":"closed","sticky":false,"template":"","format":"standard","meta":{"_jetpack_memberships_contains_paid_content":false,"footnotes":""},"categories":[9,1],"tags":[],"class_list":["post-187825","post","type-post","status-publish","format-standard","has-post-thumbnail","hentry","category-cultura","category-portada"],"jetpack_featured_media_url":"https:\/\/i0.wp.com\/cdnoticias.com\/wp-content\/uploads\/2025\/11\/festival-holistico.jpg?fit=876%2C525&ssl=1","jetpack_sharing_enabled":true,"_links":{"self":[{"href":"https:\/\/cdnoticias.com\/index.php\/wp-json\/wp\/v2\/posts\/187825","targetHints":{"allow":["GET"]}}],"collection":[{"href":"https:\/\/cdnoticias.com\/index.php\/wp-json\/wp\/v2\/posts"}],"about":[{"href":"https:\/\/cdnoticias.com\/index.php\/wp-json\/wp\/v2\/types\/post"}],"author":[{"embeddable":true,"href":"https:\/\/cdnoticias.com\/index.php\/wp-json\/wp\/v2\/users\/6"}],"replies":[{"embeddable":true,"href":"https:\/\/cdnoticias.com\/index.php\/wp-json\/wp\/v2\/comments?post=187825"}],"version-history":[{"count":0,"href":"https:\/\/cdnoticias.com\/index.php\/wp-json\/wp\/v2\/posts\/187825\/revisions"}],"wp:featuredmedia":[{"embeddable":true,"href":"https:\/\/cdnoticias.com\/index.php\/wp-json\/wp\/v2\/media\/187647"}],"wp:attachment":[{"href":"https:\/\/cdnoticias.com\/index.php\/wp-json\/wp\/v2\/media?parent=187825"}],"wp:term":[{"taxonomy":"category","embeddable":true,"href":"https:\/\/cdnoticias.com\/index.php\/wp-json\/wp\/v2\/categories?post=187825"},{"taxonomy":"post_tag","embeddable":true,"href":"https:\/\/cdnoticias.com\/index.php\/wp-json\/wp\/v2\/tags?post=187825"}],"curies":[{"name":"wp","href":"https:\/\/api.w.org\/{rel}","templated":true}]}}