{"id":187800,"date":"2025-11-14T16:33:37","date_gmt":"2025-11-14T19:33:37","guid":{"rendered":"https:\/\/cdnoticias.com\/?p=187800"},"modified":"2025-11-14T16:33:38","modified_gmt":"2025-11-14T19:33:38","slug":"roberto-ismael-dirazar-quique-q-e-p-d","status":"publish","type":"post","link":"https:\/\/cdnoticias.com\/index.php\/2025\/11\/14\/roberto-ismael-dirazar-quique-q-e-p-d\/","title":{"rendered":"Roberto Ismael Dirazar \u201cQuique\u201d (Q.E.P.D.)"},"content":{"rendered":"\n<p>Falleci\u00f3 en Olavarr\u00eda el 14 de noviembre de 2025 a los 86 a\u00f1os.&nbsp;<\/p>\n\n\n\n<p>Sus hijos Pablo y Sebastian. Sus hijos pol\u00edticos Claudia y Lucas . Sus nietos Juliana, Martin, Ciro, Karen y Lourdes. Sus nietos pol\u00edticos Matias y Micaela. Sus bisnietos Mia y Keo. Sus hermanos Julio y Angelica; y dem\u00e1s deudos participan de su fallecimiento.<\/p>\n\n\n\n<p>Velatorio: Espa\u00f1a 2942, Departamento &#8220;D&#8221;. Se realizar\u00e1 \u00e9ste s\u00e1bado 15 de 8:00 a 10:30 horas. Responso: Capilla ardiente. Inhumaci\u00f3n: Crematorio Pinos de Paz, d\u00eda y hora a confirmar. Servicio adherido a Coopelectric.&nbsp;<\/p>\n\n\n\n<p>Barrio en el que viv\u00eda: Barrio Luj\u00e1n.<\/p>\n\n\n\n<p>Lugar de nacimiento:&nbsp; Olavarr\u00eda.<\/p>\n\n\n\n<p>Actividad que desarrollaba:&nbsp; Jubilado.<\/p>\n","protected":false},"excerpt":{"rendered":"<p>Falleci\u00f3 en Olavarr\u00eda el 14 de noviembre de 2025 a los 86 a\u00f1os.&nbsp; Sus hijos Pablo y Sebastian. Sus hijos<\/p>\n","protected":false},"author":6,"featured_media":100390,"comment_status":"closed","ping_status":"closed","sticky":false,"template":"","format":"standard","meta":{"_jetpack_memberships_contains_paid_content":false,"footnotes":""},"categories":[10],"tags":[],"class_list":["post-187800","post","type-post","status-publish","format-standard","has-post-thumbnail","hentry","category-necrologicas"],"jetpack_featured_media_url":"https:\/\/i0.wp.com\/cdnoticias.com\/wp-content\/uploads\/2023\/10\/necrologicas-390-x-240.jpg?fit=390%2C240&ssl=1","jetpack_sharing_enabled":true,"_links":{"self":[{"href":"https:\/\/cdnoticias.com\/index.php\/wp-json\/wp\/v2\/posts\/187800","targetHints":{"allow":["GET"]}}],"collection":[{"href":"https:\/\/cdnoticias.com\/index.php\/wp-json\/wp\/v2\/posts"}],"about":[{"href":"https:\/\/cdnoticias.com\/index.php\/wp-json\/wp\/v2\/types\/post"}],"author":[{"embeddable":true,"href":"https:\/\/cdnoticias.com\/index.php\/wp-json\/wp\/v2\/users\/6"}],"replies":[{"embeddable":true,"href":"https:\/\/cdnoticias.com\/index.php\/wp-json\/wp\/v2\/comments?post=187800"}],"version-history":[{"count":0,"href":"https:\/\/cdnoticias.com\/index.php\/wp-json\/wp\/v2\/posts\/187800\/revisions"}],"wp:featuredmedia":[{"embeddable":true,"href":"https:\/\/cdnoticias.com\/index.php\/wp-json\/wp\/v2\/media\/100390"}],"wp:attachment":[{"href":"https:\/\/cdnoticias.com\/index.php\/wp-json\/wp\/v2\/media?parent=187800"}],"wp:term":[{"taxonomy":"category","embeddable":true,"href":"https:\/\/cdnoticias.com\/index.php\/wp-json\/wp\/v2\/categories?post=187800"},{"taxonomy":"post_tag","embeddable":true,"href":"https:\/\/cdnoticias.com\/index.php\/wp-json\/wp\/v2\/tags?post=187800"}],"curies":[{"name":"wp","href":"https:\/\/api.w.org\/{rel}","templated":true}]}}