{"id":187790,"date":"2025-11-14T16:05:28","date_gmt":"2025-11-14T19:05:28","guid":{"rendered":"https:\/\/cdnoticias.com\/?p=187790"},"modified":"2025-11-14T17:00:28","modified_gmt":"2025-11-14T20:00:28","slug":"crean-un-programa-con-subsidios-para-ayudar-a-victimas-de-violencia-de-genero","status":"publish","type":"post","link":"https:\/\/cdnoticias.com\/index.php\/2025\/11\/14\/crean-un-programa-con-subsidios-para-ayudar-a-victimas-de-violencia-de-genero\/","title":{"rendered":"Crean un programa con subsidios para ayudar a v\u00edctimas de violencia de g\u00e9nero"},"content":{"rendered":"<p>La iniciativa del Gobierno de Axel Kicillof busca asistir con fondos a las v\u00edctimas durante el proceso de salida de la situaci\u00f3n de violencia de g\u00e9nero.<!--more--><\/p>\n<hr \/>\n<p>El <strong>Gobierno de la provincia de Buenos Aires<\/strong> cre\u00f3 el <strong>Programa de Fortalecimiento para la Salida de las Violencias de G\u00e9nero<\/strong>, una <strong>iniciativa destinada a acompa\u00f1ar a mujeres y personas LGBTIQ+ que se encuentren en situaci\u00f3n de violencia de g\u00e9nero<\/strong>. La medida establece un <strong>acompa\u00f1amiento especializado<\/strong> junto con una<strong> asistencia econ\u00f3mica directa de $138.000 mensuales<\/strong> durante <strong>hasta seis meses<\/strong>.<\/p>\n<blockquote><p>Seg\u00fan el texto de la norma publicada este jueves en el Bolet\u00edn Oficial, el programa busca \u201cfortalecer los procesos de salida de las violencias de g\u00e9nero de mujeres y LGBTIQ+ en riesgo acreditado por violencia de g\u00e9nero\u201d. Para eso, el Ministerio de Mujeres, junto a los municipios, van a brindar \u201cacompa\u00f1amiento especializado\u201d y tambi\u00e9n una \u201casistencia econ\u00f3mica directa\u201d a las personas alcanzadas.<\/p><\/blockquote>\n<p>En cuanto a la asistencia econ\u00f3mica, se inform\u00f3 que <strong>se otorgar\u00e1 por \u00fanica vez y de manera excepcional<\/strong>, pudiendo interrumpirse si dejan de cumplirse los requisitos de ingreso o permanencia.<\/p>\n<p>El decreto tambi\u00e9n incorpora al nuevo programa dentro del<strong> Sistema Integrado de Pol\u00edticas P\u00fablicas Contra las Violencias por Razones de G\u00e9nero (SIPP)<\/strong>, sum\u00e1ndolo a los dispositivos y herramientas ya existentes, como la l\u00ednea 144, las Mesas Intersectoriales, la Red de Dispositivos Territoriales de Protecci\u00f3n Integral y el Registro \u00danico de Casos de Violencia de G\u00e9nero.<\/p>\n<p>El Ministerio de Mujeres y Diversidad, que lidera Estela D\u00edaz, deber\u00e1 <strong>informar mensualmente las liquidaciones del programa a la cartera de Econom\u00eda<\/strong>, que intervendr\u00e1 tambi\u00e9n en la eventual actualizaci\u00f3n del monto de asistencia. Los gastos ser\u00e1n cubiertos con<strong> partidas presupuestarias del ministerio<\/strong>, que podr\u00e1 solicitar adecuaciones para asegurar el cumplimiento de los objetivos.<\/p>\n<p>Fuente: <em>Agencia DIB<\/em><\/p>\n","protected":false},"excerpt":{"rendered":"<p>La iniciativa del Gobierno de Axel Kicillof busca asistir con fondos a las v\u00edctimas durante el proceso de salida de<\/p>\n","protected":false},"author":4,"featured_media":187791,"comment_status":"closed","ping_status":"closed","sticky":false,"template":"","format":"standard","meta":{"_jetpack_memberships_contains_paid_content":false,"footnotes":""},"categories":[3,1],"tags":[],"class_list":["post-187790","post","type-post","status-publish","format-standard","has-post-thumbnail","hentry","category-genero","category-portada"],"jetpack_featured_media_url":"https:\/\/i0.wp.com\/cdnoticias.com\/wp-content\/uploads\/2025\/11\/axel-kicillof-estela-diaz.jpg?fit=800%2C445&ssl=1","jetpack_sharing_enabled":true,"_links":{"self":[{"href":"https:\/\/cdnoticias.com\/index.php\/wp-json\/wp\/v2\/posts\/187790","targetHints":{"allow":["GET"]}}],"collection":[{"href":"https:\/\/cdnoticias.com\/index.php\/wp-json\/wp\/v2\/posts"}],"about":[{"href":"https:\/\/cdnoticias.com\/index.php\/wp-json\/wp\/v2\/types\/post"}],"author":[{"embeddable":true,"href":"https:\/\/cdnoticias.com\/index.php\/wp-json\/wp\/v2\/users\/4"}],"replies":[{"embeddable":true,"href":"https:\/\/cdnoticias.com\/index.php\/wp-json\/wp\/v2\/comments?post=187790"}],"version-history":[{"count":0,"href":"https:\/\/cdnoticias.com\/index.php\/wp-json\/wp\/v2\/posts\/187790\/revisions"}],"wp:featuredmedia":[{"embeddable":true,"href":"https:\/\/cdnoticias.com\/index.php\/wp-json\/wp\/v2\/media\/187791"}],"wp:attachment":[{"href":"https:\/\/cdnoticias.com\/index.php\/wp-json\/wp\/v2\/media?parent=187790"}],"wp:term":[{"taxonomy":"category","embeddable":true,"href":"https:\/\/cdnoticias.com\/index.php\/wp-json\/wp\/v2\/categories?post=187790"},{"taxonomy":"post_tag","embeddable":true,"href":"https:\/\/cdnoticias.com\/index.php\/wp-json\/wp\/v2\/tags?post=187790"}],"curies":[{"name":"wp","href":"https:\/\/api.w.org\/{rel}","templated":true}]}}