{"id":18779,"date":"2021-04-14T08:17:25","date_gmt":"2021-04-14T11:17:25","guid":{"rendered":"http:\/\/www.centraldenoticias.com.ar\/?p=18779"},"modified":"2021-04-14T08:17:25","modified_gmt":"2021-04-14T11:17:25","slug":"amalia-saira-molaheb-viuda-de-fernandez-q-e-p-d","status":"publish","type":"post","link":"https:\/\/cdnoticias.com\/index.php\/2021\/04\/14\/amalia-saira-molaheb-viuda-de-fernandez-q-e-p-d\/","title":{"rendered":"Amalia Saira Molaheb viuda de Fernandez (Q.E.P.D.)"},"content":{"rendered":"<p>Falleci\u00f3 en Olavarr\u00eda el d\u00eda 13 de abril de 2021 a los 88 a\u00f1os de edad.<\/p>\n<p>Su hija Marcela. Sus hijos pol\u00edticos. Sus nietos. Sus hijos del coraz\u00f3n. Sus nietos del coraz\u00f3n. Sus hermanas. Sus sobrinos y dem\u00e1s deudos participan su fallecimiento.<\/p>\n<p>Sin velatorio. Responso: Cementerio Loma de Paz. Inhumaci\u00f3n: Cementerio Loma de Paz, mi\u00e9rcoles 14 de abril a las 13:30 horas. Servicio adherido a Coopelectric.<\/p>\n<p>Vecina de Microcentro.<\/p>\n<p>Nacida en Espigas.<\/p>\n<p>Jubilada docente. Ex directora de la Escuela de Blanca Grande.<\/p>\n","protected":false},"excerpt":{"rendered":"<p>Falleci\u00f3 en Olavarr\u00eda el d\u00eda 13 de abril de 2021 a los 88 a\u00f1os de edad. Su hija Marcela. Sus<\/p>\n","protected":false},"author":4,"featured_media":0,"comment_status":"closed","ping_status":"closed","sticky":false,"template":"","format":"standard","meta":{"_jetpack_memberships_contains_paid_content":false,"footnotes":""},"categories":[10],"tags":[],"class_list":["post-18779","post","type-post","status-publish","format-standard","hentry","category-necrologicas"],"jetpack_featured_media_url":"","jetpack_sharing_enabled":true,"_links":{"self":[{"href":"https:\/\/cdnoticias.com\/index.php\/wp-json\/wp\/v2\/posts\/18779","targetHints":{"allow":["GET"]}}],"collection":[{"href":"https:\/\/cdnoticias.com\/index.php\/wp-json\/wp\/v2\/posts"}],"about":[{"href":"https:\/\/cdnoticias.com\/index.php\/wp-json\/wp\/v2\/types\/post"}],"author":[{"embeddable":true,"href":"https:\/\/cdnoticias.com\/index.php\/wp-json\/wp\/v2\/users\/4"}],"replies":[{"embeddable":true,"href":"https:\/\/cdnoticias.com\/index.php\/wp-json\/wp\/v2\/comments?post=18779"}],"version-history":[{"count":0,"href":"https:\/\/cdnoticias.com\/index.php\/wp-json\/wp\/v2\/posts\/18779\/revisions"}],"wp:attachment":[{"href":"https:\/\/cdnoticias.com\/index.php\/wp-json\/wp\/v2\/media?parent=18779"}],"wp:term":[{"taxonomy":"category","embeddable":true,"href":"https:\/\/cdnoticias.com\/index.php\/wp-json\/wp\/v2\/categories?post=18779"},{"taxonomy":"post_tag","embeddable":true,"href":"https:\/\/cdnoticias.com\/index.php\/wp-json\/wp\/v2\/tags?post=18779"}],"curies":[{"name":"wp","href":"https:\/\/api.w.org\/{rel}","templated":true}]}}