{"id":187783,"date":"2025-11-14T12:21:42","date_gmt":"2025-11-14T15:21:42","guid":{"rendered":"https:\/\/cdnoticias.com\/?p=187783"},"modified":"2025-11-14T16:30:50","modified_gmt":"2025-11-14T19:30:50","slug":"concejales-de-por-mas-libertad-con-funcionarios-del-ministerio-de-seguridad-nacional","status":"publish","type":"post","link":"https:\/\/cdnoticias.com\/index.php\/2025\/11\/14\/concejales-de-por-mas-libertad-con-funcionarios-del-ministerio-de-seguridad-nacional\/","title":{"rendered":"Concejales de Por M\u00e1s Libertad, con funcionarios del Ministerio de Seguridad Nacional"},"content":{"rendered":"<p>Fueron invitados al lanzamiento de un programa federal en el marco de la declaraci\u00f3n de emergencia en seguridad en el HCD de Olavarr\u00eda. Qui\u00e9nes estuvieron.<!--more--><\/p>\n<hr \/>\n<p>En el<strong> marco de la Emergencia en Seguridad declarada por el Concejo Deliberante de Olavarr\u00eda,<\/strong><a href=\"https:\/\/cdnoticias.com\/index.php\/2025\/10\/23\/el-hcd-aprobo-la-emergencia-en-seguridad-mas-facultades-al-ejecutivo\/\" target=\"_blank\" rel=\"noopener\"> mediante ordenanza 5.700\/25<\/a>, <strong>concejales libertarios de la S\u00e9ptima Secci\u00f3n electoral<\/strong> electos recientemente, y en funciones, fueron<strong> invitados a participar del lanzamiento del Programa Federal de Cl\u00ednicas de Seguridad Ciudadana<\/strong>.<\/p>\n<p>La reuni\u00f3n se realiz\u00f3 en la <strong>sede del Ministerio que encabeza Patricia Bullrich<\/strong>. Por Olavarr\u00eda asistieron los <strong>concejales Mariela Casamayor y Marcelo Petehs (bloque Por M\u00e1s Libertad)<\/strong>, junto a <strong>Daiana Musa -coordinadora seccional de la agrupaci\u00f3n La P\u00farpura<\/strong>&#8211; y la <strong>dirigente y funcionaria del ministerio mencionado, Andrea Coronel.<\/strong><\/p>\n<p>Participaron tambi\u00e9n<em> dirigentes libertarios de Tapalqu\u00e9, Alvear, Bol\u00edvar y Saladillo.<\/em><\/p>\n<p><img data-recalc-dims=\"1\" loading=\"lazy\" decoding=\"async\" class=\"alignnone size-full wp-image-187788 aligncenter\" src=\"https:\/\/i0.wp.com\/cdnoticias.com\/wp-content\/uploads\/2025\/11\/ministerio-de-seguridad-por-mas-libertad-HCD-02.jpg?resize=800%2C445&#038;ssl=1\" alt=\"\" width=\"800\" height=\"445\" srcset=\"https:\/\/i0.wp.com\/cdnoticias.com\/wp-content\/uploads\/2025\/11\/ministerio-de-seguridad-por-mas-libertad-HCD-02.jpg?w=1000&amp;ssl=1 1000w, https:\/\/i0.wp.com\/cdnoticias.com\/wp-content\/uploads\/2025\/11\/ministerio-de-seguridad-por-mas-libertad-HCD-02.jpg?resize=300%2C167&amp;ssl=1 300w, https:\/\/i0.wp.com\/cdnoticias.com\/wp-content\/uploads\/2025\/11\/ministerio-de-seguridad-por-mas-libertad-HCD-02.jpg?resize=768%2C427&amp;ssl=1 768w, https:\/\/i0.wp.com\/cdnoticias.com\/wp-content\/uploads\/2025\/11\/ministerio-de-seguridad-por-mas-libertad-HCD-02.jpg?resize=800%2C445&amp;ssl=1 800w\" sizes=\"auto, (max-width: 800px) 100vw, 800px\" \/><\/p>\n<p>Se inform\u00f3 que dentro de las actividades \u201cmantuvieron una <strong>reuni\u00f3n con el Director de Fronteras e Hidrov\u00edas del Ministerio de Seguridad Nacional, Gustavo Ferragut<\/strong>, y con el <strong>Dr. Carlos Alvarez Director de Infraestructuras Seguras del Ministerio Seguridad Nacional (Programa Tribuna segura)<\/strong>, quienes brindaron informaci\u00f3n de la tarea desarrollada a pedido del presidente Javier Milei en materia de<strong> prevenci\u00f3n de delitos contra el narcotr\u00e1fico en fronteras y detecci\u00f3n de personas procesadas o con pedido de detenci\u00f3n<\/strong>\u201d.<\/p>\n<blockquote><p>Luego participaron de la \u201cpresentaci\u00f3n del Programa Federal de Cl\u00ednicas y Seguridad Ciudadana, que busca fortalecer los v\u00ednculos con los vecinos para construir capital c\u00edvico para prevenir delitos, mediante herramientas de gesti\u00f3n comunitarias como talleres, reuniones vecinales y planes de acci\u00f3n concreto, siguiendo la misiva de nuestro Presidente Javier Milei quien manifest\u00f3 en varias oportunidades que \u00b4no puede haber Libertad sin Seguridad\u00b4\u201d.<\/p><\/blockquote>\n<p>Dicha presentaci\u00f3n estuvo a cargo de <strong>Silvina Valdevenito Directora de Seguridad Ciudadana Ministerio Seguridad y la Lic. Andrea Escribano, Secretaria del \u00e1rea<\/strong>.<\/p>\n<p><img data-recalc-dims=\"1\" loading=\"lazy\" decoding=\"async\" class=\"alignnone size-full wp-image-187787 aligncenter\" src=\"https:\/\/i0.wp.com\/cdnoticias.com\/wp-content\/uploads\/2025\/11\/ministerio-de-seguridad-por-mas-libertad-HCD-01.jpg?resize=800%2C622&#038;ssl=1\" alt=\"\" width=\"800\" height=\"622\" srcset=\"https:\/\/i0.wp.com\/cdnoticias.com\/wp-content\/uploads\/2025\/11\/ministerio-de-seguridad-por-mas-libertad-HCD-01.jpg?w=1000&amp;ssl=1 1000w, https:\/\/i0.wp.com\/cdnoticias.com\/wp-content\/uploads\/2025\/11\/ministerio-de-seguridad-por-mas-libertad-HCD-01.jpg?resize=300%2C233&amp;ssl=1 300w, https:\/\/i0.wp.com\/cdnoticias.com\/wp-content\/uploads\/2025\/11\/ministerio-de-seguridad-por-mas-libertad-HCD-01.jpg?resize=768%2C597&amp;ssl=1 768w\" sizes=\"auto, (max-width: 800px) 100vw, 800px\" \/><\/p>\n<p>El evento cont\u00f3 con la presencia de la <strong>Diputada provincial LLA Florencia Retamoso<\/strong>, quien acompa\u00f1\u00f3 todo el proceso de gestaci\u00f3n de dicho programa.<\/p>\n<blockquote><p>\u201cEstas herramientas disponibles a trav\u00e9s del Ministerio de Seguridad Nacional ser\u00e1n puestas a disposici\u00f3n del Ejecutivo Municipal y de todos los vecinos de Olavarr\u00eda, en busca de mejorar la seguridad en nuestra ciudad\u201d se destac\u00f3.<\/p><\/blockquote>\n","protected":false},"excerpt":{"rendered":"<p>Fueron invitados al lanzamiento de un programa federal en el marco de la declaraci\u00f3n de emergencia en seguridad en el<\/p>\n","protected":false},"author":4,"featured_media":187786,"comment_status":"closed","ping_status":"closed","sticky":false,"template":"","format":"standard","meta":{"_jetpack_memberships_contains_paid_content":false,"footnotes":""},"categories":[4,1],"tags":[],"class_list":["post-187783","post","type-post","status-publish","format-standard","has-post-thumbnail","hentry","category-politica","category-portada"],"jetpack_featured_media_url":"https:\/\/i0.wp.com\/cdnoticias.com\/wp-content\/uploads\/2025\/11\/ministerio-de-seguridad-por-mas-libertad-HCD-00.jpg?fit=1000%2C557&ssl=1","jetpack_sharing_enabled":true,"_links":{"self":[{"href":"https:\/\/cdnoticias.com\/index.php\/wp-json\/wp\/v2\/posts\/187783","targetHints":{"allow":["GET"]}}],"collection":[{"href":"https:\/\/cdnoticias.com\/index.php\/wp-json\/wp\/v2\/posts"}],"about":[{"href":"https:\/\/cdnoticias.com\/index.php\/wp-json\/wp\/v2\/types\/post"}],"author":[{"embeddable":true,"href":"https:\/\/cdnoticias.com\/index.php\/wp-json\/wp\/v2\/users\/4"}],"replies":[{"embeddable":true,"href":"https:\/\/cdnoticias.com\/index.php\/wp-json\/wp\/v2\/comments?post=187783"}],"version-history":[{"count":0,"href":"https:\/\/cdnoticias.com\/index.php\/wp-json\/wp\/v2\/posts\/187783\/revisions"}],"wp:featuredmedia":[{"embeddable":true,"href":"https:\/\/cdnoticias.com\/index.php\/wp-json\/wp\/v2\/media\/187786"}],"wp:attachment":[{"href":"https:\/\/cdnoticias.com\/index.php\/wp-json\/wp\/v2\/media?parent=187783"}],"wp:term":[{"taxonomy":"category","embeddable":true,"href":"https:\/\/cdnoticias.com\/index.php\/wp-json\/wp\/v2\/categories?post=187783"},{"taxonomy":"post_tag","embeddable":true,"href":"https:\/\/cdnoticias.com\/index.php\/wp-json\/wp\/v2\/tags?post=187783"}],"curies":[{"name":"wp","href":"https:\/\/api.w.org\/{rel}","templated":true}]}}