{"id":187782,"date":"2025-11-14T18:00:39","date_gmt":"2025-11-14T21:00:39","guid":{"rendered":"https:\/\/cdnoticias.com\/?p=187782"},"modified":"2025-11-14T18:00:40","modified_gmt":"2025-11-14T21:00:40","slug":"se-reprograma-aventura-con-historia-atardecer-entre-cerros","status":"publish","type":"post","link":"https:\/\/cdnoticias.com\/index.php\/2025\/11\/14\/se-reprograma-aventura-con-historia-atardecer-entre-cerros\/","title":{"rendered":"Se reprograma \u201cAventura con historia: Atardecer entre Cerros\u201d"},"content":{"rendered":"\n<p>La actividad, organizada por la Secretar\u00eda de Desarrollo Econ\u00f3mico y Productivo, cambia de fecha por pron\u00f3stico de lluvias. Estaba prevista inicialmente para este s\u00e1bado 15.<\/p>\n\n\n\n<hr class=\"wp-block-separator has-alpha-channel-opacity\"\/>\n\n\n\n<p>El Municipio de Olavarr\u00eda inform\u00f3 que la jornada de senderismo<strong> \u201cAventura con historia: Atardecer entre Cerros\u201d <\/strong>fue reprogramada para el <strong>s\u00e1bado 29 de noviembre.<\/strong><\/p>\n\n\n\n<p><\/p>\n\n\n\n<p>La decisi\u00f3n responde al <a href=\"https:\/\/cdnoticias.com\/index.php\/2025\/11\/14\/alerta-amarilla-por-tormentas-para-la-tarde-y-noche-del-sabado-en-olavarria\/\" data-type=\"link\" data-id=\"https:\/\/cdnoticias.com\/index.php\/2025\/11\/14\/alerta-amarilla-por-tormentas-para-la-tarde-y-noche-del-sabado-en-olavarria\/\" target=\"_blank\" rel=\"noreferrer noopener\">pron\u00f3stico de lluvias y tormentas emitido por el Servicio Meteorol\u00f3gico Nacional<\/a>.<\/p>\n\n\n\n<p><\/p>\n\n\n\n<p>La actividad, organizada por la Secretar\u00eda de Desarrollo Econ\u00f3mico y Productivo, hab\u00eda sido anunciada para este s\u00e1bado 15 de noviembre y <strong>se traslada manteniendo sus caracter\u00edsticas originales.<\/strong><\/p>\n\n\n\n<p><\/p>\n","protected":false},"excerpt":{"rendered":"<p>La actividad, organizada por la Secretar\u00eda de Desarrollo Econ\u00f3mico y Productivo, cambia de fecha por pron\u00f3stico de lluvias. Estaba prevista<\/p>\n","protected":false},"author":5,"featured_media":187784,"comment_status":"closed","ping_status":"closed","sticky":false,"template":"","format":"standard","meta":{"_jetpack_memberships_contains_paid_content":false,"footnotes":""},"categories":[9,1],"tags":[],"class_list":["post-187782","post","type-post","status-publish","format-standard","has-post-thumbnail","hentry","category-cultura","category-portada"],"jetpack_featured_media_url":"https:\/\/i0.wp.com\/cdnoticias.com\/wp-content\/uploads\/2025\/11\/suspension-actividad.png?fit=800%2C445&ssl=1","jetpack_sharing_enabled":true,"_links":{"self":[{"href":"https:\/\/cdnoticias.com\/index.php\/wp-json\/wp\/v2\/posts\/187782","targetHints":{"allow":["GET"]}}],"collection":[{"href":"https:\/\/cdnoticias.com\/index.php\/wp-json\/wp\/v2\/posts"}],"about":[{"href":"https:\/\/cdnoticias.com\/index.php\/wp-json\/wp\/v2\/types\/post"}],"author":[{"embeddable":true,"href":"https:\/\/cdnoticias.com\/index.php\/wp-json\/wp\/v2\/users\/5"}],"replies":[{"embeddable":true,"href":"https:\/\/cdnoticias.com\/index.php\/wp-json\/wp\/v2\/comments?post=187782"}],"version-history":[{"count":0,"href":"https:\/\/cdnoticias.com\/index.php\/wp-json\/wp\/v2\/posts\/187782\/revisions"}],"wp:featuredmedia":[{"embeddable":true,"href":"https:\/\/cdnoticias.com\/index.php\/wp-json\/wp\/v2\/media\/187784"}],"wp:attachment":[{"href":"https:\/\/cdnoticias.com\/index.php\/wp-json\/wp\/v2\/media?parent=187782"}],"wp:term":[{"taxonomy":"category","embeddable":true,"href":"https:\/\/cdnoticias.com\/index.php\/wp-json\/wp\/v2\/categories?post=187782"},{"taxonomy":"post_tag","embeddable":true,"href":"https:\/\/cdnoticias.com\/index.php\/wp-json\/wp\/v2\/tags?post=187782"}],"curies":[{"name":"wp","href":"https:\/\/api.w.org\/{rel}","templated":true}]}}