{"id":187775,"date":"2025-11-14T11:26:23","date_gmt":"2025-11-14T14:26:23","guid":{"rendered":"https:\/\/cdnoticias.com\/?p=187775"},"modified":"2025-11-14T11:26:25","modified_gmt":"2025-11-14T14:26:25","slug":"por-el-pronostico-de-tormentas-reprogramaron-la-noche-de-los-museos","status":"publish","type":"post","link":"https:\/\/cdnoticias.com\/index.php\/2025\/11\/14\/por-el-pronostico-de-tormentas-reprogramaron-la-noche-de-los-museos\/","title":{"rendered":"Por el pron\u00f3stico de tormentas, reprogramaron la Noche de los Museos"},"content":{"rendered":"\n<p>El Municipio decidi\u00f3 postergar la actividad prevista para este s\u00e1bado. La nueva fecha ser\u00e1 el viernes 21 de noviembre, seg\u00fan informaron desde Cultura.<\/p>\n\n\n\n<hr class=\"wp-block-separator has-alpha-channel-opacity\"\/>\n\n\n\n<p>El Municipio de Olavarr\u00eda anunci\u00f3 la <strong>reprogramaci\u00f3n de la Noche de los Museos<\/strong>, prevista para este s\u00e1bado en distintos espacios culturales del Partido. La decisi\u00f3n se tom\u00f3 a partir del <strong>pron\u00f3stico de lluvias y tormentas emitido por el Servicio Meteorol\u00f3gico Nacional.<\/strong><\/p>\n\n\n\n<p><\/p>\n\n\n\n<p>Desde la Subsecretar\u00eda de Cultura se inform\u00f3 que<strong> la actividad se concretar\u00e1 el pr\u00f3ximo viernes 21 de noviembre.<\/strong><\/p>\n\n\n\n<p><\/p>\n\n\n\n<p>Por otra parte, indicaron que <strong>los Museos Municipales abrir\u00e1n sus puertas este fin de semana, s\u00e1bado 15 y domingo 16 de noviembre<\/strong>, de 15 a 18 horas en su horario habitual.<\/p>\n\n\n\n<p><\/p>\n\n\n\n<figure class=\"wp-block-embed is-type-wp-embed is-provider-central-de-noticias-olavarr-a wp-block-embed-central-de-noticias-olavarr-a\"><div class=\"wp-block-embed__wrapper\">\n<blockquote class=\"wp-embedded-content\" data-secret=\"OO0XqhqJGx\"><a href=\"https:\/\/cdnoticias.com\/index.php\/2025\/11\/14\/alerta-amarilla-por-tormentas-para-la-tarde-y-noche-del-sabado-en-olavarria\/\">Alerta amarilla por tormentas para la tarde y noche del s\u00e1bado en Olavarr\u00eda<\/a><\/blockquote><iframe loading=\"lazy\" class=\"wp-embedded-content\" sandbox=\"allow-scripts\" security=\"restricted\" style=\"position: absolute; visibility: hidden;\" title=\"&#8220;Alerta amarilla por tormentas para la tarde y noche del s\u00e1bado en Olavarr\u00eda&#8221; &#8212; Central de Noticias | Olavarr\u00eda\" src=\"https:\/\/cdnoticias.com\/index.php\/2025\/11\/14\/alerta-amarilla-por-tormentas-para-la-tarde-y-noche-del-sabado-en-olavarria\/embed\/#?secret=IhoeWGo2l9#?secret=OO0XqhqJGx\" data-secret=\"OO0XqhqJGx\" width=\"600\" height=\"338\" frameborder=\"0\" marginwidth=\"0\" marginheight=\"0\" scrolling=\"no\"><\/iframe>\n<\/div><\/figure>\n","protected":false},"excerpt":{"rendered":"<p>El Municipio decidi\u00f3 postergar la actividad prevista para este s\u00e1bado. La nueva fecha ser\u00e1 el viernes 21 de noviembre, seg\u00fan<\/p>\n","protected":false},"author":5,"featured_media":50370,"comment_status":"closed","ping_status":"closed","sticky":false,"template":"","format":"standard","meta":{"_jetpack_memberships_contains_paid_content":false,"footnotes":""},"categories":[9,1],"tags":[],"class_list":["post-187775","post","type-post","status-publish","format-standard","has-post-thumbnail","hentry","category-cultura","category-portada"],"jetpack_featured_media_url":"https:\/\/i0.wp.com\/cdnoticias.com\/wp-content\/uploads\/2022\/03\/Museo-Damaso-Arce-Drone.jpg?fit=800%2C445&ssl=1","jetpack_sharing_enabled":true,"_links":{"self":[{"href":"https:\/\/cdnoticias.com\/index.php\/wp-json\/wp\/v2\/posts\/187775","targetHints":{"allow":["GET"]}}],"collection":[{"href":"https:\/\/cdnoticias.com\/index.php\/wp-json\/wp\/v2\/posts"}],"about":[{"href":"https:\/\/cdnoticias.com\/index.php\/wp-json\/wp\/v2\/types\/post"}],"author":[{"embeddable":true,"href":"https:\/\/cdnoticias.com\/index.php\/wp-json\/wp\/v2\/users\/5"}],"replies":[{"embeddable":true,"href":"https:\/\/cdnoticias.com\/index.php\/wp-json\/wp\/v2\/comments?post=187775"}],"version-history":[{"count":0,"href":"https:\/\/cdnoticias.com\/index.php\/wp-json\/wp\/v2\/posts\/187775\/revisions"}],"wp:featuredmedia":[{"embeddable":true,"href":"https:\/\/cdnoticias.com\/index.php\/wp-json\/wp\/v2\/media\/50370"}],"wp:attachment":[{"href":"https:\/\/cdnoticias.com\/index.php\/wp-json\/wp\/v2\/media?parent=187775"}],"wp:term":[{"taxonomy":"category","embeddable":true,"href":"https:\/\/cdnoticias.com\/index.php\/wp-json\/wp\/v2\/categories?post=187775"},{"taxonomy":"post_tag","embeddable":true,"href":"https:\/\/cdnoticias.com\/index.php\/wp-json\/wp\/v2\/tags?post=187775"}],"curies":[{"name":"wp","href":"https:\/\/api.w.org\/{rel}","templated":true}]}}