{"id":18777,"date":"2021-04-13T22:00:19","date_gmt":"2021-04-14T01:00:19","guid":{"rendered":"http:\/\/www.centraldenoticias.com.ar\/?p=18777"},"modified":"2021-04-14T09:09:06","modified_gmt":"2021-04-14T12:09:06","slug":"este-miercoles-llegaran-1200-dosis-de-sputnik-v-a-olavarria","status":"publish","type":"post","link":"https:\/\/cdnoticias.com\/index.php\/2021\/04\/13\/este-miercoles-llegaran-1200-dosis-de-sputnik-v-a-olavarria\/","title":{"rendered":"Este mi\u00e9rcoles llegar\u00e1n 1200 dosis de Sputnik V a Olavarr\u00eda"},"content":{"rendered":"<p>As\u00ed fue narrado desde Regi\u00f3n Sanitaria en la noche de este martes. Ser\u00e1n destinadas a personas mayores de 70 a\u00f1os.<!--more--><\/p>\n<hr \/>\n<p>Sobre el cierre de la jornada de este martes se conoci\u00f3 que <strong>en las pr\u00f3ximas horas llegar\u00e1n a Olavarria 1200 dosis de la vacuna contra el Covid19 Sputnik V.<\/strong><\/p>\n<p>&nbsp;<\/p>\n<p>La novedad fue dada a conocer desde Regi\u00f3n Sanitaria IX, <strong>desde donde se precis\u00f3 que el arribo ser\u00e1 este mi\u00e9rcoles.<\/strong><\/p>\n<p>&nbsp;<\/p>\n<p>El total de primeras dosis ser\u00e1n destinadas al \u201cServicio Territorial 2\u201d y <strong>estar\u00e1n dirigidas a personas mayores de 70 a\u00f1os.<\/strong><\/p>\n<p>&nbsp;<\/p>\n<p><img data-recalc-dims=\"1\" loading=\"lazy\" decoding=\"async\" class=\"alignnone size-full wp-image-18462\" src=\"https:\/\/i0.wp.com\/cdnoticias.com\/wp-content\/uploads\/2021\/04\/WhatsApp-Image-2021-04-09-at-20.49.57.jpeg?resize=800%2C530&#038;ssl=1\" alt=\"\" width=\"800\" height=\"530\" srcset=\"https:\/\/i0.wp.com\/cdnoticias.com\/wp-content\/uploads\/2021\/04\/WhatsApp-Image-2021-04-09-at-20.49.57.jpeg?w=960&amp;ssl=1 960w, https:\/\/i0.wp.com\/cdnoticias.com\/wp-content\/uploads\/2021\/04\/WhatsApp-Image-2021-04-09-at-20.49.57.jpeg?resize=300%2C199&amp;ssl=1 300w, https:\/\/i0.wp.com\/cdnoticias.com\/wp-content\/uploads\/2021\/04\/WhatsApp-Image-2021-04-09-at-20.49.57.jpeg?resize=768%2C509&amp;ssl=1 768w\" sizes=\"auto, (max-width: 800px) 100vw, 800px\" \/><\/p>\n<p><strong>La vacunaci\u00f3n es \u00fanicamente por turnos<\/strong> por lo que se le pide a la comunidad que est\u00e9n atentos a los mensajes con la notificaci\u00f3n del d\u00eda y horario para aplicarse la dosis correspondiente.<\/p>\n<p>&nbsp;<\/p>\n<p>Todos los interesados en acceder al plan provincial de vacunaci\u00f3n contra el coronavirus, que es p\u00fablico, gratuito y optativo, pueden sacar turno de manera virtual entrando en la p\u00e1gina <a href=\"https:\/\/vacunatepba.gba.gob.ar\/\" target=\"_blank\" rel=\"noopener\">Vacunate<\/a> o <strong>de forma presencial en ANSES, IOMA, PAMI, Ministerio de trabajo, Centro de Documentaci\u00f3n R\u00e1pida, entre otros<\/strong>.<\/p>\n","protected":false},"excerpt":{"rendered":"<p>As\u00ed fue narrado desde Regi\u00f3n Sanitaria en la noche de este martes. Ser\u00e1n destinadas a personas mayores de 70 a\u00f1os.<\/p>\n","protected":false},"author":3,"featured_media":18194,"comment_status":"closed","ping_status":"closed","sticky":false,"template":"","format":"standard","meta":{"_jetpack_memberships_contains_paid_content":false,"footnotes":""},"categories":[5,1],"tags":[],"class_list":["post-18777","post","type-post","status-publish","format-standard","has-post-thumbnail","hentry","category-informacion-general","category-portada"],"jetpack_featured_media_url":"https:\/\/i0.wp.com\/cdnoticias.com\/wp-content\/uploads\/2021\/04\/WhatsApp-Image-2021-04-07-at-12.12.44.jpeg?fit=1280%2C778&ssl=1","jetpack_sharing_enabled":true,"_links":{"self":[{"href":"https:\/\/cdnoticias.com\/index.php\/wp-json\/wp\/v2\/posts\/18777","targetHints":{"allow":["GET"]}}],"collection":[{"href":"https:\/\/cdnoticias.com\/index.php\/wp-json\/wp\/v2\/posts"}],"about":[{"href":"https:\/\/cdnoticias.com\/index.php\/wp-json\/wp\/v2\/types\/post"}],"author":[{"embeddable":true,"href":"https:\/\/cdnoticias.com\/index.php\/wp-json\/wp\/v2\/users\/3"}],"replies":[{"embeddable":true,"href":"https:\/\/cdnoticias.com\/index.php\/wp-json\/wp\/v2\/comments?post=18777"}],"version-history":[{"count":0,"href":"https:\/\/cdnoticias.com\/index.php\/wp-json\/wp\/v2\/posts\/18777\/revisions"}],"wp:featuredmedia":[{"embeddable":true,"href":"https:\/\/cdnoticias.com\/index.php\/wp-json\/wp\/v2\/media\/18194"}],"wp:attachment":[{"href":"https:\/\/cdnoticias.com\/index.php\/wp-json\/wp\/v2\/media?parent=18777"}],"wp:term":[{"taxonomy":"category","embeddable":true,"href":"https:\/\/cdnoticias.com\/index.php\/wp-json\/wp\/v2\/categories?post=18777"},{"taxonomy":"post_tag","embeddable":true,"href":"https:\/\/cdnoticias.com\/index.php\/wp-json\/wp\/v2\/tags?post=18777"}],"curies":[{"name":"wp","href":"https:\/\/api.w.org\/{rel}","templated":true}]}}