{"id":187746,"date":"2025-11-13T19:31:27","date_gmt":"2025-11-13T22:31:27","guid":{"rendered":"https:\/\/cdnoticias.com\/?p=187746"},"modified":"2025-11-13T19:31:28","modified_gmt":"2025-11-13T22:31:28","slug":"accidente-fatal-en-ruta-50-un-hombre-de-79-anos-perdio-la-vida-tras-volcar-su-camioneta","status":"publish","type":"post","link":"https:\/\/cdnoticias.com\/index.php\/2025\/11\/13\/accidente-fatal-en-ruta-50-un-hombre-de-79-anos-perdio-la-vida-tras-volcar-su-camioneta\/","title":{"rendered":"Accidente fatal en Ruta 50: un hombre de 79 a\u00f1os perdi\u00f3 la vida tras volcar su camioneta"},"content":{"rendered":"\n<p>Un hombre muri\u00f3 este jueves por la tarde luego de volcar con su camioneta en jurisdicci\u00f3n de Cachar\u00ed. La Justicia investiga las causas del tr\u00e1gico siniestro.<\/p>\n\n\n\n<hr class=\"wp-block-separator aligncenter has-alpha-channel-opacity\"\/>\n\n\n\n<p><em><strong>Foto e informaci\u00f3n: Noticias de Azul<\/strong><\/em><\/p>\n\n\n\n<p>Este jueves por la tarde, alrededor de las 18, <strong>personal policial de la Subcomisar\u00eda de Cachar\u00ed, bomberos voluntarios y profesionales del hospital acudieron a un grave accidente de tr\u00e1nsito ocurrido en la Ruta 50, a unos 8 kil\u00f3metros de la localidad.<\/strong><\/p>\n\n\n\n<p>El llamado de alerta fue recibido inicialmente por el cuartel de bomberos, que inform\u00f3 sobre un posible vuelco en la traza provincial.<strong> Al llegar al lugar, los equipos de emergencia constataron que una camioneta Toyota Hilux (dominio EHT-043) se encontraba volcada y que en su interior permanec\u00eda su conductor, identificado como Jorge Luis Damperat, de 79 a\u00f1os, domiciliado en la zona rural de Pardo, partido de Las Flores.<\/strong><\/p>\n\n\n\n<figure class=\"wp-block-image size-large\"><img data-recalc-dims=\"1\" loading=\"lazy\" decoding=\"async\" width=\"800\" height=\"600\" src=\"https:\/\/i0.wp.com\/cdnoticias.com\/wp-content\/uploads\/2025\/11\/accidente-azul1.jpg?resize=800%2C600&#038;ssl=1\" alt=\"\" class=\"wp-image-187747\" srcset=\"https:\/\/i0.wp.com\/cdnoticias.com\/wp-content\/uploads\/2025\/11\/accidente-azul1.jpg?resize=1024%2C768&amp;ssl=1 1024w, https:\/\/i0.wp.com\/cdnoticias.com\/wp-content\/uploads\/2025\/11\/accidente-azul1.jpg?resize=300%2C225&amp;ssl=1 300w, https:\/\/i0.wp.com\/cdnoticias.com\/wp-content\/uploads\/2025\/11\/accidente-azul1.jpg?resize=768%2C576&amp;ssl=1 768w, https:\/\/i0.wp.com\/cdnoticias.com\/wp-content\/uploads\/2025\/11\/accidente-azul1.jpg?w=1440&amp;ssl=1 1440w\" sizes=\"auto, (max-width: 800px) 100vw, 800px\" \/><\/figure>\n\n\n\n<p>A pesar de la r\u00e1pida intervenci\u00f3n, <strong>el hombre fue hallado sin vida.<\/strong><\/p>\n\n\n\n<p>Las causas del siniestro se encuentran bajo investigaci\u00f3n y forman parte de las actuaciones iniciadas por personal policial.<\/p>\n\n\n\n<p>Interviene en la causa la UFI N\u00b0 13 del Departamento Judicial de Azul, a cargo del Dr. Adri\u00e1n Peiretti, desde donde se impartieron las directivas para avanzar con las pericias y establecer en detalle c\u00f3mo ocurri\u00f3 el tr\u00e1gico hecho.<\/p>\n","protected":false},"excerpt":{"rendered":"<p>Un hombre muri\u00f3 este jueves por la tarde luego de volcar con su camioneta en jurisdicci\u00f3n de Cachar\u00ed. La Justicia<\/p>\n","protected":false},"author":2,"featured_media":187748,"comment_status":"closed","ping_status":"closed","sticky":false,"template":"","format":"standard","meta":{"_jetpack_memberships_contains_paid_content":false,"footnotes":""},"categories":[14,1],"tags":[],"class_list":["post-187746","post","type-post","status-publish","format-standard","has-post-thumbnail","hentry","category-policiales","category-portada"],"jetpack_featured_media_url":"https:\/\/i0.wp.com\/cdnoticias.com\/wp-content\/uploads\/2025\/11\/accidente-azul.jpg?fit=1440%2C1080&ssl=1","jetpack_sharing_enabled":true,"_links":{"self":[{"href":"https:\/\/cdnoticias.com\/index.php\/wp-json\/wp\/v2\/posts\/187746","targetHints":{"allow":["GET"]}}],"collection":[{"href":"https:\/\/cdnoticias.com\/index.php\/wp-json\/wp\/v2\/posts"}],"about":[{"href":"https:\/\/cdnoticias.com\/index.php\/wp-json\/wp\/v2\/types\/post"}],"author":[{"embeddable":true,"href":"https:\/\/cdnoticias.com\/index.php\/wp-json\/wp\/v2\/users\/2"}],"replies":[{"embeddable":true,"href":"https:\/\/cdnoticias.com\/index.php\/wp-json\/wp\/v2\/comments?post=187746"}],"version-history":[{"count":0,"href":"https:\/\/cdnoticias.com\/index.php\/wp-json\/wp\/v2\/posts\/187746\/revisions"}],"wp:featuredmedia":[{"embeddable":true,"href":"https:\/\/cdnoticias.com\/index.php\/wp-json\/wp\/v2\/media\/187748"}],"wp:attachment":[{"href":"https:\/\/cdnoticias.com\/index.php\/wp-json\/wp\/v2\/media?parent=187746"}],"wp:term":[{"taxonomy":"category","embeddable":true,"href":"https:\/\/cdnoticias.com\/index.php\/wp-json\/wp\/v2\/categories?post=187746"},{"taxonomy":"post_tag","embeddable":true,"href":"https:\/\/cdnoticias.com\/index.php\/wp-json\/wp\/v2\/tags?post=187746"}],"curies":[{"name":"wp","href":"https:\/\/api.w.org\/{rel}","templated":true}]}}