{"id":187700,"date":"2025-11-13T17:00:10","date_gmt":"2025-11-13T20:00:10","guid":{"rendered":"https:\/\/cdnoticias.com\/?p=187700"},"modified":"2025-11-13T19:53:06","modified_gmt":"2025-11-13T22:53:06","slug":"un-consejo-academico-asesor-que-revaloriza-el-rol-de-la-universidad-publica-en-la-comunidad-olavarriense","status":"publish","type":"post","link":"https:\/\/cdnoticias.com\/index.php\/2025\/11\/13\/un-consejo-academico-asesor-que-revaloriza-el-rol-de-la-universidad-publica-en-la-comunidad-olavarriense\/","title":{"rendered":"Un Consejo Acad\u00e9mico Asesor que revaloriza el rol de la Universidad p\u00fablica en la comunidad olavarriense"},"content":{"rendered":"\n<p>El nacimiento de un nuevo organismo que busca dar respuestas concretas a los vecinos de Olavarr\u00eda con un fuerte aporte del conocimiento cient\u00edfico universitario local. Los cinco ejes principales de abordaje que propone.<\/p>\n\n\n\n<hr class=\"wp-block-separator has-alpha-channel-opacity\"\/>\n\n\n\n<p>En agosto de este a\u00f1o <a href=\"https:\/\/cdnoticias.com\/index.php\/2025\/08\/14\/quedo-conformado-el-consejo-academico-asesor-del-municipio-de-olavarria\/\" target=\"_blank\" rel=\"noreferrer noopener\">se conform\u00f3 el <\/a><strong><a href=\"https:\/\/cdnoticias.com\/index.php\/2025\/08\/14\/quedo-conformado-el-consejo-academico-asesor-del-municipio-de-olavarria\/\" target=\"_blank\" rel=\"noreferrer noopener\">Consejo Acad\u00e9mico Asesor del Municipio de Olavarr\u00eda (CAAMU)<\/a>,<\/strong> representado por las<strong> tres unidades acad\u00e9micas locales de la UNICEN<\/strong> (Facultad de Ciencias de la Salud, Facultad de Ciencias Sociales y Facultad de Ingenier\u00eda) <strong>y un representante municipal<\/strong>.<\/p>\n\n\n\n<p><\/p>\n\n\n\n<p>La <strong>Facultad de Ingenier\u00eda<\/strong> estar\u00e1 representada por su <strong>secretario de Extensi\u00f3n Joaqu\u00edn Domato y la vicedecana Silvana Gobbi<\/strong>, <strong>Sociales <\/strong>por su <strong>secretaria de investigaci\u00f3n Constanza Caffarelli y su decano Gustavo Flensborg<\/strong>, por <strong>Salud su vicedecana Melina Barbero y la secretaria de extensi\u00f3n Roc\u00edo Pereyra<\/strong>, mientras que por parte de la <strong>Municipalidad estar\u00e1 la directora de planificaci\u00f3n Carolina Planes<\/strong>.<\/p>\n\n\n\n<p><\/p>\n\n\n\n<p><strong>Central de Noticias<\/strong> dialog\u00f3 con <strong>Gustavo Flensborg<\/strong>, decano de la Facultad de Ciencias Sociales (FACSO) y <strong>Joaqu\u00edn Domat<\/strong>o, secretario de Extensi\u00f3n de la Facultad de Ingenier\u00eda (FIO), quienes dieron detalles de c\u00f3mo surgi\u00f3 el Consejo Asesor Acad\u00e9mico, cu\u00e1les son sus caracter\u00edsticas y ejes a abordar.<\/p>\n\n\n\n<p><\/p>\n\n\n\n<p>Ambos entrevistados reconocieron que la creaci\u00f3n de este nuevo espacio fue <strong>una propuesta del Intendente Maximiliano Wesner a las unidades acad\u00e9micas<\/strong>. El consejo \u201ces una iniciativa que surge desde el Municipio como proyecto de Wesner, que invita a las tres facultades que tiene la sede de la UNICEN en Olavarr\u00eda a<strong> pensar y proponer proyectos que mejoren las pol\u00edticas p\u00fablicas como ciudad y partido en s\u00ed mismo\u201d<\/strong>, explic\u00f3 Flensborg.\u00a0<\/p>\n\n\n\n<p><\/p>\n\n\n\n<blockquote class=\"wp-block-quote is-layout-flow wp-block-quote-is-layout-flow\">\n<p>\u201cCuando el Municipio convoc\u00f3 a las Facultades, lo que plantea es la necesidad de trabajar de manera articulada en el abordaje de las demandas y problem\u00e1ticas de la comunidad\u201d sum\u00f3 Domato.<\/p>\n<\/blockquote>\n\n\n\n<p><\/p>\n\n\n\n<figure class=\"wp-block-image size-full\"><img data-recalc-dims=\"1\" loading=\"lazy\" decoding=\"async\" width=\"800\" height=\"445\" src=\"https:\/\/i0.wp.com\/cdnoticias.com\/wp-content\/uploads\/2025\/11\/flensborg-decano-FACSO.jpg?resize=800%2C445&#038;ssl=1\" alt=\"\" class=\"wp-image-187707\" srcset=\"https:\/\/i0.wp.com\/cdnoticias.com\/wp-content\/uploads\/2025\/11\/flensborg-decano-FACSO.jpg?w=1000&amp;ssl=1 1000w, https:\/\/i0.wp.com\/cdnoticias.com\/wp-content\/uploads\/2025\/11\/flensborg-decano-FACSO.jpg?resize=300%2C167&amp;ssl=1 300w, https:\/\/i0.wp.com\/cdnoticias.com\/wp-content\/uploads\/2025\/11\/flensborg-decano-FACSO.jpg?resize=768%2C427&amp;ssl=1 768w, https:\/\/i0.wp.com\/cdnoticias.com\/wp-content\/uploads\/2025\/11\/flensborg-decano-FACSO.jpg?resize=800%2C445&amp;ssl=1 800w\" sizes=\"auto, (max-width: 800px) 100vw, 800px\" \/><\/figure>\n\n\n\n<p><\/p>\n\n\n\n<p>El consejo est\u00e1 a\u00fan en una <strong>etapa de formaci\u00f3n<\/strong>, en donde los representantes de<strong> las unidades acad\u00e9micas est\u00e1n dando a conocer a la Municipalidad en qu\u00e9 est\u00e1n trabajando y de qu\u00e9 manera<\/strong>. Seg\u00fan Flensborg \u201clos primeros encuentros est\u00e1n destinados por un lado a que el Municipio d\u00e9 cuenta de <strong>todos los proyectos que estamos llevando a cabo las facultades, en el territorio, es decir en los centros de formaci\u00f3n, en los centros territoriales, los CAPS, en los establecimientos educativos\u201d<\/strong>. Adem\u00e1s, a\u00f1adi\u00f3 que \u201cuna vez que est\u00e9 el diagn\u00f3stico que hemos estado realizando como Universidad en el territorio, el<strong> segundo paso es conocer cu\u00e1les son las necesidades que tiene el Municipio<\/strong>\u201d.<\/p>\n\n\n\n<p><\/p>\n\n\n\n<blockquote class=\"wp-block-quote is-layout-flow wp-block-quote-is-layout-flow\">\n<p>El decano de la FACSO destac\u00f3: \u201cclaramente la Facultad tiene un compromiso con todos estos sectores para pensar pr\u00e1cticas extensionistas, pr\u00e1cticas pre profesionales, etc\u201d. En concordancia, seg\u00fan Domato, este convenio tiene \u201cla intenci\u00f3n de sumar a la Universidad como generadora de conocimiento para complementar la acci\u00f3n del Estado y, de manera conjunta, llevar ese conocimiento al territorio\u201d.<\/p>\n<\/blockquote>\n\n\n\n<p><\/p>\n\n\n\n<p>Sumado a este aporte de conocimiento que brindar\u00e1 la Universidad al que hace referencia Domato, acordaron que <strong>\u201cel municipio ofrezca sus \u00e1reas: obras p\u00fablicas, obras sanitarias, derecho, territorio\u201d<\/strong> indic\u00f3 Flensborg.<\/p>\n\n\n\n<p><\/p>\n\n\n\n<figure class=\"wp-block-image size-full\"><img data-recalc-dims=\"1\" loading=\"lazy\" decoding=\"async\" width=\"800\" height=\"450\" src=\"https:\/\/i0.wp.com\/cdnoticias.com\/wp-content\/uploads\/2021\/06\/FIO-domato.jpeg?resize=800%2C450&#038;ssl=1\" alt=\"\" class=\"wp-image-23115\" srcset=\"https:\/\/i0.wp.com\/cdnoticias.com\/wp-content\/uploads\/2021\/06\/FIO-domato.jpeg?w=1000&amp;ssl=1 1000w, https:\/\/i0.wp.com\/cdnoticias.com\/wp-content\/uploads\/2021\/06\/FIO-domato.jpeg?resize=300%2C169&amp;ssl=1 300w, https:\/\/i0.wp.com\/cdnoticias.com\/wp-content\/uploads\/2021\/06\/FIO-domato.jpeg?resize=768%2C432&amp;ssl=1 768w\" sizes=\"auto, (max-width: 800px) 100vw, 800px\" \/><\/figure>\n\n\n\n<p><\/p>\n\n\n\n<h2 class=\"wp-block-heading\"><strong>Ejes y reglamento<\/strong><\/h2>\n\n\n\n<p><\/p>\n\n\n\n<p>Son<strong> cinco los ejes en los que el consejo trabajar\u00e1 <\/strong>para aportar soluciones a la comunidad de Olavarr\u00eda. Seg\u00fan <strong>un documento<\/strong> que brind\u00f3 uno de los miembros del consejo entrevistado a este medio, los ejes del CAAMU con los que van a trabajar son:<\/p>\n\n\n\n<p><\/p>\n\n\n\n<ul class=\"wp-block-list\">\n<li><strong>Identidad, diversidad y cultura<\/strong>: Aqu\u00ed buscar\u00e1n \u201cponer en valor la historia de Olavarr\u00eda (pueblos originarios y colectividades), el patrimonio y el desarrollo art\u00edstico propio\u201d se\u00f1ala el archivo.<\/li>\n\n\n\n<li><strong>Desarrollo integral de la persona en comunidad<\/strong>: en este eje plantean \u201cpensar acciones que aporten a garantizar el cumplimiento de los derechos humanos b\u00e1sicos, desarrollo integral de la persona con acceso a salud, educaci\u00f3n, deporte, recreaci\u00f3n, socializaci\u00f3n y alimento\u201d.<\/li>\n\n\n\n<li><strong>Olavarr\u00eda segura e inclusiva<\/strong>: el objetivo es \u201cque el espacio p\u00fablico sea accesible, que se pueda transitar, utilizar y disfrutar por todas las personas. Esto implica la transitabilidad del espacio a trav\u00e9s de diferente v\u00edas y medios; la prevenci\u00f3n del delito, prevenci\u00f3n de formas de violencia, la accesibilidad y seguridad vial\u201d.<\/li>\n\n\n\n<li><strong>Diversificaci\u00f3n e integraci\u00f3n productiva<\/strong>: buscar\u00e1n mayor autonom\u00eda econ\u00f3mica y productiva. Por esto plantean en este eje \u201cproducir lo que se consume, promover la integraci\u00f3n vertical de la producci\u00f3n existente, revisar y actualizar las modalidades de producci\u00f3n extractivas; conocer y fomentar nuevas fuentes de trabajo\u201d.<\/li>\n\n\n\n<li><strong>H\u00e1bitat sustentable<\/strong>: en este eje proponen \u201cplanificar el h\u00e1bitat urbano y rural como parte de un mismo espacio administrativo, sociocultural, hist\u00f3rico y productivo\u201d. Adem\u00e1s, que el derecho al h\u00e1bitat no sea \u201csolo el acceso a la vivienda, sino tambi\u00e9n a los servicios b\u00e1sicos que garantice la calidad de vida de todas las personas\u201d.<\/li>\n<\/ul>\n\n\n\n<p><\/p>\n\n\n\n<blockquote class=\"wp-block-quote is-layout-flow wp-block-quote-is-layout-flow\">\n<p>Tambi\u00e9n existe un reglamento b\u00e1sico que el consejo ya aprob\u00f3<strong> <\/strong>y explica el funcionamiento del \u00f3rgano que se conform\u00f3, es decir, la entrada de los temas y c\u00f3mo se va a dar el tratamiento. Seg\u00fan Flensborg: \u201ccualquier vecino, investigador o docente que tenga una propuesta para llevar a cabo en el territorio, se presenta a trav\u00e9s del CAAMU y ah\u00ed es donde se discute y eval\u00faa la importancia y con qu\u00e9 \u00e1rea se puede articular\u201d.<\/p>\n<\/blockquote>\n\n\n\n<p><\/p>\n\n\n\n<figure class=\"wp-block-image size-full\"><img data-recalc-dims=\"1\" loading=\"lazy\" decoding=\"async\" width=\"800\" height=\"446\" src=\"https:\/\/i0.wp.com\/cdnoticias.com\/wp-content\/uploads\/2025\/03\/campus-unicen-02-facso.jpg?resize=800%2C446&#038;ssl=1\" alt=\"\" class=\"wp-image-167672\" srcset=\"https:\/\/i0.wp.com\/cdnoticias.com\/wp-content\/uploads\/2025\/03\/campus-unicen-02-facso.jpg?w=1000&amp;ssl=1 1000w, https:\/\/i0.wp.com\/cdnoticias.com\/wp-content\/uploads\/2025\/03\/campus-unicen-02-facso.jpg?resize=300%2C167&amp;ssl=1 300w, https:\/\/i0.wp.com\/cdnoticias.com\/wp-content\/uploads\/2025\/03\/campus-unicen-02-facso.jpg?resize=768%2C428&amp;ssl=1 768w, https:\/\/i0.wp.com\/cdnoticias.com\/wp-content\/uploads\/2025\/03\/campus-unicen-02-facso.jpg?resize=800%2C445&amp;ssl=1 800w\" sizes=\"auto, (max-width: 800px) 100vw, 800px\" \/><\/figure>\n\n\n\n<p><\/p>\n\n\n\n<h2 class=\"wp-block-heading\"><strong>Enaltecer a la Universidad P\u00fablica y su conocimiento cient\u00edfico<\/strong><\/h2>\n\n\n\n<p><\/p>\n\n\n\n<p>Que el Consejo Acad\u00e9mico Asesor est\u00e9 conformado por las tres unidades acad\u00e9micas de la Universidad Nacional de Centro de la Provincia de Buenos Aires <strong>pone en valor a los profesionales que en ella trabajan y al conocimiento cient\u00edfico<\/strong>. Por este motivo, la intenci\u00f3n del Municipio \u201cfue sumar a la Universidad como <strong>generadora de conocimiento para complementar la acci\u00f3n del Estado<\/strong> y, de manera conjunta, llevarlo al territorio\u201d, se\u00f1al\u00f3 Domato.<\/p>\n\n\n\n<p><\/p>\n\n\n\n<p>Para el secretario de Extensi\u00f3n de la FIO, la creaci\u00f3n de este consejo \u201cmuestra que <strong>el Municipio reconoce en la Universidad un actor clave<\/strong> para aportar soluciones a problem\u00e1ticas t\u00e9cnicas, tecnol\u00f3gicas y\/o comunitarias\u201d.<\/p>\n\n\n\n<p><\/p>\n\n\n\n<p>Domato explic\u00f3 que, a trav\u00e9s del consejo, la Universidad \u201cpuede ofrecer <strong>un abordaje interdisciplinario de las problem\u00e1ticas detectadas por el Municipio, brindar herramientas t\u00e9cnicas, tecnol\u00f3gicas y sociales,<\/strong> y contribuir a interpretar c\u00f3mo ese conocimiento impacta en la comunidad\u201d.<\/p>\n\n\n\n<p><\/p>\n\n\n\n<figure class=\"wp-block-image size-full\"><img data-recalc-dims=\"1\" loading=\"lazy\" decoding=\"async\" width=\"800\" height=\"450\" src=\"https:\/\/i0.wp.com\/cdnoticias.com\/wp-content\/uploads\/2025\/06\/fio-ingenieria2.jpg?resize=800%2C450&#038;ssl=1\" alt=\"\" class=\"wp-image-174266\" srcset=\"https:\/\/i0.wp.com\/cdnoticias.com\/wp-content\/uploads\/2025\/06\/fio-ingenieria2.jpg?w=900&amp;ssl=1 900w, https:\/\/i0.wp.com\/cdnoticias.com\/wp-content\/uploads\/2025\/06\/fio-ingenieria2.jpg?resize=300%2C169&amp;ssl=1 300w, https:\/\/i0.wp.com\/cdnoticias.com\/wp-content\/uploads\/2025\/06\/fio-ingenieria2.jpg?resize=768%2C432&amp;ssl=1 768w\" sizes=\"auto, (max-width: 800px) 100vw, 800px\" \/><\/figure>\n\n\n\n<p><\/p>\n\n\n\n<p>Seg\u00fan Flensborg un ejemplo concreto de uno de los tantos trabajos donde la Universidad podr\u00eda hacer su aporte es en el<strong> derecho al h\u00e1bitat<\/strong>, ya que las tres unidades acad\u00e9micas pueden<strong> \u201clograr una buena planificaci\u00f3n para que cuando se realicen proyectos de ampliaci\u00f3n de nuevos barrios, est\u00e9 pensado y tenga una estructura\u201d<\/strong>.<\/p>\n\n\n\n<p><\/p>\n\n\n\n<p>Siguiendo con el ejemplo, se explay\u00f3 en que puede haber desde la Facultad <strong>un aporte desde el punto de vista antropol\u00f3gico<\/strong>, <em>\u201cporque hay que pensar en qu\u00e9 sector de la ciudad se va a proyectar un emprendimiento inmobiliario, un emprendimiento de crecimiento de casas de vivienda social\u201d<\/em>. Adem\u00e1s, <strong>a nivel sanitario<\/strong> porque <em>\u201chay cloacas, pero no en un porcentaje en que todos nosotros como ciudadanos estemos beneficiados de ese servicio, entonces como proyectar y delinear los pozos\u201d<\/em> y <strong>desde el punto de vista de la Ingenier\u00eda <\/strong><em>\u201ces planificar bien c\u00f3mo van a estar ediliciamente construidos las viviendas\u201d<\/em>.<\/p>\n\n\n\n<p><\/p>\n\n\n\n<p>Sin embargo, \u201cesto es un ejemplo, pero <strong>todav\u00eda no estamos en un proyecto claro\u201d <\/strong>asever\u00f3 el decano de la FACSO.<\/p>\n\n\n\n<figure class=\"wp-block-image size-full\"><img data-recalc-dims=\"1\" loading=\"lazy\" decoding=\"async\" width=\"800\" height=\"602\" src=\"https:\/\/i0.wp.com\/cdnoticias.com\/wp-content\/uploads\/2020\/09\/WhatsApp-Image-2020-09-08-at-19.08.01.jpeg?resize=800%2C602&#038;ssl=1\" alt=\"\" class=\"wp-image-1085\" srcset=\"https:\/\/i0.wp.com\/cdnoticias.com\/wp-content\/uploads\/2020\/09\/WhatsApp-Image-2020-09-08-at-19.08.01.jpeg?w=868&amp;ssl=1 868w, https:\/\/i0.wp.com\/cdnoticias.com\/wp-content\/uploads\/2020\/09\/WhatsApp-Image-2020-09-08-at-19.08.01.jpeg?resize=300%2C226&amp;ssl=1 300w, https:\/\/i0.wp.com\/cdnoticias.com\/wp-content\/uploads\/2020\/09\/WhatsApp-Image-2020-09-08-at-19.08.01.jpeg?resize=768%2C578&amp;ssl=1 768w\" sizes=\"auto, (max-width: 800px) 100vw, 800px\" \/><\/figure>\n\n\n\n<p><\/p>\n\n\n\n<h2 class=\"wp-block-heading\"><strong>Un aporte interdisciplinario<\/strong><\/h2>\n\n\n\n<p><\/p>\n\n\n\n<p>Aunque cada Facultad tenga su campo de especialidad, <strong>\u201cel esp\u00edritu es que trabajemos articulados\u201d dijo Flensborg<\/strong>, pero reconoci\u00f3 que algunas veces \u201cquiz\u00e1s la tem\u00e1tica no lo amerita y sea de manera unitaria\u201d.<\/p>\n\n\n\n<p><\/p>\n\n\n\n<blockquote class=\"wp-block-quote is-layout-flow wp-block-quote-is-layout-flow\">\n<p>Ante la consulta de si las demandas que se atender\u00e1n son las que propongan el Municipio o la sociedad o la comunidad acad\u00e9mica, Flensborg respondi\u00f3: \u201cTodas esas juntas. Puede ser que un vecino se acerque con una problem\u00e1tica al municipio que nosotros desconocemos, pero es el CAAMU como representante el que nos tiene que convocar para pensar c\u00f3mo solucionar ese tema\u201d.<\/p>\n<\/blockquote>\n\n\n\n<p><\/p>\n\n\n\n<p>Que sea una forma de abordaje interdisciplinaria,<strong> \u201cevita la superposici\u00f3n de iniciativas y potencia el impacto real de lo que se hace\u201d<\/strong>, ya que <strong>\u201cpermite ordenar, focalizar y coordinar las acciones que se ven\u00edan realizando entre todos los actores involucrados\u201d<\/strong> describi\u00f3 Domato.\u00a0 Esto <strong>\u201cpromueve un trabajo colaborativo, interdisciplinario y orientado a resultados<\/strong>, fortaleciendo la capacidad conjunta de dar respuesta a las necesidades del territorio\u201d.<\/p>\n\n\n\n<p><\/p>\n\n\n\n<figure class=\"wp-block-image size-full\"><img data-recalc-dims=\"1\" loading=\"lazy\" decoding=\"async\" width=\"800\" height=\"445\" src=\"https:\/\/i0.wp.com\/cdnoticias.com\/wp-content\/uploads\/2025\/08\/consejo-academico-asesor-02.png?resize=800%2C445&#038;ssl=1\" alt=\"\" class=\"wp-image-179398\" srcset=\"https:\/\/i0.wp.com\/cdnoticias.com\/wp-content\/uploads\/2025\/08\/consejo-academico-asesor-02.png?w=800&amp;ssl=1 800w, https:\/\/i0.wp.com\/cdnoticias.com\/wp-content\/uploads\/2025\/08\/consejo-academico-asesor-02.png?resize=300%2C167&amp;ssl=1 300w, https:\/\/i0.wp.com\/cdnoticias.com\/wp-content\/uploads\/2025\/08\/consejo-academico-asesor-02.png?resize=768%2C427&amp;ssl=1 768w\" sizes=\"auto, (max-width: 800px) 100vw, 800px\" \/><\/figure>\n\n\n\n<p><\/p>\n","protected":false},"excerpt":{"rendered":"<p>El nacimiento de un nuevo organismo que busca dar respuestas concretas a los vecinos de Olavarr\u00eda con un fuerte aporte<\/p>\n","protected":false},"author":4,"featured_media":179399,"comment_status":"closed","ping_status":"closed","sticky":false,"template":"","format":"standard","meta":{"_jetpack_memberships_contains_paid_content":false,"footnotes":""},"categories":[5,1],"tags":[],"class_list":["post-187700","post","type-post","status-publish","format-standard","has-post-thumbnail","hentry","category-informacion-general","category-portada"],"jetpack_featured_media_url":"https:\/\/i0.wp.com\/cdnoticias.com\/wp-content\/uploads\/2025\/08\/consejo-academico-asesor-01.png?fit=800%2C445&ssl=1","jetpack_sharing_enabled":true,"_links":{"self":[{"href":"https:\/\/cdnoticias.com\/index.php\/wp-json\/wp\/v2\/posts\/187700","targetHints":{"allow":["GET"]}}],"collection":[{"href":"https:\/\/cdnoticias.com\/index.php\/wp-json\/wp\/v2\/posts"}],"about":[{"href":"https:\/\/cdnoticias.com\/index.php\/wp-json\/wp\/v2\/types\/post"}],"author":[{"embeddable":true,"href":"https:\/\/cdnoticias.com\/index.php\/wp-json\/wp\/v2\/users\/4"}],"replies":[{"embeddable":true,"href":"https:\/\/cdnoticias.com\/index.php\/wp-json\/wp\/v2\/comments?post=187700"}],"version-history":[{"count":0,"href":"https:\/\/cdnoticias.com\/index.php\/wp-json\/wp\/v2\/posts\/187700\/revisions"}],"wp:featuredmedia":[{"embeddable":true,"href":"https:\/\/cdnoticias.com\/index.php\/wp-json\/wp\/v2\/media\/179399"}],"wp:attachment":[{"href":"https:\/\/cdnoticias.com\/index.php\/wp-json\/wp\/v2\/media?parent=187700"}],"wp:term":[{"taxonomy":"category","embeddable":true,"href":"https:\/\/cdnoticias.com\/index.php\/wp-json\/wp\/v2\/categories?post=187700"},{"taxonomy":"post_tag","embeddable":true,"href":"https:\/\/cdnoticias.com\/index.php\/wp-json\/wp\/v2\/tags?post=187700"}],"curies":[{"name":"wp","href":"https:\/\/api.w.org\/{rel}","templated":true}]}}