{"id":187699,"date":"2025-11-13T17:31:34","date_gmt":"2025-11-13T20:31:34","guid":{"rendered":"https:\/\/cdnoticias.com\/?p=187699"},"modified":"2025-11-13T17:31:36","modified_gmt":"2025-11-13T20:31:36","slug":"dia-mundial-de-la-diabetes-la-alimentacion-como-clave-para-la-prevencion-y-el-bienestar","status":"publish","type":"post","link":"https:\/\/cdnoticias.com\/index.php\/2025\/11\/13\/dia-mundial-de-la-diabetes-la-alimentacion-como-clave-para-la-prevencion-y-el-bienestar\/","title":{"rendered":"D\u00eda Mundial de la Diabetes: la alimentaci\u00f3n como clave para la prevenci\u00f3n y el bienestar"},"content":{"rendered":"\n<p>El Colegio de Nutricionistas de Buenos Aires remarca que una nutrici\u00f3n equilibrada y sostenible puede prevenir la diabetes tipo 2 y mejorar la calidad de vida de quienes la padecen.<\/p>\n\n\n\n<hr class=\"wp-block-separator has-alpha-channel-opacity\"\/>\n\n\n\n<p><br><strong>Cada 14 de noviembre se conmemora el D\u00eda Mundial de la Diabetes<\/strong>, una fecha que busca concientizar sobre la enfermedad y promover h\u00e1bitos saludables para su prevenci\u00f3n y control. Desde el Colegio de Nutricionistas de la Provincia de Buenos Aires destacaron que<strong> la alimentaci\u00f3n cumple un papel central en la mejora de la calidad de vida de las personas con diabetes y en la reducci\u00f3n del riesgo de desarrollar la enfermedad.<\/strong><\/p>\n\n\n\n<p><\/p>\n\n\n\n<p>La diabetes es una <strong>enfermedad cr\u00f3nica<\/strong> caracterizada por niveles elevados de glucosa en sangre debido a una alteraci\u00f3n en la producci\u00f3n o acci\u00f3n de la insulina. Su incidencia crece en todo el mundo, impulsada por el sedentarismo, el sobrepeso, el estr\u00e9s y los malos h\u00e1bitos alimentarios. La mayor\u00eda de los casos corresponden a diabetes tipo 2, una forma que puede prevenirse o incluso revertirse con un estilo de vida saludable y una nutrici\u00f3n basada en plantas (NBP).<\/p>\n\n\n\n<p><\/p>\n\n\n\n<p>\u201cLa alimentaci\u00f3n cumple un rol central en este proceso. <strong>No se trata de \u2018hacer dieta\u2019, sino de aprender a comer de forma equilibrada, consciente y sostenible en el tiempo<\/strong>\u201d, explic\u00f3 la<strong> licenciada en Nutrici\u00f3n Victoria N\u00fa\u00f1ez (MP 5276), matriculada en el Colegio bonaerense.<\/strong><\/p>\n\n\n\n<p><\/p>\n\n\n\n<blockquote class=\"wp-block-quote is-layout-flow wp-block-quote-is-layout-flow\">\n<p>Una alimentaci\u00f3n adecuada incluye el consumo de frutas, verduras, legumbres, cereales integrales, prote\u00ednas magras y grasas de buena calidad, limitando ultraprocesados, az\u00facares a\u00f1adidos y bebidas azucaradas. Tambi\u00e9n es fundamental aprender a leer etiquetas, planificar comidas y mantener rutinas activas.<\/p>\n<\/blockquote>\n\n\n\n<p><\/p>\n\n\n\n<p>En esa l\u00ednea, N\u00fa\u00f1ez subray\u00f3: \u201ccomo nutricionistas tenemos un papel fundamental en el abordaje de la diabetes. Acompa\u00f1amos al paciente no solo en la planificaci\u00f3n de su alimentaci\u00f3n, sino tambi\u00e9n en la <strong>construcci\u00f3n de h\u00e1bitos duraderos y realistas,<\/strong> considerando su entorno, su cultura alimentaria y sus emociones\u201d.<\/p>\n\n\n\n<p><\/p>\n\n\n\n<p>La especialista record\u00f3 que la diabetes<strong> no solo impacta en la glucemia, sino tambi\u00e9n en la salud cardiovascular, renal y ocular,<\/strong> por lo que una alimentaci\u00f3n equilibrada contribuye a proteger el coraz\u00f3n y reducir complicaciones.<\/p>\n\n\n\n<p><\/p>\n\n\n\n<p>\u201cLa prevenci\u00f3n comienza en la mesa y se sostiene en el tiempo. Cada elecci\u00f3n cuenta. <strong>Priorizar alimentos frescos, moverse m\u00e1s y realizar controles con profesionales id\u00f3neos <\/strong>son acciones simples que pueden salvar vidas\u201d, concluy\u00f3 N\u00fa\u00f1ez.<\/p>\n\n\n\n<p><\/p>\n\n\n\n<p>La educaci\u00f3n alimentaria, el acompa\u00f1amiento profesional y la conciencia colectiva son, seg\u00fan los especialistas, herramientas decisivas para construir una sociedad m\u00e1s saludable.<\/p>\n\n\n\n<p><\/p>\n\n\n\n<figure class=\"wp-block-embed is-type-wp-embed is-provider-central-de-noticias-olavarr-a wp-block-embed-central-de-noticias-olavarr-a\"><div class=\"wp-block-embed__wrapper\">\n<blockquote class=\"wp-embedded-content\" data-secret=\"wfn8YWosfh\"><a href=\"https:\/\/cdnoticias.com\/index.php\/2025\/11\/13\/dia-mundial-de-la-diabetes-jornada-de-prevencion-en-el-hospital-municipal\/\">D\u00eda Mundial de la Diabetes: jornada de prevenci\u00f3n en el Hospital Municipal\u00a0<\/a><\/blockquote><iframe loading=\"lazy\" class=\"wp-embedded-content\" sandbox=\"allow-scripts\" security=\"restricted\" style=\"position: absolute; visibility: hidden;\" title=\"&#8220;D\u00eda Mundial de la Diabetes: jornada de prevenci\u00f3n en el Hospital Municipal\u00a0&#8221; &#8212; Central de Noticias | Olavarr\u00eda\" src=\"https:\/\/cdnoticias.com\/index.php\/2025\/11\/13\/dia-mundial-de-la-diabetes-jornada-de-prevencion-en-el-hospital-municipal\/embed\/#?secret=oxQG5zpDOH#?secret=wfn8YWosfh\" data-secret=\"wfn8YWosfh\" width=\"600\" height=\"338\" frameborder=\"0\" marginwidth=\"0\" marginheight=\"0\" scrolling=\"no\"><\/iframe>\n<\/div><\/figure>\n\n\n\n<p><\/p>\n","protected":false},"excerpt":{"rendered":"<p>El Colegio de Nutricionistas de Buenos Aires remarca que una nutrici\u00f3n equilibrada y sostenible puede prevenir la diabetes tipo 2<\/p>\n","protected":false},"author":5,"featured_media":187702,"comment_status":"closed","ping_status":"closed","sticky":false,"template":"","format":"standard","meta":{"_jetpack_memberships_contains_paid_content":false,"footnotes":""},"categories":[6,1],"tags":[],"class_list":["post-187699","post","type-post","status-publish","format-standard","has-post-thumbnail","hentry","category-nacionales","category-portada"],"jetpack_featured_media_url":"https:\/\/i0.wp.com\/cdnoticias.com\/wp-content\/uploads\/2025\/11\/diabetes-control.png?fit=800%2C445&ssl=1","jetpack_sharing_enabled":true,"_links":{"self":[{"href":"https:\/\/cdnoticias.com\/index.php\/wp-json\/wp\/v2\/posts\/187699","targetHints":{"allow":["GET"]}}],"collection":[{"href":"https:\/\/cdnoticias.com\/index.php\/wp-json\/wp\/v2\/posts"}],"about":[{"href":"https:\/\/cdnoticias.com\/index.php\/wp-json\/wp\/v2\/types\/post"}],"author":[{"embeddable":true,"href":"https:\/\/cdnoticias.com\/index.php\/wp-json\/wp\/v2\/users\/5"}],"replies":[{"embeddable":true,"href":"https:\/\/cdnoticias.com\/index.php\/wp-json\/wp\/v2\/comments?post=187699"}],"version-history":[{"count":0,"href":"https:\/\/cdnoticias.com\/index.php\/wp-json\/wp\/v2\/posts\/187699\/revisions"}],"wp:featuredmedia":[{"embeddable":true,"href":"https:\/\/cdnoticias.com\/index.php\/wp-json\/wp\/v2\/media\/187702"}],"wp:attachment":[{"href":"https:\/\/cdnoticias.com\/index.php\/wp-json\/wp\/v2\/media?parent=187699"}],"wp:term":[{"taxonomy":"category","embeddable":true,"href":"https:\/\/cdnoticias.com\/index.php\/wp-json\/wp\/v2\/categories?post=187699"},{"taxonomy":"post_tag","embeddable":true,"href":"https:\/\/cdnoticias.com\/index.php\/wp-json\/wp\/v2\/tags?post=187699"}],"curies":[{"name":"wp","href":"https:\/\/api.w.org\/{rel}","templated":true}]}}