{"id":187694,"date":"2025-11-14T10:09:29","date_gmt":"2025-11-14T13:09:29","guid":{"rendered":"https:\/\/cdnoticias.com\/?p=187694"},"modified":"2025-11-14T11:01:17","modified_gmt":"2025-11-14T14:01:17","slug":"cancer-de-piel-apuntamos-a-la-prevencion-y-el-cuidado","status":"publish","type":"post","link":"https:\/\/cdnoticias.com\/index.php\/2025\/11\/14\/cancer-de-piel-apuntamos-a-la-prevencion-y-el-cuidado\/","title":{"rendered":"C\u00e1ncer de piel: \u201capuntamos a la prevenci\u00f3n y el cuidado\u201d"},"content":{"rendered":"\n<p>Desde LALCEC impulsan una campa\u00f1a gratuita de prevenci\u00f3n del 17 al 20 de noviembre en Olavarr\u00eda. Tambi\u00e9n participan el Hospital Municipal y el Hospital de Oncolog\u00eda.<\/p>\n\n\n\n<hr class=\"wp-block-separator has-alpha-channel-opacity\"\/>\n\n\n\n<p>LALCEC Olavarr\u00eda llevar\u00e1 adelante una nueva edici\u00f3n de la<strong> campa\u00f1a gratuita y libre de prevenci\u00f3n del c\u00e1ncer de piel, que se realizar\u00e1 del 17 al 20 de noviembre.<\/strong> Durante esas jornadas, <strong>dos m\u00e9dicas dermat\u00f3logas atender\u00e1n por d\u00eda a pacientes para el control de lunares, manchas o lesiones sospechosas<\/strong>, con el objetivo de fomentar el diagn\u00f3stico temprano.<\/p>\n\n\n\n<p><\/p>\n\n\n\n<p><strong>La presidenta de la instituci\u00f3n, Ivonne Olivetto<\/strong>, destac\u00f3 en di\u00e1logo con <strong>Levantate por Radio Sapiens (FM 102.7) <\/strong>que la iniciativa se enmarca en las acciones anuales de prevenci\u00f3n que realiza LALCEC en el mes de noviembre.<strong> \u201cNosotros todos los a\u00f1os hacemos esta campa\u00f1a para prevenir, porque esa es nuestra tarea: el diagn\u00f3stico temprano y la prevenci\u00f3n\u201d, <\/strong>expres\u00f3.<\/p>\n\n\n\n<p><\/p>\n\n\n\n<p><strong>Debido a la alta demanda, los turnos en la sede local de LALCEC (Mitre 2659) ya se encuentran completos.<\/strong> Sin embargo, la campa\u00f1a<strong> se replica en otras instituciones de salud de la ciudad.<\/strong> \u201cEl Hospital Municipal, en el pabell\u00f3n Lamberto, consultorio 2 de Dermatolog\u00eda, tambi\u00e9n atender\u00e1 a quienes deseen realizarse el control entre las 8 y las 11 horas, y lo mismo ocurrir\u00e1 en el Hospital de Oncolog\u00eda\u201d, inform\u00f3 Olivetto.<\/p>\n\n\n\n<p><\/p>\n\n\n\n<p>La presidenta remarc\u00f3 la importancia de estas acciones preventivas y record\u00f3 los<a href=\"https:\/\/cdnoticias.com\/index.php\/2025\/11\/05\/octubre-rosa-mas-de-400-mamografias-realizadas-y-turnos-otorgados-hasta-diciembre\/\" data-type=\"link\" data-id=\"https:\/\/cdnoticias.com\/index.php\/2025\/11\/05\/octubre-rosa-mas-de-400-mamografias-realizadas-y-turnos-otorgados-hasta-diciembre\/\"> buenos resultados obtenidos en la campa\u00f1a gineco-mamaria de octubre,<\/a> que duplic\u00f3 el n\u00famero de consultas respecto de a\u00f1os anteriores. \u201cEst\u00e1 probado cient\u00edficamente que el diagn\u00f3stico precoz mejora los pron\u00f3sticos de recuperaci\u00f3n y cura en la mayor\u00eda de los c\u00e1nceres, por eso apuntamos a la prevenci\u00f3n y al cuidado\u201d, sostuvo.<\/p>\n\n\n\n<p><\/p>\n\n\n\n<p><strong>El Municipio adhiere a la Campa\u00f1a Nacional de Prevenci\u00f3n del C\u00e1ncer de Piel<\/strong><\/p>\n\n\n\n<p><\/p>\n\n\n\n<p>En este marco,<strong> se refuerza la atenci\u00f3n en el Consultorio N\u00ba 2 Dermatolog\u00eda (Pabell\u00f3n Lamberto), los d\u00edas 17 a 20 de noviembre de 8:00 a 11:00 horas (personas interesadas en realizarse los controles, deben solicitar turnos con anticipaci\u00f3n en las ventanillas del Pabell\u00f3n Lamberto).<\/strong><\/p>\n\n\n\n<p><\/p>\n\n\n\n<p>Asimismo, se ofrece <strong>informaci\u00f3n referida a m\u00e9todos preventivos, cuidado de la piel y se\u00f1ales de alerta<\/strong>: lo fundamental a tener en cuenta es que el c\u00e1ncer de piel es curable en la mayor\u00eda de los casos si es detectado a tiempo, por eso es importante hacerse ex\u00e1menes propios constantes y visitar al dermat\u00f3logo por lo menos una vez al a\u00f1o como medida de prevenci\u00f3n.<\/p>\n\n\n\n<p><\/p>\n\n\n\n<p><strong>Prevenci\u00f3n y cuidado de la piel<\/strong><\/p>\n\n\n\n<p><\/p>\n\n\n\n<p><strong>Protegerse del sol como factor principal para prevenir este tipo de c\u00e1ncer,<\/strong> uno de los m\u00e1s frecuentes en el ser humano, cuya causa m\u00e1s habitual es la exposici\u00f3n al sol sin protecci\u00f3n o a camas solares. Por ello es tan importante proteger nuestra piel: saber c\u00f3mo, cu\u00e1ndo y cu\u00e1nto exponernos a la luz solar.<\/p>\n\n\n\n<p><\/p>\n\n\n\n<p>Se recomienda protegerse con sombrero de ala ancha, anteojos con filtro UV certificado, camisas con mangas largas, protecci\u00f3n solar con filtro UVA y UVB, y en la medida de las posibilidades resguardarse a la sombra.<\/p>\n\n\n\n<p><\/p>\n\n\n\n<p><strong>Se\u00f1ales de alerta<\/strong><\/p>\n\n\n\n<p><\/p>\n\n\n\n<p>-Manchas inicialmente planas rosadas o rojizas, \u00e1speras al tacto y que se vuelve cada vez m\u00e1s rugosas o escamosas. Se ven especialmente en la cara, en el dorso de las manos, en el labio inferior y en las orejas.<\/p>\n\n\n\n<p><\/p>\n\n\n\n<p>-Aparici\u00f3n de bultos en la piel que crecen en forma sostenida en el tiempo.<\/p>\n\n\n\n<p><\/p>\n\n\n\n<p>-Lastimaduras en la piel que no cicatrizan a pesar de un tratamiento correcto.<\/p>\n\n\n\n<p><\/p>\n\n\n\n<p>-Herida sangrante, costrosa, no provocada por un traumatismo previo.<\/p>\n\n\n\n<p><\/p>\n\n\n\n<p>-Un lunar que cambia de coloraci\u00f3n, sus bordes se vuelven irregulares, es asim\u00e9trico y crece (generalmente de tama\u00f1o superior a 6 mm).<\/p>\n\n\n\n<p><\/p>\n\n\n\n<p>-Un lunar que pica o se inflama.<\/p>\n\n\n\n<p><\/p>\n\n\n\n<p>Ante la aparici\u00f3n de alguno de estos s\u00edntomas es conveniente la <strong>consulta a un especialista.<\/strong><\/p>\n\n\n\n<p><\/p>\n","protected":false},"excerpt":{"rendered":"<p>Desde LALCEC impulsan una campa\u00f1a gratuita de prevenci\u00f3n del 17 al 20 de noviembre en Olavarr\u00eda. Tambi\u00e9n participan el Hospital<\/p>\n","protected":false},"author":5,"featured_media":130147,"comment_status":"closed","ping_status":"closed","sticky":false,"template":"","format":"standard","meta":{"_jetpack_memberships_contains_paid_content":false,"footnotes":""},"categories":[5,1],"tags":[],"class_list":["post-187694","post","type-post","status-publish","format-standard","has-post-thumbnail","hentry","category-informacion-general","category-portada"],"jetpack_featured_media_url":"https:\/\/i0.wp.com\/cdnoticias.com\/wp-content\/uploads\/2024\/11\/lalcec.jpg?fit=800%2C444&ssl=1","jetpack_sharing_enabled":true,"_links":{"self":[{"href":"https:\/\/cdnoticias.com\/index.php\/wp-json\/wp\/v2\/posts\/187694","targetHints":{"allow":["GET"]}}],"collection":[{"href":"https:\/\/cdnoticias.com\/index.php\/wp-json\/wp\/v2\/posts"}],"about":[{"href":"https:\/\/cdnoticias.com\/index.php\/wp-json\/wp\/v2\/types\/post"}],"author":[{"embeddable":true,"href":"https:\/\/cdnoticias.com\/index.php\/wp-json\/wp\/v2\/users\/5"}],"replies":[{"embeddable":true,"href":"https:\/\/cdnoticias.com\/index.php\/wp-json\/wp\/v2\/comments?post=187694"}],"version-history":[{"count":0,"href":"https:\/\/cdnoticias.com\/index.php\/wp-json\/wp\/v2\/posts\/187694\/revisions"}],"wp:featuredmedia":[{"embeddable":true,"href":"https:\/\/cdnoticias.com\/index.php\/wp-json\/wp\/v2\/media\/130147"}],"wp:attachment":[{"href":"https:\/\/cdnoticias.com\/index.php\/wp-json\/wp\/v2\/media?parent=187694"}],"wp:term":[{"taxonomy":"category","embeddable":true,"href":"https:\/\/cdnoticias.com\/index.php\/wp-json\/wp\/v2\/categories?post=187694"},{"taxonomy":"post_tag","embeddable":true,"href":"https:\/\/cdnoticias.com\/index.php\/wp-json\/wp\/v2\/tags?post=187694"}],"curies":[{"name":"wp","href":"https:\/\/api.w.org\/{rel}","templated":true}]}}