{"id":18765,"date":"2021-04-13T18:28:57","date_gmt":"2021-04-13T21:28:57","guid":{"rendered":"http:\/\/www.centraldenoticias.com.ar\/?p=18765"},"modified":"2021-04-13T18:28:57","modified_gmt":"2021-04-13T21:28:57","slug":"se-detectaron-mas-de-180-casos-positivos-de-covid19","status":"publish","type":"post","link":"https:\/\/cdnoticias.com\/index.php\/2021\/04\/13\/se-detectaron-mas-de-180-casos-positivos-de-covid19\/","title":{"rendered":"Se detectaron m\u00e1s de 180 casos positivos de Covid19"},"content":{"rendered":"<p>El partido de Olavarr\u00eda cuenta actualmente con 1156 casos activos, una cifra que baj\u00f3 debido a que m\u00e1s de 190 olavarrienses recibieron el alta m\u00e9dica.<!--more--><\/p>\n<hr \/>\n<p><strong>En la jornada de este martes se detectaron m\u00e1s de 180 casos positivos en el partido de Olavarr\u00eda<\/strong>. No obstante, tras varios d\u00edas de marcado ascenso, disminuy\u00f3 la cifra de pacientes activos debido a que m\u00e1s de 190 olavarrienses fueron dados de alta.<a href=\"https:\/\/cdnoticias.com\/index.php\/2021\/04\/13\/murieron-5-pacientes-activos-de-coronavirus-en-olavarria\/\" target=\"_blank\" rel=\"noopener\"> Adem\u00e1s, fallecieron 5 pacientes.\u00a0<\/a><\/p>\n<p>&nbsp;<\/p>\n<p><img data-recalc-dims=\"1\" loading=\"lazy\" decoding=\"async\" class=\"alignnone size-large wp-image-18763\" src=\"https:\/\/i0.wp.com\/cdnoticias.com\/wp-content\/uploads\/2021\/04\/WhatsApp-Image-2021-04-13-at-18.21.17.jpeg?resize=800%2C800&#038;ssl=1\" alt=\"\" width=\"800\" height=\"800\" srcset=\"https:\/\/i0.wp.com\/cdnoticias.com\/wp-content\/uploads\/2021\/04\/WhatsApp-Image-2021-04-13-at-18.21.17.jpeg?resize=1024%2C1024&amp;ssl=1 1024w, https:\/\/i0.wp.com\/cdnoticias.com\/wp-content\/uploads\/2021\/04\/WhatsApp-Image-2021-04-13-at-18.21.17.jpeg?resize=150%2C150&amp;ssl=1 150w, https:\/\/i0.wp.com\/cdnoticias.com\/wp-content\/uploads\/2021\/04\/WhatsApp-Image-2021-04-13-at-18.21.17.jpeg?resize=300%2C300&amp;ssl=1 300w, https:\/\/i0.wp.com\/cdnoticias.com\/wp-content\/uploads\/2021\/04\/WhatsApp-Image-2021-04-13-at-18.21.17.jpeg?resize=768%2C768&amp;ssl=1 768w, https:\/\/i0.wp.com\/cdnoticias.com\/wp-content\/uploads\/2021\/04\/WhatsApp-Image-2021-04-13-at-18.21.17.jpeg?w=1280&amp;ssl=1 1280w\" sizes=\"auto, (max-width: 800px) 100vw, 800px\" \/><\/p>\n<p>&nbsp;<\/p>\n<p>Seg\u00fan se detall\u00f3 desde el \u00e1rea de Salud Municipal, <strong>se llevaron adelante 505 testeos, de los cuales 183 resultaron positivos<\/strong>, lo cual tambi\u00e9n marc\u00f3 una merma en la positividad con respecto a los valores registrados en el inicio de la presente semana. Adem\u00e1s, 196 personas fueron consideradas curadas, por lo que<strong> la cifra de pacientes activos baj\u00f3 a 1156, de las cuales el promedio de edad es de 41 a\u00f1os<\/strong>.<\/p>\n<p>&nbsp;<\/p>\n<p><img data-recalc-dims=\"1\" loading=\"lazy\" decoding=\"async\" class=\"alignnone size-large wp-image-18760\" src=\"https:\/\/i0.wp.com\/cdnoticias.com\/wp-content\/uploads\/2021\/04\/WhatsApp-Image-2021-04-13-at-18.21.27.jpeg?resize=800%2C800&#038;ssl=1\" alt=\"\" width=\"800\" height=\"800\" srcset=\"https:\/\/i0.wp.com\/cdnoticias.com\/wp-content\/uploads\/2021\/04\/WhatsApp-Image-2021-04-13-at-18.21.27.jpeg?resize=1024%2C1024&amp;ssl=1 1024w, https:\/\/i0.wp.com\/cdnoticias.com\/wp-content\/uploads\/2021\/04\/WhatsApp-Image-2021-04-13-at-18.21.27.jpeg?resize=150%2C150&amp;ssl=1 150w, https:\/\/i0.wp.com\/cdnoticias.com\/wp-content\/uploads\/2021\/04\/WhatsApp-Image-2021-04-13-at-18.21.27.jpeg?resize=300%2C300&amp;ssl=1 300w, https:\/\/i0.wp.com\/cdnoticias.com\/wp-content\/uploads\/2021\/04\/WhatsApp-Image-2021-04-13-at-18.21.27.jpeg?resize=768%2C768&amp;ssl=1 768w, https:\/\/i0.wp.com\/cdnoticias.com\/wp-content\/uploads\/2021\/04\/WhatsApp-Image-2021-04-13-at-18.21.27.jpeg?w=1280&amp;ssl=1 1280w\" sizes=\"auto, (max-width: 800px) 100vw, 800px\" \/><\/p>\n<p>&nbsp;<\/p>\n<p>Con respecto al detalle de los positivos, se precis\u00f3 que<a href=\"https:\/\/cdnoticias.com\/index.php\/2021\/04\/13\/cambio-de-sede-pero-no-de-masividad-nuevo-rta-en-el-servicio-territorial-no-1\/\" target=\"_blank\" rel=\"noopener\"> 23 corresponden al RTA que se llev\u00f3 a cabo en el Servicio Territorial 1<\/a>, sumado a otros dos positivos en el denominado RTA pedi\u00e1trico. Por \u00faltimo,<a href=\"https:\/\/cdnoticias.com\/index.php\/2021\/04\/13\/unos-100-testeos-se-realizaron-en-el-club-villa-floresta\/\" target=\"_blank\" rel=\"noopener\"> tambi\u00e9n fueron 23 los positivos en el operativo desplegado desde la Regi\u00f3n Sanitaria IX en el barrio Villa Floresta.<\/a><\/p>\n<p>&nbsp;<\/p>\n<p><img data-recalc-dims=\"1\" loading=\"lazy\" decoding=\"async\" class=\"alignnone size-large wp-image-18762\" src=\"https:\/\/i0.wp.com\/cdnoticias.com\/wp-content\/uploads\/2021\/04\/WhatsApp-Image-2021-04-13-at-18.21.18.jpeg?resize=800%2C800&#038;ssl=1\" alt=\"\" width=\"800\" height=\"800\" srcset=\"https:\/\/i0.wp.com\/cdnoticias.com\/wp-content\/uploads\/2021\/04\/WhatsApp-Image-2021-04-13-at-18.21.18.jpeg?resize=1024%2C1024&amp;ssl=1 1024w, https:\/\/i0.wp.com\/cdnoticias.com\/wp-content\/uploads\/2021\/04\/WhatsApp-Image-2021-04-13-at-18.21.18.jpeg?resize=150%2C150&amp;ssl=1 150w, https:\/\/i0.wp.com\/cdnoticias.com\/wp-content\/uploads\/2021\/04\/WhatsApp-Image-2021-04-13-at-18.21.18.jpeg?resize=300%2C300&amp;ssl=1 300w, https:\/\/i0.wp.com\/cdnoticias.com\/wp-content\/uploads\/2021\/04\/WhatsApp-Image-2021-04-13-at-18.21.18.jpeg?resize=768%2C768&amp;ssl=1 768w, https:\/\/i0.wp.com\/cdnoticias.com\/wp-content\/uploads\/2021\/04\/WhatsApp-Image-2021-04-13-at-18.21.18.jpeg?w=1280&amp;ssl=1 1280w\" sizes=\"auto, (max-width: 800px) 100vw, 800px\" \/><\/p>\n<p>&nbsp;<\/p>\n<p>Asimismo, en lo que refiere a la situaci\u00f3n hospitalaria, <strong>hay trece pacientes internados en la Unidad de Terapia Intensiva, que presenta una ocupaci\u00f3n del 65%. No obstante, sigue siendo del 100% (51 pacientes Covid19) la ocupaci\u00f3n del \u00e1rea de Cl\u00ednica del Hospital Municipal Doctor H\u00e9ctor Cura<\/strong>. Adem\u00e1s hay un paciente en pediatr\u00eda.<\/p>\n<p>e<\/p>\n","protected":false},"excerpt":{"rendered":"<p>El partido de Olavarr\u00eda cuenta actualmente con 1156 casos activos, una cifra que baj\u00f3 debido a que m\u00e1s de 190<\/p>\n","protected":false},"author":3,"featured_media":18705,"comment_status":"closed","ping_status":"closed","sticky":false,"template":"","format":"standard","meta":{"_jetpack_memberships_contains_paid_content":false,"footnotes":""},"categories":[5,1],"tags":[],"class_list":["post-18765","post","type-post","status-publish","format-standard","has-post-thumbnail","hentry","category-informacion-general","category-portada"],"jetpack_featured_media_url":"https:\/\/i0.wp.com\/cdnoticias.com\/wp-content\/uploads\/2021\/04\/rta-territorial-13.jpg?fit=1040%2C780&ssl=1","jetpack_sharing_enabled":true,"_links":{"self":[{"href":"https:\/\/cdnoticias.com\/index.php\/wp-json\/wp\/v2\/posts\/18765","targetHints":{"allow":["GET"]}}],"collection":[{"href":"https:\/\/cdnoticias.com\/index.php\/wp-json\/wp\/v2\/posts"}],"about":[{"href":"https:\/\/cdnoticias.com\/index.php\/wp-json\/wp\/v2\/types\/post"}],"author":[{"embeddable":true,"href":"https:\/\/cdnoticias.com\/index.php\/wp-json\/wp\/v2\/users\/3"}],"replies":[{"embeddable":true,"href":"https:\/\/cdnoticias.com\/index.php\/wp-json\/wp\/v2\/comments?post=18765"}],"version-history":[{"count":0,"href":"https:\/\/cdnoticias.com\/index.php\/wp-json\/wp\/v2\/posts\/18765\/revisions"}],"wp:featuredmedia":[{"embeddable":true,"href":"https:\/\/cdnoticias.com\/index.php\/wp-json\/wp\/v2\/media\/18705"}],"wp:attachment":[{"href":"https:\/\/cdnoticias.com\/index.php\/wp-json\/wp\/v2\/media?parent=18765"}],"wp:term":[{"taxonomy":"category","embeddable":true,"href":"https:\/\/cdnoticias.com\/index.php\/wp-json\/wp\/v2\/categories?post=18765"},{"taxonomy":"post_tag","embeddable":true,"href":"https:\/\/cdnoticias.com\/index.php\/wp-json\/wp\/v2\/tags?post=18765"}],"curies":[{"name":"wp","href":"https:\/\/api.w.org\/{rel}","templated":true}]}}