{"id":187649,"date":"2025-11-12T17:40:06","date_gmt":"2025-11-12T20:40:06","guid":{"rendered":"https:\/\/cdnoticias.com\/?p=187649"},"modified":"2025-11-13T16:23:48","modified_gmt":"2025-11-13T19:23:48","slug":"llega-la-noche-de-los-museos-a-olavarria","status":"publish","type":"post","link":"https:\/\/cdnoticias.com\/index.php\/2025\/11\/12\/llega-la-noche-de-los-museos-a-olavarria\/","title":{"rendered":"Llega la noche de los museos a Olavarr\u00eda\u00a0"},"content":{"rendered":"\n<p>Ser\u00e1 el s\u00e1bado 15 de noviembre con entrada libre y gratuita. Habr\u00e1 arte e historia bajo las estrellas.<\/p>\n\n\n\n<hr class=\"wp-block-separator aligncenter has-alpha-channel-opacity\"\/>\n\n\n\n<p>El <strong>s\u00e1bado 15 de noviembre <\/strong>Olavarr\u00eda y sus localidades se suman a la <strong>primera edici\u00f3n de \u201cNoche de los Museos<\/strong>\u201d, una jornada donde el arte, la historia y la memoria se re\u00fanen bajo las estrellas.<\/p>\n\n\n\n<p><\/p>\n\n\n\n<p>Con <strong>entrada libre y gratuita los espacios abrir\u00e1n sus puertas desde las 19 horas <\/strong>invitando al p\u00fablico a recorrerlos a la luz de la noche, con nuevas miradas, sonidos y experiencias. Durante la noche los museos ofrecer\u00e1n<strong> visitas especiales, intervenciones musicales, realidad virtual, talleres <\/strong>y la participaci\u00f3n de vecinos e instituciones.<\/p>\n\n\n\n<p><\/p>\n\n\n\n<blockquote class=\"wp-block-quote is-layout-flow wp-block-quote-is-layout-flow\">\n<p>El circuito incluir\u00e1 los espacios del centro y de las localidades. Los Museos que participan del evento ser\u00e1n el Museo D\u00e1maso Arce (San Mart\u00edn 2862); el Museo Municipal Hermanos Emiliozzi (Necochea 3229); el Museo Municipal de las Ciencias \u201cIng. Rita Toniutti\u201d (avenida Pellegrini 4200); el Museo Municipal de Espigas (Calle 6 y 9): el Museo Municipal de los Alemanes del Volga \u201cAriel Chi\u00e9rico\u201d (avenida de los Fundadores 610); el Museo Hogar Municipal Loma Negra (Sarmiento 830): el Museo Municipal \u201cMiguel Stoessel M\u00fcller (avenida San Miguel Arc\u00e1ngel 1209); el Colonia San Miguel Museo Municipal de la Piedra \u201cEmma Occhi\u201d de Sierra Chica (Calle Sbardolini 1001); y el Museo Municipal de la Estaci\u00f3n de Sierras Bayas (avenida San Mart\u00edn al 2000).&nbsp;<\/p>\n<\/blockquote>\n\n\n\n<p><\/p>\n\n\n\n<p>Cabe destacar que el evento contar\u00e1 con el acompa\u00f1amiento de la Asociaci\u00f3n Descendientes de los Alemanes del Volga filial Colonia Hinojo\u201d, Uni\u00f3n de Colonias Alemanas del Volga del Partido de Olavarr\u00eda, \u201cAsociaci\u00f3n Civil Patrimonio Cultural Minero, Casa de Cultura y Turismo Loma Negra (V.A.F.) y Patrimonio Sierra Chica.<\/p>\n\n\n\n<p><\/p>\n\n\n\n<p><\/p>\n\n\n\n<p><strong>Cronograma completo <\/strong><\/p>\n\n\n\n<p><strong>Museo Municipal \u201cD\u00e1maso Arce\u201d<\/strong><\/p>\n\n\n\n<p>Salas abiertas de 19 a 23 horas<\/p>\n\n\n\n<ul class=\"wp-block-list\">\n<li>19:00 hs: Exploradores del arte oculto (actividad apta para todo p\u00fablico, sin inscripci\u00f3n, con cupo por orden de llegada).<\/li>\n\n\n\n<li>20 horas: \u201cVelada Gr\u00e1fica\u201d: Actividad que ofrece estampas de grabado para que el p\u00fablico se las lleve, se exhiben m\u00faltiples impresiones de diferentes matrices. Esta din\u00e1mica permite al p\u00fablico adquirir una estampa creando una conexi\u00f3n directa con el artista y la t\u00e9cnica. Las mismas est\u00e1n dispuestas de manera accesible, para que el p\u00fablico pueda mirarlas de cerca. Los artistas, Cecilia Bax, Natalia Krivochen, Fernando Garcia y Lorena Rivas, estar\u00e1n presentes para hablar sobre el proceso de creaci\u00f3n, las t\u00e9cnicas de grabado utilizadas, el significado de la obra y responder preguntas del p\u00fablico. El objetivo es democratizar el arte, permitiendo que m\u00e1s personas puedan adquirir una obra original y fomentando el conocimiento del grabado como t\u00e9cnica art\u00edstica y de comunicaci\u00f3n. No requiere inscripci\u00f3n. Cupo ilimitado. P\u00fablico en general.<\/li>\n<\/ul>\n\n\n\n<p><strong>Museo Municipal \u201cHermanos Emiliozzi\u201d<\/strong><\/p>\n\n\n\n<p>Apertura de salas de 17:30 a 22:00 horas<\/p>\n\n\n\n<ul class=\"wp-block-list\">\n<li>17:30 horas: Se presentar\u00e1n alumnos del Conservatorio de M\u00fasica \u201cE. Mog\u00e1vero\u201d, la Orquesta Escuela Municipal y la Banda Escuela Municipal \u201cHugo Bazzano\u201d. En esta oportunidad expondr\u00e1n el trabajo final integrador (Ail\u00e9n Ruiz, Mail\u00e9n Suburu, Valentina Fernandez, Walter Ben\u00edtez).<\/li>\n\n\n\n<li>19:00 horas. Experiencia inmersiva a cargo de Nexura VR. El taller de Emiliozzi. A Trav\u00e9s de la utilizaci\u00f3n de la realidad virtual volveremos en el tiempo para ver a los gringos en su taller. Actividad con cupo. Inscripci\u00f3n en el museo, para mayores de 12 a\u00f1os.<\/li>\n<\/ul>\n\n\n\n<p><strong>Museo Municipal de las Ciencias \u201cIng. Rita Toniutti\u201d y Polo Educativo y Recreativo \u201cLa M\u00e1xima\u201d<\/strong><\/p>\n\n\n\n<p>Apertura de salas de 18:00 a 21:00 horas<\/p>\n\n\n\n<ul class=\"wp-block-list\">\n<li>20:00 horas. \u201cMegafauna fl\u00faor\u201d (apta para todo p\u00fablico, sin inscripci\u00f3n, con cupo por orden de llegada)<\/li>\n<\/ul>\n\n\n\n<p><strong>Museo Municipal de Espigas<\/strong><\/p>\n\n\n\n<p>Apertura de salas de 19:00 a 22:00 horas<\/p>\n\n\n\n<ul class=\"wp-block-list\">\n<li>19:30 horas: Exploradores del arte oculto (actividad apta para todo p\u00fablico, sin inscripci\u00f3n, con cupo por orden de llegada)<\/li>\n<\/ul>\n\n\n\n<p><strong>Museo Municipal de los Alemanes del Volga \u201cAriel Chierico\u201d de Colonia Hinojo<\/strong><\/p>\n\n\n\n<p>Apertura de salas de 19:00 a 22:00 horas<\/p>\n\n\n\n<ul class=\"wp-block-list\">\n<li>Venta de comida a cargo de Alemanes del Volga<\/li>\n\n\n\n<li>19:00 horas: Exploradores del arte oculto (actividad apta para todo p\u00fablico, sin inscripci\u00f3n, con cupo por orden de llegada).<\/li>\n\n\n\n<li>20:00 horas: Presentaci\u00f3n de Chicha.<\/li>\n\n\n\n<li>20:30 horas: Luis Gallastegui y baile de Folklore.<\/li>\n<\/ul>\n\n\n\n<p><strong>Museo Hogar Municipal Loma Negra<\/strong><\/p>\n\n\n\n<p>Apertura de salas de 19:00 a 22:00 horas<\/p>\n\n\n\n<ul class=\"wp-block-list\">\n<li>19:00 horas. Presentaci\u00f3n de Cintia de la biblioteca \u201cRinc\u00f3n de los Sue\u00f1os\u201d, con una actividad de autores locales.(con cupo, por orden de llegada, actividad para infancias acompa\u00f1ados por un adulto). Casa Cultura y Turismo (VAF).<\/li>\n\n\n\n<li>20:00 horas. Presentaci\u00f3n del Taller municipal de danza cl\u00e1sica india.<\/li>\n\n\n\n<li>20:30 horas. Exploradores del arte oculto (actividad apta para todo p\u00fablico, sin inscripci\u00f3n, con cupo por orden de llegada)<\/li>\n\n\n\n<li>21:00 horas: Coro de la Villa.<\/li>\n<\/ul>\n\n\n\n<p><strong>Museo Municipal \u201cMiguel Stoessel M\u00fcller\u201d de Colonia San Miguel<\/strong><\/p>\n\n\n\n<p>Apertura de salas de 19:00 a 22:00 horas<\/p>\n\n\n\n<ul class=\"wp-block-list\">\n<li>19:00 horas: Exploradores del arte oculto (actividad apta para todo p\u00fablico, sin inscripci\u00f3n, con cupo por orden de llegada).<\/li>\n\n\n\n<li>20:00 horas: Taller Municipal de Folclore.<\/li>\n\n\n\n<li>20:30 horas: Taekwondo.<\/li>\n<\/ul>\n\n\n\n<p><strong>Museo Municipal de la Piedra \u201cEmma Occhi\u201d de Sierra Chica<\/strong><\/p>\n\n\n\n<p>Apertura de salas de 19:00 a 22:00 horas<\/p>\n\n\n\n<ul class=\"wp-block-list\">\n<li>Presentaci\u00f3n del cierre del taller municipal de Marroquiner\u00eda.<\/li>\n\n\n\n<li>19:00 horas: Exploradores del arte oculto (actividad apta para todo p\u00fablico, sin inscripci\u00f3n, con cupo por orden de llegada).<\/li>\n\n\n\n<li>20:00 horas: Conversatorio \u201cArtesanos de la piedra\u201d a cargo del grupo Patrimonio Sierra Chica.<\/li>\n<\/ul>\n\n\n\n<p>Disertar\u00e1n:<\/p>\n\n\n\n<p>\u2013 Alejandro Gregorini, descendiente de los primeros inmigrantes italianos que vinieron a extraer el granito para la industria minera y propietario de la Capilla Santa Luc\u00eda y la Casona de Gregorini.<\/p>\n\n\n\n<p>\u2013 Jorge Pacheco, heredero del oficio de picapedrero.<\/p>\n\n\n\n<p>\u2013 Mario Arabito, arquitecto e integrante del grupo Patrimonio Arquitect\u00f3nico de Olavarr\u00eda.<\/p>\n\n\n\n<p>\u2013 Rodrigo Pallicer, Licenciado en Antropolog\u00eda Social, Profesor de Antropolog\u00eda y Magister en Patrimonio Industrial.<\/p>\n\n\n\n<ul class=\"wp-block-list\">\n<li>Presentaci\u00f3n de muestra est\u00e1tica con documentos, fotograf\u00edas y audiovisuales del patrimonio de la localidad a cargo de Patrimonio Sierra Chica.<\/li>\n<\/ul>\n\n\n\n<p><strong>Museo Municipal de la Estaci\u00f3n de Sierras Bayas<\/strong><\/p>\n\n\n\n<p>Apertura de salas de 19:00 a 22:00 horas<\/p>\n\n\n\n<ul class=\"wp-block-list\">\n<li>19: 30 horas: Clase abierta de zumba.<\/li>\n\n\n\n<li>20:00 horas: Patrimonio Sierras Bayas.<\/li>\n\n\n\n<li>20:30 horas. Exploradores del arte oculto (actividad apta para todo p\u00fablico. sin inscripci\u00f3n, con cupo por orden de llegada).<\/li>\n\n\n\n<li>21:00 horas. Presentaci\u00f3n del libro: Bruma Marsure\u00f1a, una antolog\u00eda de cuentos extra\u00f1os y fant\u00e1sticos.<\/li>\n<\/ul>\n","protected":false},"excerpt":{"rendered":"<p>Ser\u00e1 el s\u00e1bado 15 de noviembre con entrada libre y gratuita. Habr\u00e1 arte e historia bajo las estrellas. El s\u00e1bado<\/p>\n","protected":false},"author":6,"featured_media":50370,"comment_status":"closed","ping_status":"closed","sticky":false,"template":"","format":"standard","meta":{"_jetpack_memberships_contains_paid_content":false,"footnotes":""},"categories":[9,1],"tags":[],"class_list":["post-187649","post","type-post","status-publish","format-standard","has-post-thumbnail","hentry","category-cultura","category-portada"],"jetpack_featured_media_url":"https:\/\/i0.wp.com\/cdnoticias.com\/wp-content\/uploads\/2022\/03\/Museo-Damaso-Arce-Drone.jpg?fit=800%2C445&ssl=1","jetpack_sharing_enabled":true,"_links":{"self":[{"href":"https:\/\/cdnoticias.com\/index.php\/wp-json\/wp\/v2\/posts\/187649","targetHints":{"allow":["GET"]}}],"collection":[{"href":"https:\/\/cdnoticias.com\/index.php\/wp-json\/wp\/v2\/posts"}],"about":[{"href":"https:\/\/cdnoticias.com\/index.php\/wp-json\/wp\/v2\/types\/post"}],"author":[{"embeddable":true,"href":"https:\/\/cdnoticias.com\/index.php\/wp-json\/wp\/v2\/users\/6"}],"replies":[{"embeddable":true,"href":"https:\/\/cdnoticias.com\/index.php\/wp-json\/wp\/v2\/comments?post=187649"}],"version-history":[{"count":0,"href":"https:\/\/cdnoticias.com\/index.php\/wp-json\/wp\/v2\/posts\/187649\/revisions"}],"wp:featuredmedia":[{"embeddable":true,"href":"https:\/\/cdnoticias.com\/index.php\/wp-json\/wp\/v2\/media\/50370"}],"wp:attachment":[{"href":"https:\/\/cdnoticias.com\/index.php\/wp-json\/wp\/v2\/media?parent=187649"}],"wp:term":[{"taxonomy":"category","embeddable":true,"href":"https:\/\/cdnoticias.com\/index.php\/wp-json\/wp\/v2\/categories?post=187649"},{"taxonomy":"post_tag","embeddable":true,"href":"https:\/\/cdnoticias.com\/index.php\/wp-json\/wp\/v2\/tags?post=187649"}],"curies":[{"name":"wp","href":"https:\/\/api.w.org\/{rel}","templated":true}]}}