{"id":187632,"date":"2025-11-12T13:53:05","date_gmt":"2025-11-12T16:53:05","guid":{"rendered":"https:\/\/cdnoticias.com\/?p=187632"},"modified":"2025-11-12T17:11:36","modified_gmt":"2025-11-12T20:11:36","slug":"inundaciones-en-la-provincia-andrea-coronel-con-patricia-bullrich","status":"publish","type":"post","link":"https:\/\/cdnoticias.com\/index.php\/2025\/11\/12\/inundaciones-en-la-provincia-andrea-coronel-con-patricia-bullrich\/","title":{"rendered":"Inundaciones en la provincia: Andrea Coronel con Patricia Bullrich"},"content":{"rendered":"<p>Estuvo en la presentaci\u00f3n del Centro Operativo Log\u00edstico del Gobierno Nacional en la localidad de 9 de Julio. La olavarriense manifest\u00f3 \u201cpreocupaci\u00f3n\u201d por los distritos de la S\u00e9ptima secci\u00f3n.<!--more--><\/p>\n<hr \/>\n<p>La <strong>olavarriense Andrea Coronel<\/strong> acompa\u00f1\u00f3 a la <strong>ministra de Seguridad de la Naci\u00f3n, Patricia Bullrich<\/strong>, en la presentaci\u00f3n del <strong>Centro Operativo Log\u00edstico del Gobierno Nacional en la localidad de 9 de Julio<\/strong>, destinado a asistir a los <strong>municipios afectados por las fuertes <a href=\"https:\/\/cdnoticias.com\/index.php\/2025\/11\/05\/estiman-en-5-millones-las-hectareas-afectadas-por-las-lluvias-en-la-provincia-de-buenos-aires\/\" target=\"_blank\" rel=\"noopener\">lluvias e inundaciones<\/a><\/strong> que atraviesan la regi\u00f3n.<\/p>\n<blockquote><p>Seg\u00fan se inform\u00f3, \u201cla preocupaci\u00f3n de Coronel se debe a la situaci\u00f3n de los municipios de la 7ma secci\u00f3n, varios de los cuales se encuentran seriamente comprometidos por esta emergencia h\u00eddrica\u201d.<\/p><\/blockquote>\n<p><img data-recalc-dims=\"1\" loading=\"lazy\" decoding=\"async\" class=\"alignnone size-full wp-image-187633 aligncenter\" src=\"https:\/\/i0.wp.com\/cdnoticias.com\/wp-content\/uploads\/2025\/11\/andrea-coronel-bullrich-9-de-julio-1.jpeg?resize=800%2C445&#038;ssl=1\" alt=\"\" width=\"800\" height=\"445\" srcset=\"https:\/\/i0.wp.com\/cdnoticias.com\/wp-content\/uploads\/2025\/11\/andrea-coronel-bullrich-9-de-julio-1.jpeg?w=800&amp;ssl=1 800w, https:\/\/i0.wp.com\/cdnoticias.com\/wp-content\/uploads\/2025\/11\/andrea-coronel-bullrich-9-de-julio-1.jpeg?resize=300%2C167&amp;ssl=1 300w, https:\/\/i0.wp.com\/cdnoticias.com\/wp-content\/uploads\/2025\/11\/andrea-coronel-bullrich-9-de-julio-1.jpeg?resize=768%2C427&amp;ssl=1 768w\" sizes=\"auto, (max-width: 800px) 100vw, 800px\" \/><\/p>\n<p>Tambi\u00e9n particip\u00f3 el director de la<strong> Agencia Federal de Emergencias (AFE), Santiago Hardie<\/strong>, quien detall\u00f3 las medidas que se pondr\u00e1n en marcha. Tras la presentaci\u00f3n, Bullrich mantuvo una<strong> reuni\u00f3n con productores rurales, entidades del sector y autoridades locales<\/strong> para <strong>evaluar el impacto del exceso h\u00eddrico,<\/strong>\u00a0caminos rurales intransitables, p\u00e9rdidas productivas, anegamientos, afectaci\u00f3n en tambos, retrasos en cosechas y complicaciones en el acceso a escuelas y servicios esenciales.<\/p>\n<p>Coronel, junto al<strong> concejal de La Libertad Avanza de Bol\u00edvar, C\u00e9sar Pacho<\/strong>, conversaron con el director de AFE, con quien acordaron<strong> una reuni\u00f3n a realizarse esta semana en el Ministerio de Seguridad<\/strong> para acelerar respuestas hacia los municipios afectados.<\/p>\n<p><img data-recalc-dims=\"1\" loading=\"lazy\" decoding=\"async\" class=\"alignnone size-full wp-image-187635 aligncenter\" src=\"https:\/\/i0.wp.com\/cdnoticias.com\/wp-content\/uploads\/2025\/11\/andrea-coronel-bullrich-9-de-julio-3.jpeg?resize=800%2C445&#038;ssl=1\" alt=\"\" width=\"800\" height=\"445\" srcset=\"https:\/\/i0.wp.com\/cdnoticias.com\/wp-content\/uploads\/2025\/11\/andrea-coronel-bullrich-9-de-julio-3.jpeg?w=800&amp;ssl=1 800w, https:\/\/i0.wp.com\/cdnoticias.com\/wp-content\/uploads\/2025\/11\/andrea-coronel-bullrich-9-de-julio-3.jpeg?resize=300%2C167&amp;ssl=1 300w, https:\/\/i0.wp.com\/cdnoticias.com\/wp-content\/uploads\/2025\/11\/andrea-coronel-bullrich-9-de-julio-3.jpeg?resize=768%2C427&amp;ssl=1 768w\" sizes=\"auto, (max-width: 800px) 100vw, 800px\" \/><\/p>\n<p>La ministra<strong> Bullrich confirm\u00f3 que el Gobierno Nacional desplegar\u00e1 asistencia inmediata<\/strong>, articulada con los ministerios de Seguridad y Defensa, para reforzar maquinaria, log\u00edstica, veh\u00edculos y apoyo operativo en los distritos m\u00e1s comprometidos. Al mismo tiempo, <em>AFE ya trabaja con los municipios para priorizar intervenciones urgentes.<\/em><\/p>\n<p>Se destac\u00f3 adem\u00e1s<strong> la necesidad de avanzar en obras estructurales<\/strong> que permitan prevenir futuras emergencias, como limpieza y ampliaci\u00f3n de canales, mantenimiento de alcantarillas, mejoras en caminos cr\u00edticos y planificaci\u00f3n h\u00eddrica coordinada con la Provincia.<\/p>\n","protected":false},"excerpt":{"rendered":"<p>Estuvo en la presentaci\u00f3n del Centro Operativo Log\u00edstico del Gobierno Nacional en la localidad de 9 de Julio. La olavarriense<\/p>\n","protected":false},"author":4,"featured_media":187634,"comment_status":"closed","ping_status":"closed","sticky":false,"template":"","format":"standard","meta":{"_jetpack_memberships_contains_paid_content":false,"footnotes":""},"categories":[4,1],"tags":[],"class_list":["post-187632","post","type-post","status-publish","format-standard","has-post-thumbnail","hentry","category-politica","category-portada"],"jetpack_featured_media_url":"https:\/\/i0.wp.com\/cdnoticias.com\/wp-content\/uploads\/2025\/11\/andrea-coronel-bullrich-9-de-julio-2.jpeg?fit=800%2C445&ssl=1","jetpack_sharing_enabled":true,"_links":{"self":[{"href":"https:\/\/cdnoticias.com\/index.php\/wp-json\/wp\/v2\/posts\/187632","targetHints":{"allow":["GET"]}}],"collection":[{"href":"https:\/\/cdnoticias.com\/index.php\/wp-json\/wp\/v2\/posts"}],"about":[{"href":"https:\/\/cdnoticias.com\/index.php\/wp-json\/wp\/v2\/types\/post"}],"author":[{"embeddable":true,"href":"https:\/\/cdnoticias.com\/index.php\/wp-json\/wp\/v2\/users\/4"}],"replies":[{"embeddable":true,"href":"https:\/\/cdnoticias.com\/index.php\/wp-json\/wp\/v2\/comments?post=187632"}],"version-history":[{"count":0,"href":"https:\/\/cdnoticias.com\/index.php\/wp-json\/wp\/v2\/posts\/187632\/revisions"}],"wp:featuredmedia":[{"embeddable":true,"href":"https:\/\/cdnoticias.com\/index.php\/wp-json\/wp\/v2\/media\/187634"}],"wp:attachment":[{"href":"https:\/\/cdnoticias.com\/index.php\/wp-json\/wp\/v2\/media?parent=187632"}],"wp:term":[{"taxonomy":"category","embeddable":true,"href":"https:\/\/cdnoticias.com\/index.php\/wp-json\/wp\/v2\/categories?post=187632"},{"taxonomy":"post_tag","embeddable":true,"href":"https:\/\/cdnoticias.com\/index.php\/wp-json\/wp\/v2\/tags?post=187632"}],"curies":[{"name":"wp","href":"https:\/\/api.w.org\/{rel}","templated":true}]}}