{"id":187628,"date":"2025-11-12T12:43:39","date_gmt":"2025-11-12T15:43:39","guid":{"rendered":"https:\/\/cdnoticias.com\/?p=187628"},"modified":"2025-11-12T15:31:21","modified_gmt":"2025-11-12T18:31:21","slug":"olavarria-sera-sede-del-12-encuentro-nacional-de-salud","status":"publish","type":"post","link":"https:\/\/cdnoticias.com\/index.php\/2025\/11\/12\/olavarria-sera-sede-del-12-encuentro-nacional-de-salud\/","title":{"rendered":"Olavarr\u00eda ser\u00e1 sede del 12\u00b0 Encuentro Nacional de Salud"},"content":{"rendered":"<p>Este s\u00e1bado en el Campus de la Universidad del Centro de la provincia de Buenos Aires. Trabajadores, profesionales y militantes del campo sanitario de todo el pa\u00eds, en debate con perspectiva de futuro.<!--more--><\/p>\n<hr \/>\n<p><strong>Este s\u00e1bado<\/strong> 15 de noviembre se realizar\u00e1 el <strong>12\u00b0 Encuentro Nacional de Salud<\/strong>. Se destac\u00f3 que se trata de<strong> \u201cun espacio de debate e intercambio entre trabajadores, profesionales y militantes del campo sanitario<\/strong> de todo el pa\u00eds, en pos de delinear objetivos claros desde la <strong>autocr\u00edtica y con perspectiva de futuro<\/strong> para seguir construyendo <strong>un sistema de salud integrado, equitativo y de calidad\u201d.<\/strong><\/p>\n<p>Con el objetivo de<strong> fortalecer la participaci\u00f3n y el federalismo sanitario<\/strong>, este \u00e1mbito se transform\u00f3 en <strong>un punto de referencia del movimiento sanitario nacional<\/strong> que cada a\u00f1o confluye en diferentes provincias.<\/p>\n<p>En esta oportunidad, la cita es en el <strong>Campus de la Universidad del Centro de la provincia de Buenos Aires (UNICEN), en Olavarr\u00eda<\/strong>.<\/p>\n<p>&#8220;En el contexto actual, marcado por <strong>una situaci\u00f3n socioecon\u00f3mica que hace que la prevenci\u00f3n pase a un segundo plano<\/strong> y donde <strong>lo p\u00fablico es fuertemente atacado<\/strong>, estos espacios contribuyen a la <strong>discusi\u00f3n de temas profundos<\/strong> como la <em>fragmentaci\u00f3n del sistema de salud, el modelo de financiamiento, y los roles de las obras sociales y las prepagas<\/em>, entre otros&#8221; contextualiz\u00f3 la organizaci\u00f3n.<\/p>\n<blockquote class=\"twitter-tweet\">\n<p dir=\"ltr\" lang=\"es\">\ud83c\udf89 Calentando motores y ultimando detalles para este Encuentro Nacional de Salud que se viene. Todas y todos invitados a esta jornada anual de intercambio y discusi\u00f3n sanitaria.<\/p>\n<p>\u00a1Nos vemos en 3\u20e3 d\u00edas en <a href=\"https:\/\/twitter.com\/hashtag\/Olavarr%C3%ADa?src=hash&amp;ref_src=twsrc%5Etfw\">#Olavarr\u00eda<\/a>! <a href=\"https:\/\/t.co\/mGi4lYsRTi\">pic.twitter.com\/mGi4lYsRTi<\/a><\/p>\n<p>\u2014 Encuentro Nacional de Salud (@saludencuentro) <a href=\"https:\/\/twitter.com\/saludencuentro\/status\/1988616969885467000?ref_src=twsrc%5Etfw\">November 12, 2025<\/a><\/p><\/blockquote>\n<p><script async src=\"https:\/\/platform.twitter.com\/widgets.js\" charset=\"utf-8\"><\/script><\/p>\n<blockquote><p>\u201cUn espacio para animarnos a discutir el sistema de salud sin eufemismos. Naturalizamos un modelo fragmentado, desigual y mercantilizado que hoy muestra sus l\u00edmites con crudeza: m\u00e1s demanda, menos recursos y un Estado nacional que se retira de sus responsabilidades\u201d, detall\u00f3 el ministro de Salud de la provincia de Buenos Aires, Nicol\u00e1s Kreplak.<\/p><\/blockquote>\n<p>En este sentido, <strong>estos encuentros se vuelven fundamentales<\/strong> no solamente para pensar <strong>c\u00f3mo resolver lo coyuntural sino tambi\u00e9n c\u00f3mo hacer una transformaci\u00f3n de fondo<\/strong>, con un pensamiento colectivo con perspectiva hacia adelante, y con base en el incansable trabajo hecho hasta ahora.<\/p>\n<p>\u201cEs importante debatir la salud en <strong>situaciones de crisis y aprovechar las oportunidades<\/strong> para<strong> reconstruir un sistema de salud que sea verdaderamente p\u00fablico, integrado y solidario<\/strong>. Es importante dar el debate sobre el sistema de salud que queremos, con las virtudes y debilidades que hoy presentamos\u201d, expres\u00f3 Kreplak.<\/p>\n<blockquote class=\"twitter-tweet\">\n<p dir=\"ltr\" lang=\"es\">\u00a1Estas son las rondas de debate de este a\u00f1o! \ud83d\ude0e<\/p>\n<p>Una jornada repleta de espacios para la discusi\u00f3n y el intercambio de ideas, pod\u00e9s participar de las que quieras.<\/p>\n<p>Las inscripciones al 12\u00b0ENS siguen abiertas, sumate: <a href=\"https:\/\/t.co\/gurPHoQBpF\">https:\/\/t.co\/gurPHoQBpF<\/a> <a href=\"https:\/\/t.co\/C3HFpdNFEt\">pic.twitter.com\/C3HFpdNFEt<\/a><\/p>\n<p>\u2014 Encuentro Nacional de Salud (@saludencuentro) <a href=\"https:\/\/twitter.com\/saludencuentro\/status\/1988584294739308791?ref_src=twsrc%5Etfw\">November 12, 2025<\/a><\/p><\/blockquote>\n<p><script async src=\"https:\/\/platform.twitter.com\/widgets.js\" charset=\"utf-8\"><\/script><\/p>\n<h3>El encuentro<\/h3>\n<p><strong>La jornada estar\u00e1 organizada en dos turnos de rondas tem\u00e1ticas<\/strong>, uno por la ma\u00f1ana y otro por la tarde, desde las 9 y las 13 respectivamente, donde <strong>miles de asistentes<\/strong> debatir\u00e1n sobre diferentes temas que <strong>construyen la integraci\u00f3n, el federalismo y la amplitud del derecho<\/strong> a la salud a lo largo y ancho del pa\u00eds. En paralelo a las rondas de debate, en el Espacio Testa se realizar\u00e1n presentaciones de libros de tem\u00e1tica sanitaria.<\/p>\n<p>Adem\u00e1s, la edici\u00f3n contar\u00e1 con una<strong> Feria Sanitaria<\/strong> donde organizaciones sociales, pol\u00edticas, ONGs, equipos de salud y editoriales compartir\u00e1n sus trabajos sanitarios en territorio y experiencias de abordaje.<\/p>\n<p>Cabe resaltar que el d\u00eda previo,<strong> el viernes 14 de noviembre<\/strong>, estudiantes de todo el pa\u00eds participar\u00e1n del<strong> 4\u00b0 Encuentro Nacional de Estudiantes de la Salud<\/strong>.<\/p>\n<p>El <strong>acto central<\/strong> tendr\u00e1 lugar a las <strong>16 horas del d\u00eda s\u00e1bado.<\/strong><\/p>\n<p>Para <strong>m\u00e1s informaci\u00f3n<\/strong>, ingresar a las redes del ENS2025:<\/p>\n<ul>\n<li><a href=\"https:\/\/www.instagram.com\/encuentronacionaldesalud\/\" target=\"_blank\" rel=\"noopener\">https:\/\/www.instagram.com\/encuentronacionaldesalud\/<\/a><\/li>\n<li><a href=\"https:\/\/x.com\/saludencuentro\" target=\"_blank\" rel=\"noopener\">https:\/\/x.com\/saludencuentro<\/a><\/li>\n<\/ul>\n","protected":false},"excerpt":{"rendered":"<p>Este s\u00e1bado en el Campus de la Universidad del Centro de la provincia de Buenos Aires. Trabajadores, profesionales y militantes<\/p>\n","protected":false},"author":4,"featured_media":53804,"comment_status":"closed","ping_status":"closed","sticky":false,"template":"","format":"standard","meta":{"_jetpack_memberships_contains_paid_content":false,"footnotes":""},"categories":[5,1],"tags":[],"class_list":["post-187628","post","type-post","status-publish","format-standard","has-post-thumbnail","hentry","category-informacion-general","category-portada"],"jetpack_featured_media_url":"https:\/\/i0.wp.com\/cdnoticias.com\/wp-content\/uploads\/2022\/05\/unicen-campus.jpg?fit=800%2C445&ssl=1","jetpack_sharing_enabled":true,"_links":{"self":[{"href":"https:\/\/cdnoticias.com\/index.php\/wp-json\/wp\/v2\/posts\/187628","targetHints":{"allow":["GET"]}}],"collection":[{"href":"https:\/\/cdnoticias.com\/index.php\/wp-json\/wp\/v2\/posts"}],"about":[{"href":"https:\/\/cdnoticias.com\/index.php\/wp-json\/wp\/v2\/types\/post"}],"author":[{"embeddable":true,"href":"https:\/\/cdnoticias.com\/index.php\/wp-json\/wp\/v2\/users\/4"}],"replies":[{"embeddable":true,"href":"https:\/\/cdnoticias.com\/index.php\/wp-json\/wp\/v2\/comments?post=187628"}],"version-history":[{"count":0,"href":"https:\/\/cdnoticias.com\/index.php\/wp-json\/wp\/v2\/posts\/187628\/revisions"}],"wp:featuredmedia":[{"embeddable":true,"href":"https:\/\/cdnoticias.com\/index.php\/wp-json\/wp\/v2\/media\/53804"}],"wp:attachment":[{"href":"https:\/\/cdnoticias.com\/index.php\/wp-json\/wp\/v2\/media?parent=187628"}],"wp:term":[{"taxonomy":"category","embeddable":true,"href":"https:\/\/cdnoticias.com\/index.php\/wp-json\/wp\/v2\/categories?post=187628"},{"taxonomy":"post_tag","embeddable":true,"href":"https:\/\/cdnoticias.com\/index.php\/wp-json\/wp\/v2\/tags?post=187628"}],"curies":[{"name":"wp","href":"https:\/\/api.w.org\/{rel}","templated":true}]}}