{"id":187616,"date":"2025-11-12T11:31:37","date_gmt":"2025-11-12T14:31:37","guid":{"rendered":"https:\/\/cdnoticias.com\/?p=187616"},"modified":"2025-11-12T15:01:02","modified_gmt":"2025-11-12T18:01:02","slug":"la-provincia-anuncio-la-construccion-de-un-parque-solar-en-azul","status":"publish","type":"post","link":"https:\/\/cdnoticias.com\/index.php\/2025\/11\/12\/la-provincia-anuncio-la-construccion-de-un-parque-solar-en-azul\/","title":{"rendered":"La Provincia anunci\u00f3 la construcci\u00f3n de un parque solar en Azul"},"content":{"rendered":"<p>El Gobierno bonaerense, a trav\u00e9s del programa PROINGED, adjudic\u00f3 la obra que se realizar\u00e1 en la localidad de 16 de Julio. La inversi\u00f3n total para cinco parques llegar\u00e1 2,4 millones de d\u00f3lares.<!--more--><\/p>\n<hr \/>\n<p>El <strong>Municipio de Azul<\/strong> inform\u00f3 que <strong>el gobierno bonaerense, a trav\u00e9s del Programa Provincial de Incentivos a la Generaci\u00f3n Distribuida Renovable (PROINGED)<\/strong>, adjudic\u00f3 la <strong>construcci\u00f3n de cinco nuevos parques solares<\/strong> en la provincia de Buenos Aires, uno de los cuales estar\u00e1 ubicado <strong>en la localidad de 16 de Julio.<\/strong><\/p>\n<blockquote><p>Con una inversi\u00f3n total de 2,4 millones de d\u00f3lares, las obras se desarrollar\u00e1n en Coronel Rosales, Azul, Punta Indio, San Cayetano y Alberti, como parte del Plan de Generaci\u00f3n Distribuida Solar que impulsa el Ministerio de Infraestructura y Servicios P\u00fablicos de la Provincia junto al Foro Regional El\u00e9ctrico de Buenos Aires (FREBA).<\/p><\/blockquote>\n<p>El financiamiento de los proyectos ejecutados por ese programa proviene de los<strong> fondos de la tarifa el\u00e9ctrica destinados a las energ\u00edas renovables.<\/strong><\/p>\n<h3>El Plan de Generaci\u00f3n Distribuida Solar<\/h3>\n<p>En el caso de Azul, <strong>el parque solar estar\u00e1 ubicado en 16 de Julio<\/strong> y contar\u00e1 con una<strong> potencia de 300 kWp<\/strong>. Esta iniciativa se suma a los 26 parques solares ya operativos en territorio provincial.<\/p>\n<p>El Plan de Generaci\u00f3n Distribuida Solar tiene como fin <strong>fortalecer el servicio el\u00e9ctrico en zonas rurales y semiurbanas<\/strong>, generando diferentes beneficios, entre ellos <strong>inyectar energ\u00eda cerca de los centros de consumo<\/strong>, reduciendo p\u00e9rdidas por transporte, y <strong>sustituir la generaci\u00f3n mediante diesel<\/strong> por energ\u00eda renovable.<\/p>\n<p>Asimismo, se busca <strong>aumentar la oferta el\u00e9ctrica<\/strong> para emprendimientos productivos y desarrollo local; y brindar <strong>soluciones energ\u00e9ticas sustentables<\/strong> con plazos de ejecuci\u00f3n m\u00e1s breves que las obras tradicionales de alta tensi\u00f3n.<\/p>\n<p>Se detall\u00f3 que adem\u00e1s<em> en los parques de Coronel Rosales y San Cayetano<\/em> se incorporar\u00e1<strong> un sistema de almacenamiento<\/strong> en bater\u00edas de litio, permitiendo abastecer la demanda energ\u00e9tica fuera del horario solar.<\/p>\n<h3>Las adjudicaciones<\/h3>\n<ul>\n<li>Coronel Rosales \u2013 Localidad de Pehuen-Co: 1.000 kWp + 2.097 kWh de sistema de acumulaci\u00f3n<\/li>\n<li>San Cayetano \u2013 Localidad de San Cayetano: 400 kWp + 964 kWh de sistema de acumulaci\u00f3n<\/li>\n<li>Azul- Localidad de 16 de Julio: 300 kWp<\/li>\n<li>Punta Indio \u2013 Localidad de Pipinas: 300 kWp<\/li>\n<li>Alberti \u2013 Localidad de Alberti: 500 kWp<\/li>\n<\/ul>\n<blockquote><p>La generaci\u00f3n estimada de estos cinco nuevos proyectos es del orden de los 4.000 kWh al a\u00f1o, lo que equivale al abastecimiento con energ\u00eda limpia a m\u00e1s de 1300 hogares.<\/p><\/blockquote>\n","protected":false},"excerpt":{"rendered":"<p>El Gobierno bonaerense, a trav\u00e9s del programa PROINGED, adjudic\u00f3 la obra que se realizar\u00e1 en la localidad de 16 de<\/p>\n","protected":false},"author":4,"featured_media":74772,"comment_status":"closed","ping_status":"closed","sticky":false,"template":"","format":"standard","meta":{"_jetpack_memberships_contains_paid_content":false,"footnotes":""},"categories":[5,1],"tags":[],"class_list":["post-187616","post","type-post","status-publish","format-standard","has-post-thumbnail","hentry","category-informacion-general","category-portada"],"jetpack_featured_media_url":"https:\/\/i0.wp.com\/cdnoticias.com\/wp-content\/uploads\/2023\/01\/panel-solar-00.jpg?fit=800%2C445&ssl=1","jetpack_sharing_enabled":true,"_links":{"self":[{"href":"https:\/\/cdnoticias.com\/index.php\/wp-json\/wp\/v2\/posts\/187616","targetHints":{"allow":["GET"]}}],"collection":[{"href":"https:\/\/cdnoticias.com\/index.php\/wp-json\/wp\/v2\/posts"}],"about":[{"href":"https:\/\/cdnoticias.com\/index.php\/wp-json\/wp\/v2\/types\/post"}],"author":[{"embeddable":true,"href":"https:\/\/cdnoticias.com\/index.php\/wp-json\/wp\/v2\/users\/4"}],"replies":[{"embeddable":true,"href":"https:\/\/cdnoticias.com\/index.php\/wp-json\/wp\/v2\/comments?post=187616"}],"version-history":[{"count":0,"href":"https:\/\/cdnoticias.com\/index.php\/wp-json\/wp\/v2\/posts\/187616\/revisions"}],"wp:featuredmedia":[{"embeddable":true,"href":"https:\/\/cdnoticias.com\/index.php\/wp-json\/wp\/v2\/media\/74772"}],"wp:attachment":[{"href":"https:\/\/cdnoticias.com\/index.php\/wp-json\/wp\/v2\/media?parent=187616"}],"wp:term":[{"taxonomy":"category","embeddable":true,"href":"https:\/\/cdnoticias.com\/index.php\/wp-json\/wp\/v2\/categories?post=187616"},{"taxonomy":"post_tag","embeddable":true,"href":"https:\/\/cdnoticias.com\/index.php\/wp-json\/wp\/v2\/tags?post=187616"}],"curies":[{"name":"wp","href":"https:\/\/api.w.org\/{rel}","templated":true}]}}