{"id":187607,"date":"2025-11-12T10:00:46","date_gmt":"2025-11-12T13:00:46","guid":{"rendered":"https:\/\/cdnoticias.com\/?p=187607"},"modified":"2025-11-12T12:44:11","modified_gmt":"2025-11-12T15:44:11","slug":"arba-desde-2026-la-patente-se-abonara-en-diez-cuotas-mensuales","status":"publish","type":"post","link":"https:\/\/cdnoticias.com\/index.php\/2025\/11\/12\/arba-desde-2026-la-patente-se-abonara-en-diez-cuotas-mensuales\/","title":{"rendered":"ARBA: desde 2026 la patente se abonar\u00e1 en diez cuotas mensuales"},"content":{"rendered":"<p>Seg\u00fan inform\u00f3 ARBA, el cambio en la modalidad de pago de la patente busca facilitar la planificaci\u00f3n financiera de las familias.<!--more--><\/p>\n<hr \/>\n<p><strong>A partir de 2026<\/strong>, ARBA cambiar\u00e1 la <strong>modalidad de pago del Impuesto Automotor<\/strong>, que se abonar\u00e1<strong> en diez cuotas mensuales iguales desde marzo<\/strong>, con el objetivo de facilitar la planificaci\u00f3n financiera de las familias.<\/p>\n<blockquote><p>Seg\u00fan explic\u00f3 el director ejecutivo de la Agencia de Recaudaci\u00f3n bonaerense, Cristian Girard, la medida busca \u201cbrindar mayor previsibilidad y organizaci\u00f3n a la econom\u00eda familiar\u201d.<\/p><\/blockquote>\n<p><a href=\"https:\/\/cdnoticias.com\/index.php\/2025\/11\/06\/como-impacta-la-baja-de-patente-que-proyecta-la-provincia-para-2026\/\" target=\"_blank\" rel=\"noopener\">Tal como se hab\u00eda adelantado<\/a>, el <strong>75% de los propietarios de veh\u00edculos pagar\u00e1 una patente m\u00e1s baja el pr\u00f3ximo a\u00f1o<\/strong>, como resultado de la reformulaci\u00f3n de las tablas del tributo prevista en el proyecto de Ley Impositiva que el Ejecutivo envi\u00f3 a la Legislatura.<\/p>\n<p>\u201cEstamos bajando nominalmente la patente al 75% de los propietarios de veh\u00edculos. <strong>Tres de cada cuatro bonaerenses van a pagar menos que este a\u00f1o, gracias a una reformulaci\u00f3n de las tablas<\/strong> que recompone la<strong> equidad<\/strong>, protege a los sectores medios y evita que la presi\u00f3n impositiva recaiga desproporcionadamente sobre ellos\u201d, afirm\u00f3 Girard sobre esta novedad dada a conocer con la presentaci\u00f3n del <a href=\"https:\/\/cdnoticias.com\/index.php\/2025\/11\/05\/para-2026-la-provincia-propone-bajar-la-patente-y-congelar-el-inmobiliario\/\" target=\"_blank\" rel=\"noopener\">proyecto de Ley Impositiva 2026 provincial<\/a>.<\/p>\n<p>La nueva estructura del impuesto reducir\u00e1 los tramos de 15 a 5, con al\u00edcuotas que ir\u00e1n del 1% al 4,5%, lo que ubicar\u00e1 a <strong>la provincia entre las jurisdicciones con la patente m\u00e1s baja del pa\u00eds<\/strong>.<\/p>\n<p>Fuente: <em>Agencia DIB<\/em><\/p>\n","protected":false},"excerpt":{"rendered":"<p>Seg\u00fan inform\u00f3 ARBA, el cambio en la modalidad de pago de la patente busca facilitar la planificaci\u00f3n financiera de las<\/p>\n","protected":false},"author":4,"featured_media":187006,"comment_status":"closed","ping_status":"closed","sticky":false,"template":"","format":"standard","meta":{"_jetpack_memberships_contains_paid_content":false,"footnotes":""},"categories":[6,1],"tags":[],"class_list":["post-187607","post","type-post","status-publish","format-standard","has-post-thumbnail","hentry","category-nacionales","category-portada"],"jetpack_featured_media_url":"https:\/\/i0.wp.com\/cdnoticias.com\/wp-content\/uploads\/2025\/11\/ARBA-cristian-girard.jpg?fit=1000%2C556&ssl=1","jetpack_sharing_enabled":true,"_links":{"self":[{"href":"https:\/\/cdnoticias.com\/index.php\/wp-json\/wp\/v2\/posts\/187607","targetHints":{"allow":["GET"]}}],"collection":[{"href":"https:\/\/cdnoticias.com\/index.php\/wp-json\/wp\/v2\/posts"}],"about":[{"href":"https:\/\/cdnoticias.com\/index.php\/wp-json\/wp\/v2\/types\/post"}],"author":[{"embeddable":true,"href":"https:\/\/cdnoticias.com\/index.php\/wp-json\/wp\/v2\/users\/4"}],"replies":[{"embeddable":true,"href":"https:\/\/cdnoticias.com\/index.php\/wp-json\/wp\/v2\/comments?post=187607"}],"version-history":[{"count":0,"href":"https:\/\/cdnoticias.com\/index.php\/wp-json\/wp\/v2\/posts\/187607\/revisions"}],"wp:featuredmedia":[{"embeddable":true,"href":"https:\/\/cdnoticias.com\/index.php\/wp-json\/wp\/v2\/media\/187006"}],"wp:attachment":[{"href":"https:\/\/cdnoticias.com\/index.php\/wp-json\/wp\/v2\/media?parent=187607"}],"wp:term":[{"taxonomy":"category","embeddable":true,"href":"https:\/\/cdnoticias.com\/index.php\/wp-json\/wp\/v2\/categories?post=187607"},{"taxonomy":"post_tag","embeddable":true,"href":"https:\/\/cdnoticias.com\/index.php\/wp-json\/wp\/v2\/tags?post=187607"}],"curies":[{"name":"wp","href":"https:\/\/api.w.org\/{rel}","templated":true}]}}