{"id":187598,"date":"2025-11-12T09:04:13","date_gmt":"2025-11-12T12:04:13","guid":{"rendered":"https:\/\/cdnoticias.com\/?p=187598"},"modified":"2025-11-12T11:32:09","modified_gmt":"2025-11-12T14:32:09","slug":"un-detenido-y-mas-de-medio-kilo-de-cocaina-secuestrada","status":"publish","type":"post","link":"https:\/\/cdnoticias.com\/index.php\/2025\/11\/12\/un-detenido-y-mas-de-medio-kilo-de-cocaina-secuestrada\/","title":{"rendered":"Un detenido y m\u00e1s de medio kilo de coca\u00edna secuestrada"},"content":{"rendered":"<p>Intervino la Divisi\u00f3n Unidad Operativa Federal Olavarr\u00eda en tres allanamientos simult\u00e1neos realizados en Olavarr\u00eda. Adem\u00e1s, quedaron incautados un arma y dinero en efectivo.<!--more--><\/p>\n<hr \/>\n<p><strong>Tres allanamientos simult\u00e1neos<\/strong> se realizaron en <strong>Olavarr\u00eda<\/strong> en el marco de una investigaci\u00f3n por<strong> infracci\u00f3n a la Ley 23.737<\/strong>, con el resultado de <strong>un hombre detenido<\/strong> y el secuestro de <strong>m\u00e1s de 600 gramos de coca\u00edna.<\/strong><\/p>\n<p>Los procedimientos fueron llevados adelante por personal de la <strong>Divisi\u00f3n Unidad Operativa Federal Olavarr\u00eda<\/strong>, con la <strong>colaboraci\u00f3n de la DUOF Azul<\/strong>. Las actuaciones contaron con <strong>\u00f3rdenes judiciales emitidas por el Juzgado de Garant\u00edas N.\u00ba 2<\/strong>, a cargo del <strong>Dr. Carlos Eduardo Villamar\u00edn<\/strong>, a requerimiento de la <strong>Unidad Fiscal de Investigaci\u00f3n N.\u00ba 19<\/strong>, dirigida por el <strong>Dr. Christian Urlezaga<\/strong>.<\/p>\n<p><img data-recalc-dims=\"1\" loading=\"lazy\" decoding=\"async\" class=\"alignnone size-full wp-image-187599 aligncenter\" src=\"https:\/\/i0.wp.com\/cdnoticias.com\/wp-content\/uploads\/2025\/11\/allanamiento-drogas-policia-federal-00.jpg?resize=800%2C444&#038;ssl=1\" alt=\"\" width=\"800\" height=\"444\" srcset=\"https:\/\/i0.wp.com\/cdnoticias.com\/wp-content\/uploads\/2025\/11\/allanamiento-drogas-policia-federal-00.jpg?w=800&amp;ssl=1 800w, https:\/\/i0.wp.com\/cdnoticias.com\/wp-content\/uploads\/2025\/11\/allanamiento-drogas-policia-federal-00.jpg?resize=300%2C167&amp;ssl=1 300w, https:\/\/i0.wp.com\/cdnoticias.com\/wp-content\/uploads\/2025\/11\/allanamiento-drogas-policia-federal-00.jpg?resize=768%2C426&amp;ssl=1 768w\" sizes=\"auto, (max-width: 800px) 100vw, 800px\" \/><\/p>\n<p>Si bien no se precisaron las direcciones, se inform\u00f3 de manera oficial que las diligencias se concretaron en <strong>dos viviendas y un local comercial<\/strong> de la ciudad.<\/p>\n<blockquote><p>El resultado fue el secuestro de m\u00e1s de 600 gramos de clorhidrato de coca\u00edna compactada, lista para ser fraccionada y distribuida bajo la modalidad de narcomenudeo. La droga estaba en poder del hombre que qued\u00f3 detenido.<\/p><\/blockquote>\n<p><img data-recalc-dims=\"1\" loading=\"lazy\" decoding=\"async\" class=\"alignnone size-full wp-image-187602 aligncenter\" src=\"https:\/\/i0.wp.com\/cdnoticias.com\/wp-content\/uploads\/2025\/11\/allanamiento-drogas-policia-federal-03.jpg?resize=800%2C477&#038;ssl=1\" alt=\"\" width=\"800\" height=\"477\" srcset=\"https:\/\/i0.wp.com\/cdnoticias.com\/wp-content\/uploads\/2025\/11\/allanamiento-drogas-policia-federal-03.jpg?w=800&amp;ssl=1 800w, https:\/\/i0.wp.com\/cdnoticias.com\/wp-content\/uploads\/2025\/11\/allanamiento-drogas-policia-federal-03.jpg?resize=300%2C179&amp;ssl=1 300w, https:\/\/i0.wp.com\/cdnoticias.com\/wp-content\/uploads\/2025\/11\/allanamiento-drogas-policia-federal-03.jpg?resize=768%2C458&amp;ssl=1 768w\" sizes=\"auto, (max-width: 800px) 100vw, 800px\" \/><\/p>\n<blockquote><p>Adem\u00e1s, durante los registros se incautaron una pistola marca Glock con su cargador y 17 cartuchos, dinero en efectivo, tel\u00e9fonos celulares, una balanza de precisi\u00f3n y otros elementos de inter\u00e9s para la causa.<\/p><\/blockquote>\n<p>La<strong> investigaci\u00f3n<\/strong>, iniciada en agosto de este a\u00f1o, fue desarrollada por la Brigada de la DUOF Olavarr\u00eda.<\/p>\n<p><img data-recalc-dims=\"1\" loading=\"lazy\" decoding=\"async\" class=\"alignnone size-full wp-image-187600 aligncenter\" src=\"https:\/\/i0.wp.com\/cdnoticias.com\/wp-content\/uploads\/2025\/11\/allanamiento-drogas-policia-federal-01.jpg?resize=800%2C565&#038;ssl=1\" alt=\"\" width=\"800\" height=\"565\" srcset=\"https:\/\/i0.wp.com\/cdnoticias.com\/wp-content\/uploads\/2025\/11\/allanamiento-drogas-policia-federal-01.jpg?w=800&amp;ssl=1 800w, https:\/\/i0.wp.com\/cdnoticias.com\/wp-content\/uploads\/2025\/11\/allanamiento-drogas-policia-federal-01.jpg?resize=300%2C212&amp;ssl=1 300w, https:\/\/i0.wp.com\/cdnoticias.com\/wp-content\/uploads\/2025\/11\/allanamiento-drogas-policia-federal-01.jpg?resize=768%2C542&amp;ssl=1 768w\" sizes=\"auto, (max-width: 800px) 100vw, 800px\" \/><\/p>\n","protected":false},"excerpt":{"rendered":"<p>Intervino la Divisi\u00f3n Unidad Operativa Federal Olavarr\u00eda en tres allanamientos simult\u00e1neos realizados en Olavarr\u00eda. Adem\u00e1s, quedaron incautados un arma y<\/p>\n","protected":false},"author":4,"featured_media":187601,"comment_status":"closed","ping_status":"closed","sticky":false,"template":"","format":"standard","meta":{"_jetpack_memberships_contains_paid_content":false,"footnotes":""},"categories":[14,1],"tags":[],"class_list":["post-187598","post","type-post","status-publish","format-standard","has-post-thumbnail","hentry","category-policiales","category-portada"],"jetpack_featured_media_url":"https:\/\/i0.wp.com\/cdnoticias.com\/wp-content\/uploads\/2025\/11\/allanamiento-drogas-policia-federal-02.jpg?fit=800%2C490&ssl=1","jetpack_sharing_enabled":true,"_links":{"self":[{"href":"https:\/\/cdnoticias.com\/index.php\/wp-json\/wp\/v2\/posts\/187598","targetHints":{"allow":["GET"]}}],"collection":[{"href":"https:\/\/cdnoticias.com\/index.php\/wp-json\/wp\/v2\/posts"}],"about":[{"href":"https:\/\/cdnoticias.com\/index.php\/wp-json\/wp\/v2\/types\/post"}],"author":[{"embeddable":true,"href":"https:\/\/cdnoticias.com\/index.php\/wp-json\/wp\/v2\/users\/4"}],"replies":[{"embeddable":true,"href":"https:\/\/cdnoticias.com\/index.php\/wp-json\/wp\/v2\/comments?post=187598"}],"version-history":[{"count":0,"href":"https:\/\/cdnoticias.com\/index.php\/wp-json\/wp\/v2\/posts\/187598\/revisions"}],"wp:featuredmedia":[{"embeddable":true,"href":"https:\/\/cdnoticias.com\/index.php\/wp-json\/wp\/v2\/media\/187601"}],"wp:attachment":[{"href":"https:\/\/cdnoticias.com\/index.php\/wp-json\/wp\/v2\/media?parent=187598"}],"wp:term":[{"taxonomy":"category","embeddable":true,"href":"https:\/\/cdnoticias.com\/index.php\/wp-json\/wp\/v2\/categories?post=187598"},{"taxonomy":"post_tag","embeddable":true,"href":"https:\/\/cdnoticias.com\/index.php\/wp-json\/wp\/v2\/tags?post=187598"}],"curies":[{"name":"wp","href":"https:\/\/api.w.org\/{rel}","templated":true}]}}