{"id":187594,"date":"2025-11-12T08:37:40","date_gmt":"2025-11-12T11:37:40","guid":{"rendered":"https:\/\/cdnoticias.com\/?p=187594"},"modified":"2025-11-12T08:37:43","modified_gmt":"2025-11-12T11:37:43","slug":"marcela-elena-perez-de-rodriguez-q-e-p-d","status":"publish","type":"post","link":"https:\/\/cdnoticias.com\/index.php\/2025\/11\/12\/marcela-elena-perez-de-rodriguez-q-e-p-d\/","title":{"rendered":"Marcela Elena P\u00e9rez de Rodr\u00edguez (Q.E.P.D.)"},"content":{"rendered":"<p>Falleci\u00f3 en Olavarr\u00eda el 11 de noviembre de 2025 a los 63 a\u00f1os.<\/p>\n<p>Su esposo Roberto Rodr\u00edguez. Su hija Lorena Noem\u00ed Nazer. Su hijo pol\u00edtico Jorge Su\u00e1rez. Su nieto Thiago Su\u00e1rez. Sus hermanos Fabi\u00e1n, Mirta y Jos\u00e9 P\u00e9rez. Sus hermanos pol\u00edticos, sus sobrinos, sus t\u00edos, sus primos, sus amigos y dem\u00e1s deudos participan su fallecimiento.<\/p>\n<p>Sus restos ser\u00e1n velados en la Sala de Espa\u00f1a 2942 departamento \u201cB\u201d, previo responso en la Capilla Ardiente, e inhumados en el Cementerio de Sierras Bayas este mi\u00e9rcoles 12 de noviembre a las 12:30 horas. Servicio adherido a Coopelectric.<\/p>\n<p>Nacida en Sierras Bayas, vecina de barrio Alberdi, jubilada y pensionada.<\/p>\n","protected":false},"excerpt":{"rendered":"<p>Falleci\u00f3 en Olavarr\u00eda el 11 de noviembre de 2025 a los 63 a\u00f1os. Su esposo Roberto Rodr\u00edguez. Su hija Lorena<\/p>\n","protected":false},"author":4,"featured_media":51544,"comment_status":"closed","ping_status":"closed","sticky":false,"template":"","format":"standard","meta":{"_jetpack_memberships_contains_paid_content":false,"footnotes":""},"categories":[10],"tags":[],"class_list":["post-187594","post","type-post","status-publish","format-standard","has-post-thumbnail","hentry","category-necrologicas"],"jetpack_featured_media_url":"https:\/\/i0.wp.com\/cdnoticias.com\/wp-content\/uploads\/2022\/04\/necrologicas-390-x-240.jpg?fit=390%2C240&ssl=1","jetpack_sharing_enabled":true,"_links":{"self":[{"href":"https:\/\/cdnoticias.com\/index.php\/wp-json\/wp\/v2\/posts\/187594","targetHints":{"allow":["GET"]}}],"collection":[{"href":"https:\/\/cdnoticias.com\/index.php\/wp-json\/wp\/v2\/posts"}],"about":[{"href":"https:\/\/cdnoticias.com\/index.php\/wp-json\/wp\/v2\/types\/post"}],"author":[{"embeddable":true,"href":"https:\/\/cdnoticias.com\/index.php\/wp-json\/wp\/v2\/users\/4"}],"replies":[{"embeddable":true,"href":"https:\/\/cdnoticias.com\/index.php\/wp-json\/wp\/v2\/comments?post=187594"}],"version-history":[{"count":0,"href":"https:\/\/cdnoticias.com\/index.php\/wp-json\/wp\/v2\/posts\/187594\/revisions"}],"wp:featuredmedia":[{"embeddable":true,"href":"https:\/\/cdnoticias.com\/index.php\/wp-json\/wp\/v2\/media\/51544"}],"wp:attachment":[{"href":"https:\/\/cdnoticias.com\/index.php\/wp-json\/wp\/v2\/media?parent=187594"}],"wp:term":[{"taxonomy":"category","embeddable":true,"href":"https:\/\/cdnoticias.com\/index.php\/wp-json\/wp\/v2\/categories?post=187594"},{"taxonomy":"post_tag","embeddable":true,"href":"https:\/\/cdnoticias.com\/index.php\/wp-json\/wp\/v2\/tags?post=187594"}],"curies":[{"name":"wp","href":"https:\/\/api.w.org\/{rel}","templated":true}]}}