{"id":187575,"date":"2025-11-12T20:06:58","date_gmt":"2025-11-12T23:06:58","guid":{"rendered":"https:\/\/cdnoticias.com\/?p=187575"},"modified":"2025-11-12T20:07:00","modified_gmt":"2025-11-12T23:07:00","slug":"charla-en-ingenieria-sobre-viviendas-colaborativas-y-envejecimiento-activo","status":"publish","type":"post","link":"https:\/\/cdnoticias.com\/index.php\/2025\/11\/12\/charla-en-ingenieria-sobre-viviendas-colaborativas-y-envejecimiento-activo\/","title":{"rendered":"Charla en Ingenier\u00eda sobre viviendas colaborativas y envejecimiento activo"},"content":{"rendered":"\n<p>La psic\u00f3loga Norma Ofelia Alonso brindar\u00e1 la conferencia \u201cLa vivienda que cambia con tus cambios\u201d el viernes en la FIO. La entrada ser\u00e1 libre y gratuita.<\/p>\n\n\n\n<hr class=\"wp-block-separator aligncenter has-alpha-channel-opacity\"\/>\n\n\n\n<p>La Facultad de Ingenier\u00eda de Olavarr\u00eda (UNICEN) invita a participar de la conferencia <em><strong>\u201cLa vivienda que cambia con tus cambios: viviendas colaborativas para personas mayores\u201d<\/strong><\/em>, que estar\u00e1 a cargo de la<strong> psic\u00f3loga Norma Ofelia Alonso, especialista en gerontolog\u00eda ambiental, mediaci\u00f3n comunitaria y proyectos habitacionales inclusivos.<\/strong><\/p>\n\n\n\n<p>El encuentro se realizar\u00e1 el<strong> viernes 14 de noviembre a las 18 horas en el Auditorio de la Facultad, con entrada libre y gratuita.<\/strong><\/p>\n\n\n\n<p>Durante la actividad se presentar\u00e1n avances en investigaciones sobre la nueva longevidad, as\u00ed como los factores protectores y de riesgo que inciden en el bienestar de las personas mayores.<strong> Tambi\u00e9n se destacar\u00e1 la importancia de los entornos que promueven la autonom\u00eda y la participaci\u00f3n activa en esta etapa de la vida.<\/strong><\/p>\n\n\n\n<p>La propuesta tiene como objetivo <strong>difundir los aportes de la Gerontolog\u00eda Ambiental y promover espacios de intercambio entre profesionales de distintos campos interesados en el h\u00e1bitat y la calidad de vida en la vejez. <\/strong>Est\u00e1 dirigida a profesionales de la construcci\u00f3n, desarrolladores, geront\u00f3logos, kinesi\u00f3logos, psic\u00f3logos, terapistas ocupacionales y otros especialistas vinculados a la tem\u00e1tica.<\/p>\n\n\n\n<p>La actividad es organizada por la<strong> Secretar\u00eda de Extensi\u00f3n, Vinculaci\u00f3n y Transferencia de la Facultad de Ingenier\u00eda y forma parte de las acciones de formaci\u00f3n permanente que impulsa la instituci\u00f3n para fortalecer el v\u00ednculo entre universidad, comunidad y territorio.<\/strong><\/p>\n","protected":false},"excerpt":{"rendered":"<p>La psic\u00f3loga Norma Ofelia Alonso brindar\u00e1 la conferencia \u201cLa vivienda que cambia con tus cambios\u201d el viernes en la FIO.<\/p>\n","protected":false},"author":2,"featured_media":187576,"comment_status":"closed","ping_status":"closed","sticky":false,"template":"","format":"standard","meta":{"_jetpack_memberships_contains_paid_content":false,"footnotes":""},"categories":[5,1],"tags":[],"class_list":["post-187575","post","type-post","status-publish","format-standard","has-post-thumbnail","hentry","category-informacion-general","category-portada"],"jetpack_featured_media_url":"https:\/\/i0.wp.com\/cdnoticias.com\/wp-content\/uploads\/2025\/11\/Charla-Alonso.png?fit=750%2C362&ssl=1","jetpack_sharing_enabled":true,"_links":{"self":[{"href":"https:\/\/cdnoticias.com\/index.php\/wp-json\/wp\/v2\/posts\/187575","targetHints":{"allow":["GET"]}}],"collection":[{"href":"https:\/\/cdnoticias.com\/index.php\/wp-json\/wp\/v2\/posts"}],"about":[{"href":"https:\/\/cdnoticias.com\/index.php\/wp-json\/wp\/v2\/types\/post"}],"author":[{"embeddable":true,"href":"https:\/\/cdnoticias.com\/index.php\/wp-json\/wp\/v2\/users\/2"}],"replies":[{"embeddable":true,"href":"https:\/\/cdnoticias.com\/index.php\/wp-json\/wp\/v2\/comments?post=187575"}],"version-history":[{"count":0,"href":"https:\/\/cdnoticias.com\/index.php\/wp-json\/wp\/v2\/posts\/187575\/revisions"}],"wp:featuredmedia":[{"embeddable":true,"href":"https:\/\/cdnoticias.com\/index.php\/wp-json\/wp\/v2\/media\/187576"}],"wp:attachment":[{"href":"https:\/\/cdnoticias.com\/index.php\/wp-json\/wp\/v2\/media?parent=187575"}],"wp:term":[{"taxonomy":"category","embeddable":true,"href":"https:\/\/cdnoticias.com\/index.php\/wp-json\/wp\/v2\/categories?post=187575"},{"taxonomy":"post_tag","embeddable":true,"href":"https:\/\/cdnoticias.com\/index.php\/wp-json\/wp\/v2\/tags?post=187575"}],"curies":[{"name":"wp","href":"https:\/\/api.w.org\/{rel}","templated":true}]}}