{"id":187473,"date":"2025-11-10T19:41:06","date_gmt":"2025-11-10T22:41:06","guid":{"rendered":"https:\/\/cdnoticias.com\/?p=187473"},"modified":"2025-11-11T10:54:06","modified_gmt":"2025-11-11T13:54:06","slug":"allanamientos-por-vehiculos-con-pedido-de-secuestro-por-robo-uno-fue-en-sierra-chica","status":"publish","type":"post","link":"https:\/\/cdnoticias.com\/index.php\/2025\/11\/10\/allanamientos-por-vehiculos-con-pedido-de-secuestro-por-robo-uno-fue-en-sierra-chica\/","title":{"rendered":"Allanamientos por veh\u00edculos con pedido de secuestro por robo: uno fue en Sierra Chica"},"content":{"rendered":"\n<p>Se trata de varios veh\u00edculos \u201cmellizos\u201d. Todos los compradores fueron imputados por encubrimiento. El procedimiento local fue realizado en la unidad carcelaria de Sierra Chica, el resto en Laprida.<\/p>\n\n\n\n<hr class=\"wp-block-separator aligncenter has-alpha-channel-opacity\"\/>\n\n\n\n<p>Tres allanamientos fueron realizados este viernes por <strong>personal de la Estaci\u00f3n de Polic\u00eda Comunal de Laprida, en el marco de una investigaci\u00f3n judicial caratulada \u201cAveriguaci\u00f3n de il\u00edcito\u201d.<\/strong> Las \u00f3rdenes fueron dispuestas por el Juzgado de Garant\u00edas N\u00b0 2 de Olavarr\u00eda, a cargo del Dr. Carlos Villamar\u00edn.<\/p>\n\n\n\n<p><\/p>\n\n\n\n<p>Dos de los procedimientos se llevaron a cabo en la planta urbana de Laprida y<strong> el restante en una unidad carcelaria de Sierra Chica, todos con resultado positivo. <\/strong>Durante los operativos en Laprida <strong>se secuestraron dos veh\u00edculos que presentaban pedido de secuestro por robo, solicitados por los Departamentos Judiciales de La Matanza y de Lomas de Zamora, adem\u00e1s de documentaci\u00f3n ap\u00f3crifa, tel\u00e9fonos celulares, anotaciones y otros elementos de inter\u00e9s para la causa.<\/strong><\/p>\n\n\n\n<p><\/p>\n\n\n\n<blockquote class=\"wp-block-quote is-layout-flow wp-block-quote-is-layout-flow\">\n<p>En tanto en la unidad carcelaria se secuestraron dos celulares.<\/p>\n<\/blockquote>\n\n\n\n<p><\/p>\n\n\n\n<p><\/p>\n\n\n\n<figure class=\"wp-block-image size-full is-resized\"><img data-recalc-dims=\"1\" loading=\"lazy\" decoding=\"async\" width=\"526\" height=\"318\" src=\"https:\/\/i0.wp.com\/cdnoticias.com\/wp-content\/uploads\/2025\/11\/allanamiento-sch1.jpg?resize=526%2C318&#038;ssl=1\" alt=\"\" class=\"wp-image-187475\" style=\"width:1140px;height:auto\" srcset=\"https:\/\/i0.wp.com\/cdnoticias.com\/wp-content\/uploads\/2025\/11\/allanamiento-sch1.jpg?w=526&amp;ssl=1 526w, https:\/\/i0.wp.com\/cdnoticias.com\/wp-content\/uploads\/2025\/11\/allanamiento-sch1.jpg?resize=300%2C181&amp;ssl=1 300w\" sizes=\"auto, (max-width: 526px) 100vw, 526px\" \/><\/figure>\n\n\n\n<p><\/p>\n\n\n\n<figure class=\"wp-block-image size-full is-resized\"><img data-recalc-dims=\"1\" loading=\"lazy\" decoding=\"async\" width=\"516\" height=\"271\" src=\"https:\/\/i0.wp.com\/cdnoticias.com\/wp-content\/uploads\/2025\/11\/allanamiento-sch12.jpg?resize=516%2C271&#038;ssl=1\" alt=\"\" class=\"wp-image-187474\" style=\"width:1138px;height:auto\" srcset=\"https:\/\/i0.wp.com\/cdnoticias.com\/wp-content\/uploads\/2025\/11\/allanamiento-sch12.jpg?w=516&amp;ssl=1 516w, https:\/\/i0.wp.com\/cdnoticias.com\/wp-content\/uploads\/2025\/11\/allanamiento-sch12.jpg?resize=300%2C158&amp;ssl=1 300w, https:\/\/i0.wp.com\/cdnoticias.com\/wp-content\/uploads\/2025\/11\/allanamiento-sch12.jpg?resize=390%2C205&amp;ssl=1 390w\" sizes=\"auto, (max-width: 516px) 100vw, 516px\" \/><\/figure>\n\n\n\n<p><\/p>\n\n\n\n<p>Las investigaciones se hab\u00edan iniciado a partir del trabajo del Gabinete T\u00e9cnico Operativo de la Estaci\u00f3n Comunal, tras detectar la<strong> posible existencia de veh\u00edculos \u201cmellizos\u201d, es decir, rodados robados con patentes de otros autos de igual marca y modelo sin impedimento legal. <\/strong>Bajo las directivas del Dr. Alejandro Braga, titular de la Ayudant\u00eda Fiscal de Laprida, se reunieron los elementos probatorios que derivaron en los allanamientos.<\/p>\n\n\n\n<p><\/p>\n\n\n\n<p>Por disposici\u00f3n judicial,<strong> los compradores de los autom\u00f3viles secuestrados fueron notificados de la formaci\u00f3n de causa y quedaron imputados, en principio, por el delito de encubrimiento. Las investigaciones contin\u00faan para determinar si existen otros veh\u00edculos vinculados a maniobras similares.<\/strong><\/p>\n","protected":false},"excerpt":{"rendered":"<p>Se trata de varios veh\u00edculos \u201cmellizos\u201d. Todos los compradores fueron imputados por encubrimiento. El procedimiento local fue realizado en la<\/p>\n","protected":false},"author":2,"featured_media":187476,"comment_status":"closed","ping_status":"closed","sticky":false,"template":"","format":"standard","meta":{"_jetpack_memberships_contains_paid_content":false,"footnotes":""},"categories":[14,1],"tags":[],"class_list":["post-187473","post","type-post","status-publish","format-standard","has-post-thumbnail","hentry","category-policiales","category-portada"],"jetpack_featured_media_url":"https:\/\/i0.wp.com\/cdnoticias.com\/wp-content\/uploads\/2025\/11\/allanamiento-sch-e1762814439215.jpg?fit=650%2C429&ssl=1","jetpack_sharing_enabled":true,"_links":{"self":[{"href":"https:\/\/cdnoticias.com\/index.php\/wp-json\/wp\/v2\/posts\/187473","targetHints":{"allow":["GET"]}}],"collection":[{"href":"https:\/\/cdnoticias.com\/index.php\/wp-json\/wp\/v2\/posts"}],"about":[{"href":"https:\/\/cdnoticias.com\/index.php\/wp-json\/wp\/v2\/types\/post"}],"author":[{"embeddable":true,"href":"https:\/\/cdnoticias.com\/index.php\/wp-json\/wp\/v2\/users\/2"}],"replies":[{"embeddable":true,"href":"https:\/\/cdnoticias.com\/index.php\/wp-json\/wp\/v2\/comments?post=187473"}],"version-history":[{"count":0,"href":"https:\/\/cdnoticias.com\/index.php\/wp-json\/wp\/v2\/posts\/187473\/revisions"}],"wp:featuredmedia":[{"embeddable":true,"href":"https:\/\/cdnoticias.com\/index.php\/wp-json\/wp\/v2\/media\/187476"}],"wp:attachment":[{"href":"https:\/\/cdnoticias.com\/index.php\/wp-json\/wp\/v2\/media?parent=187473"}],"wp:term":[{"taxonomy":"category","embeddable":true,"href":"https:\/\/cdnoticias.com\/index.php\/wp-json\/wp\/v2\/categories?post=187473"},{"taxonomy":"post_tag","embeddable":true,"href":"https:\/\/cdnoticias.com\/index.php\/wp-json\/wp\/v2\/tags?post=187473"}],"curies":[{"name":"wp","href":"https:\/\/api.w.org\/{rel}","templated":true}]}}