{"id":187438,"date":"2025-11-10T17:30:25","date_gmt":"2025-11-10T20:30:25","guid":{"rendered":"https:\/\/cdnoticias.com\/?p=187438"},"modified":"2025-11-10T19:20:12","modified_gmt":"2025-11-10T22:20:12","slug":"corte-de-luz-programado-en-dos-sectores-de-la-ciudad-8","status":"publish","type":"post","link":"https:\/\/cdnoticias.com\/index.php\/2025\/11\/10\/corte-de-luz-programado-en-dos-sectores-de-la-ciudad-8\/","title":{"rendered":"Corte de luz programado en dos sectores de la ciudad"},"content":{"rendered":"\n<p>Ser\u00e1 este martes por tareas de mantenimiento. Se indic\u00f3 que las tareas pueden reprogramarse si las condiciones clim\u00e1ticas son adversas.<\/p>\n\n\n\n<hr class=\"wp-block-separator aligncenter has-alpha-channel-opacity\"\/>\n\n\n\n<p>Desde Coopelectric se inform\u00f3 que<strong> este martes se producir\u00e1 la interrupci\u00f3n del servicio el\u00e9ctrico<\/strong> en <strong>dos sectores de la ciudad.<\/strong><\/p>\n\n\n\n<p><\/p>\n\n\n\n<p>El corte <strong>ser\u00e1 en el horario de 7:00 a 11:00<\/strong> y afectar\u00e1 los siguientes sectores:\u00a0<\/p>\n\n\n\n<ul class=\"wp-block-list\">\n<li>Calle 9, avenida Col\u00f3n, Arroyo Tapalqu\u00e9, San Mart\u00edn<\/li>\n<\/ul>\n\n\n\n<ul class=\"wp-block-list\">\n<li>Jun\u00edn, Mitre, Cerrito, avenida Col\u00f3n.\u00a0<\/li>\n<\/ul>\n\n\n\n<p><\/p>\n\n\n\n<p>Se indic\u00f3 que <strong>el motivo del corte es por mantenimiento<\/strong> y las tareas<strong> pueden reprogramarse si las condiciones clim\u00e1ticas<\/strong> son adversas.<\/p>\n\n\n\n<p><\/p>\n","protected":false},"excerpt":{"rendered":"<p>Ser\u00e1 este martes por tareas de mantenimiento. Se indic\u00f3 que las tareas pueden reprogramarse si las condiciones clim\u00e1ticas son adversas.<\/p>\n","protected":false},"author":6,"featured_media":41402,"comment_status":"closed","ping_status":"closed","sticky":false,"template":"","format":"standard","meta":{"_jetpack_memberships_contains_paid_content":false,"footnotes":""},"categories":[5,1],"tags":[],"class_list":["post-187438","post","type-post","status-publish","format-standard","has-post-thumbnail","hentry","category-informacion-general","category-portada"],"jetpack_featured_media_url":"https:\/\/i0.wp.com\/cdnoticias.com\/wp-content\/uploads\/2021\/12\/coopelectric-camion1.jpg?fit=1540%2C856&ssl=1","jetpack_sharing_enabled":true,"_links":{"self":[{"href":"https:\/\/cdnoticias.com\/index.php\/wp-json\/wp\/v2\/posts\/187438","targetHints":{"allow":["GET"]}}],"collection":[{"href":"https:\/\/cdnoticias.com\/index.php\/wp-json\/wp\/v2\/posts"}],"about":[{"href":"https:\/\/cdnoticias.com\/index.php\/wp-json\/wp\/v2\/types\/post"}],"author":[{"embeddable":true,"href":"https:\/\/cdnoticias.com\/index.php\/wp-json\/wp\/v2\/users\/6"}],"replies":[{"embeddable":true,"href":"https:\/\/cdnoticias.com\/index.php\/wp-json\/wp\/v2\/comments?post=187438"}],"version-history":[{"count":0,"href":"https:\/\/cdnoticias.com\/index.php\/wp-json\/wp\/v2\/posts\/187438\/revisions"}],"wp:featuredmedia":[{"embeddable":true,"href":"https:\/\/cdnoticias.com\/index.php\/wp-json\/wp\/v2\/media\/41402"}],"wp:attachment":[{"href":"https:\/\/cdnoticias.com\/index.php\/wp-json\/wp\/v2\/media?parent=187438"}],"wp:term":[{"taxonomy":"category","embeddable":true,"href":"https:\/\/cdnoticias.com\/index.php\/wp-json\/wp\/v2\/categories?post=187438"},{"taxonomy":"post_tag","embeddable":true,"href":"https:\/\/cdnoticias.com\/index.php\/wp-json\/wp\/v2\/tags?post=187438"}],"curies":[{"name":"wp","href":"https:\/\/api.w.org\/{rel}","templated":true}]}}