{"id":187435,"date":"2025-11-10T16:30:17","date_gmt":"2025-11-10T19:30:17","guid":{"rendered":"https:\/\/cdnoticias.com\/?p=187435"},"modified":"2025-11-10T16:30:19","modified_gmt":"2025-11-10T19:30:19","slug":"facso-sera-sede-de-la-semana-de-la-ciencia","status":"publish","type":"post","link":"https:\/\/cdnoticias.com\/index.php\/2025\/11\/10\/facso-sera-sede-de-la-semana-de-la-ciencia\/","title":{"rendered":"FACSO ser\u00e1 sede de la Semana de la Ciencia"},"content":{"rendered":"\n<p>Entre el lunes 10 y el s\u00e1bado 15 se desarrollar\u00e1n propuestas abiertas al p\u00fablico que buscan acercar la ciencia, la tecnolog\u00eda, el arte y la cultura a la comunidad.<\/p>\n\n\n\n<hr class=\"wp-block-separator aligncenter has-alpha-channel-opacity\"\/>\n\n\n\n<p>Una vez m\u00e1s, la Universidad Nacional del Centro de la Provincia de Buenos Aires (UNICEN) se suma a la<strong> Semana Nacional de las Ciencias, las Artes y la Producci\u00f3n de Conocimiento<\/strong>, con una amplia<strong> agenda de actividades en sus cuatro sedes<\/strong>: Tandil, Azul, Olavarr\u00eda y Quequ\u00e9n.<\/p>\n\n\n\n<p><\/p>\n\n\n\n<p>Entre el <strong>lunes 10 y el s\u00e1bado 15<\/strong> se desarrollar\u00e1n <strong>propuestas abiertas al p\u00fablico<\/strong> que buscan acercar la <strong>ciencia, la tecnolog\u00eda, el arte y la cultura a la comunidad.<\/strong>\u00a0<\/p>\n\n\n\n<p><\/p>\n\n\n\n<blockquote class=\"wp-block-quote is-layout-flow wp-block-quote-is-layout-flow\">\n<p>Charlas, talleres, laboratorios abiertos, muestras interactivas, experiencias cient\u00edficas y presentaciones art\u00edsticas forman parte del programa que refleja la diversidad del trabajo que realizan investigadores, docentes y estudiantes de la universidad.<\/p>\n<\/blockquote>\n\n\n\n<p><\/p>\n\n\n\n<p>La Semana Nacional de la Ciencia es una propuesta que promueve el Consejo Interuniversitario Nacional, y en la UNICEN es coordinada por la Secretar\u00eda de Ciencia, Arte y Tecnolog\u00eda.\u00a0<strong>Impulsa la proyecci\u00f3n internacional del sistema cient\u00edfico y universitario argentino.<\/strong> Pone en <strong>valor el conocimiento <\/strong>que se genera en nuestras instituciones p\u00fablicas y su aporte a los grandes desaf\u00edos contempor\u00e1neos: la paz, el desarrollo sostenible, la inclusi\u00f3n social, la protecci\u00f3n del ambiente y la ampliaci\u00f3n de derechos.<\/p>\n\n\n\n<p><\/p>\n\n\n\n<p><strong>Cronograma Semana de la Ciencia en Olavarr\u00eda<\/strong><\/p>\n\n\n\n<ul class=\"wp-block-list\">\n<li><strong>Martes 11\/11 de 9 a 11 horas. <\/strong><\/li>\n<\/ul>\n\n\n\n<p><strong>Laboratorios Abiertos<\/strong><\/p>\n\n\n\n<p>Durante la jornada el Instituto INCUAPA abrir\u00e1 sus puertas a estudiantes secundarios para que puedan experimentar c\u00f3mo es el trabajo de un\/a arque\u00f3logo\/a, realizar actividades experimentales para entender c\u00f3mo el presente permite hacer inferencias acerca del pasado y de qu\u00e9 manera dichas investigaciones tambi\u00e9n contribuyen al conocimiento de problem\u00e1ticas sociales locales\/actuales.<\/p>\n\n\n\n<p>Destinado a estudiantes de 2\u00b0 a 5\u00b0 a\u00f1o del Nivel Secundario. Inscripci\u00f3n previa <a href=\"https:\/\/forms.gle\/A4PrXUANpiNBtxDf9\" target=\"_blank\" rel=\"noreferrer noopener\">aqu\u00ed<\/a>.\u00a0Lugar: Instituto INCUAPA (Unidad Ejecutora CONICET\/UNICEN), Complejo Universitario Olavarr\u00eda. Organiza: Grupo de Extensi\u00f3n y Difusi\u00f3n del Departamento de Arqueolog\u00eda (GEDA) e Instituto INCUAPA.<\/p>\n\n\n\n<ul class=\"wp-block-list\">\n<li><strong>Mi\u00e9rcoles 12\/11 a las 10 horas. <\/strong><\/li>\n<\/ul>\n\n\n\n<p><strong>Explor\u00e1, pregunt\u00e1, descubr\u00ed: un recorrido interactivo por la Investigaci\u00f3n en Educaci\u00f3n<\/strong><\/p>\n\n\n\n<p>La propuesta tiene dos momentos: el primero es en la Escuela Secundaria N\u00ba 12 con un taller reflexivo sobre problem\u00e1ticas actuales del nivel secundario; y el segundo un recorrido interactivo por FACSO con postas a descubrir vinculadas con las tem\u00e1ticas del taller y otras m\u00e1s amplias de producci\u00f3n del NACT IFIPRAC_Ed y las fases de la investigaci\u00f3n educativa. Destinado a p\u00fablico en general. Inscripci\u00f3n previa <a href=\"https:\/\/docs.google.com\/forms\/d\/e\/1FAIpQLSexc5di_EmFIhsef5M8NNjoy-_j6e0A8hPFpeTT52Q87LyDLw\/viewform\" target=\"_blank\" rel=\"noreferrer noopener\">aqu\u00ed<\/a>.\u00a0 Organiza: NACT Investigaciones en Formaci\u00f3n Inicial y Pr\u00e1cticas Educativas (IFIPRAC_Ed)<\/p>\n\n\n\n<ul class=\"wp-block-list\">\n<li><strong>Jueves 13\/11 de 9 a 18 horas. <\/strong><\/li>\n<\/ul>\n\n\n\n<p><a href=\"https:\/\/www.soc.unicen.edu.ar\/index.php\/noticias\/6076-se-desarollaran-las-jornadas-de-becarios-as-y-jovenes-investigadores-as-de-facso\" target=\"_blank\" rel=\"noreferrer noopener\">Jornadas de Becarios\/as y J\u00f3venes Investigadores\/as de la Facultad de Ciencias Sociales<\/a>. Se trata de un espacio de encuentro y formaci\u00f3n que busca visibilizar las producciones en curso, promover el intercambio entre pares, fortalecer la colaboraci\u00f3n en la comunidad acad\u00e9mica y consolidar la articulaci\u00f3n entre investigaci\u00f3n, docencia y extensi\u00f3n. La conferencia central estar\u00e1 a cargo del Presidente de CICPBA, Dr. Roberto Salvarezza. Lugar: Aula Com\u00fan 8, Edificio de Aulas Comunes, Complejo Universitario Olavarr\u00eda, avenida Del Valle 5737<\/p>\n\n\n\n<ul class=\"wp-block-list\">\n<li><strong>21 horas. <\/strong><\/li>\n<\/ul>\n\n\n\n<p><strong>M\u00fasica, stand up y ciencia<\/strong><\/p>\n\n\n\n<p>Show de stand up cient\u00edfico con la participaci\u00f3n de la banda Nader\u00edas (Voz y guitarra: Nicol\u00e1s Acosta, Guitarra: Eduardo Grave, Bater\u00eda: Juan Grave y Bajo: Gast\u00f3n Barreto). Reserv\u00e1 tu mesa <a href=\"https:\/\/docs.google.com\/forms\/d\/1k4nMwrQfktCbQ1f3xP5SQG2eXBhnEV73N5fl6qcXRC8\/edit\" target=\"_blank\" rel=\"noreferrer noopener\">aqu\u00ed.<\/a> Lugar: La R\u00fastica, Independencia 2258<\/p>\n\n\n\n<p><strong>Viernes 14\/11 a las 16 horas.<\/strong><\/p>\n\n\n\n<p><strong>Des\u00f3rdenes informativos en Olavarr\u00eda: un diagn\u00f3stico para construir l\u00edneas de acci\u00f3n con la comunidad<\/strong><\/p>\n\n\n\n<p>Se promueve el desarrollo de un encuentro para analizar la desinformaci\u00f3n en la regi\u00f3n y conceptos centrales para entender des\u00f3rdenes informativos. Presentaci\u00f3n de la infoesfera en Olavarr\u00eda a partir de entrevistas a periodistas y de las l\u00edneas de acci\u00f3n del Observatorio de Medios, Ciudadan\u00eda y Democracia. Inscripci\u00f3n previa <a href=\"https:\/\/docs.google.com\/forms\/d\/e\/1FAIpQLScUQX-QDvYe3ySKk7cyfdLqlGtzFe_oWvPqICOBgYTA2jA1ZA\/viewform\" target=\"_blank\" rel=\"noreferrer noopener\">aqu\u00ed<\/a>. Organiza: NACT Estudios de Comunicaci\u00f3n y Cultura en Olavarr\u00eda (ECCO)<\/p>\n\n\n\n<p><\/p>\n","protected":false},"excerpt":{"rendered":"<p>Entre el lunes 10 y el s\u00e1bado 15 se desarrollar\u00e1n propuestas abiertas al p\u00fablico que buscan acercar la ciencia, la<\/p>\n","protected":false},"author":6,"featured_media":83263,"comment_status":"closed","ping_status":"closed","sticky":false,"template":"","format":"standard","meta":{"_jetpack_memberships_contains_paid_content":false,"footnotes":""},"categories":[5,1],"tags":[],"class_list":["post-187435","post","type-post","status-publish","format-standard","has-post-thumbnail","hentry","category-informacion-general","category-portada"],"jetpack_featured_media_url":"https:\/\/i0.wp.com\/cdnoticias.com\/wp-content\/uploads\/2023\/04\/Facultad-de-Ciencias-Sociales-1.jpg?fit=2000%2C1159&ssl=1","jetpack_sharing_enabled":true,"_links":{"self":[{"href":"https:\/\/cdnoticias.com\/index.php\/wp-json\/wp\/v2\/posts\/187435","targetHints":{"allow":["GET"]}}],"collection":[{"href":"https:\/\/cdnoticias.com\/index.php\/wp-json\/wp\/v2\/posts"}],"about":[{"href":"https:\/\/cdnoticias.com\/index.php\/wp-json\/wp\/v2\/types\/post"}],"author":[{"embeddable":true,"href":"https:\/\/cdnoticias.com\/index.php\/wp-json\/wp\/v2\/users\/6"}],"replies":[{"embeddable":true,"href":"https:\/\/cdnoticias.com\/index.php\/wp-json\/wp\/v2\/comments?post=187435"}],"version-history":[{"count":0,"href":"https:\/\/cdnoticias.com\/index.php\/wp-json\/wp\/v2\/posts\/187435\/revisions"}],"wp:featuredmedia":[{"embeddable":true,"href":"https:\/\/cdnoticias.com\/index.php\/wp-json\/wp\/v2\/media\/83263"}],"wp:attachment":[{"href":"https:\/\/cdnoticias.com\/index.php\/wp-json\/wp\/v2\/media?parent=187435"}],"wp:term":[{"taxonomy":"category","embeddable":true,"href":"https:\/\/cdnoticias.com\/index.php\/wp-json\/wp\/v2\/categories?post=187435"},{"taxonomy":"post_tag","embeddable":true,"href":"https:\/\/cdnoticias.com\/index.php\/wp-json\/wp\/v2\/tags?post=187435"}],"curies":[{"name":"wp","href":"https:\/\/api.w.org\/{rel}","templated":true}]}}