{"id":187432,"date":"2025-11-10T15:03:57","date_gmt":"2025-11-10T18:03:57","guid":{"rendered":"https:\/\/cdnoticias.com\/?p=187432"},"modified":"2025-11-10T15:03:59","modified_gmt":"2025-11-10T18:03:59","slug":"el-precio-del-asado-pego-un-salto-de-82-en-octubre-pero-el-pollo-bajo","status":"publish","type":"post","link":"https:\/\/cdnoticias.com\/index.php\/2025\/11\/10\/el-precio-del-asado-pego-un-salto-de-82-en-octubre-pero-el-pollo-bajo\/","title":{"rendered":"El precio del asado peg\u00f3 un salto de 8,2% en octubre, pero el pollo baj\u00f3"},"content":{"rendered":"<p>El mes pasado los precios de los distintos cortes de carne vacuna se aceleraron. Qu\u00e9 pas\u00f3 con el pollo y el cerdo.<!--more--><\/p>\n<hr \/>\n<p>Los <strong>precios de los distintos cortes de carne vacuna<\/strong> registraron en octubre un <strong>aumento promedio del 2,8%<\/strong> en el \u00c1rea Metropolitana (AMBA), y fue <strong>el asado, el corte m\u00e1s popular en el pa\u00eds, el que dio la nota con un ajuste de 8,2% respecto al mes anterior<\/strong>. \u00bfLa buena noticia? El valor de pollo fue a la baja.<\/p>\n<p>Seg\u00fan el <strong>relevamiento<\/strong> que todos los meses hace el <strong>Instituto de Promoci\u00f3n de la Carne Vacuna (IPCVA)<\/strong>, en lo que va del a\u00f1o, el <strong>incremento acumulado en carnes alcanza el 37,5%, mientras que la suba interanual llega al 61,3%<\/strong>.<\/p>\n<blockquote><p>Sin embargo, tras un per\u00edodo de amesetamiento, y como viene informando Agencia DIB, los diversos cortes de carne comenzaron a tener una suba que se extender\u00eda de ac\u00e1 a fin de a\u00f1o. Los mayores aumentos de octubre se registraron en el asado (8,2%), la picada especial (6,1%) y el matambre (5,5%). El osobuco fue el \u00fanico corte que baj\u00f3 (-0,4%), mientras que el lomo y la carnaza com\u00fan apenas subieron 0,2%, y la tortuguita, 1,3%.<\/p><\/blockquote>\n<p>En tanto, el informe destaca que los cambios en los precios de los diferentes cortes dependen si se toma como referencia el supermercado o la carnicer\u00eda de barrio. En ese sentido, <strong>el lomo suele ser un 17,7% m\u00e1s alto en los supermercados<\/strong>. Pero el <strong>asado con 4.5%, la falda con 28.5% o la picada com\u00fan 28.9% son m\u00e1s econ\u00f3micos en las grandes superficies<\/strong>.<\/p>\n<blockquote class=\"wp-embedded-content\" data-secret=\"LG6hUF7esd\"><p><a href=\"https:\/\/cdnoticias.com\/index.php\/2025\/11\/07\/fiestas-mas-caras-que-puede-pasar-con-el-precio-de-la-carne-de-aca-a-fin-de-ano\/\">\u00bfFiestas m\u00e1s caras?: qu\u00e9 puede pasar con el precio de la carne de ac\u00e1 a fin de a\u00f1o<\/a><\/p><\/blockquote>\n<p><iframe loading=\"lazy\" class=\"wp-embedded-content\" sandbox=\"allow-scripts\" security=\"restricted\" style=\"position: absolute; visibility: hidden;\" title=\"&#8220;\u00bfFiestas m\u00e1s caras?: qu\u00e9 puede pasar con el precio de la carne de ac\u00e1 a fin de a\u00f1o&#8221; &#8212; Central de Noticias | Olavarr\u00eda\" src=\"https:\/\/cdnoticias.com\/index.php\/2025\/11\/07\/fiestas-mas-caras-que-puede-pasar-con-el-precio-de-la-carne-de-aca-a-fin-de-ano\/embed\/#?secret=9WfE6n9Yjz#?secret=LG6hUF7esd\" data-secret=\"LG6hUF7esd\" width=\"600\" height=\"338\" frameborder=\"0\" marginwidth=\"0\" marginheight=\"0\" scrolling=\"no\"><\/iframe><\/p>\n<h4>Consumo de pollo y cerdo<\/h4>\n<p>En medio del <strong>fuerte crecimiento del consumo de pollo<\/strong> en lo que va del a\u00f1o en el pa\u00eds, <strong>el precio registr\u00f3 en octubre una ca\u00edda del -0,9% con respecto a septiembre<\/strong>.<\/p>\n<blockquote><p>Durante los primeros diez meses la variaci\u00f3n fue del 21,9%, casi la mitad que el de la carne vacuna. Y comparando con los valores de octubre del a\u00f1o el incremento fue del 31.9%, contra 61,3% de la carne vacuna.<\/p><\/blockquote>\n<p>Por su parte, <strong>el precio del pechito de cerdo tuvo una variaci\u00f3n del 2,3% el mes pasado<\/strong>, y desde inicio de a\u00f1o el<strong> ajuste fue de 12,7%.<\/strong><\/p>\n<p>Cabe recordar que desde la <strong>C\u00e1mara de la Industria y Comercio de Carnes y Derivados (Ciccra) alertaron que el precio de la carne vacuna podr\u00eda aumentar<\/strong> entre un 10% y un 15% durante noviembre, y <a href=\"https:\/\/cdnoticias.com\/index.php\/2025\/11\/07\/fiestas-mas-caras-que-puede-pasar-con-el-precio-de-la-carne-de-aca-a-fin-de-ano\/\" target=\"_blank\" rel=\"noopener\">habr\u00e1 que ver qu\u00e9 pasa cerca de las fiestas<\/a>, que siempre existe un <strong>ajuste estacional<\/strong>. Impactan en esta suba el valor del ganado a pie, <strong>las lluvias<\/strong> que provoca que los camiones no pueden cargar, y los cambios que se preparan para <strong>aumentar la exportaci\u00f3n a Estados Unidos<\/strong>.<\/p>\n<p>Por<em> Agencia DIB<\/em><\/p>\n","protected":false},"excerpt":{"rendered":"<p>El mes pasado los precios de los distintos cortes de carne vacuna se aceleraron. Qu\u00e9 pas\u00f3 con el pollo y<\/p>\n","protected":false},"author":4,"featured_media":187433,"comment_status":"closed","ping_status":"closed","sticky":false,"template":"","format":"standard","meta":{"_jetpack_memberships_contains_paid_content":false,"footnotes":""},"categories":[6,1],"tags":[],"class_list":["post-187432","post","type-post","status-publish","format-standard","has-post-thumbnail","hentry","category-nacionales","category-portada"],"jetpack_featured_media_url":"https:\/\/i0.wp.com\/cdnoticias.com\/wp-content\/uploads\/2025\/11\/asado-carne.jpg?fit=1000%2C667&ssl=1","jetpack_sharing_enabled":true,"_links":{"self":[{"href":"https:\/\/cdnoticias.com\/index.php\/wp-json\/wp\/v2\/posts\/187432","targetHints":{"allow":["GET"]}}],"collection":[{"href":"https:\/\/cdnoticias.com\/index.php\/wp-json\/wp\/v2\/posts"}],"about":[{"href":"https:\/\/cdnoticias.com\/index.php\/wp-json\/wp\/v2\/types\/post"}],"author":[{"embeddable":true,"href":"https:\/\/cdnoticias.com\/index.php\/wp-json\/wp\/v2\/users\/4"}],"replies":[{"embeddable":true,"href":"https:\/\/cdnoticias.com\/index.php\/wp-json\/wp\/v2\/comments?post=187432"}],"version-history":[{"count":0,"href":"https:\/\/cdnoticias.com\/index.php\/wp-json\/wp\/v2\/posts\/187432\/revisions"}],"wp:featuredmedia":[{"embeddable":true,"href":"https:\/\/cdnoticias.com\/index.php\/wp-json\/wp\/v2\/media\/187433"}],"wp:attachment":[{"href":"https:\/\/cdnoticias.com\/index.php\/wp-json\/wp\/v2\/media?parent=187432"}],"wp:term":[{"taxonomy":"category","embeddable":true,"href":"https:\/\/cdnoticias.com\/index.php\/wp-json\/wp\/v2\/categories?post=187432"},{"taxonomy":"post_tag","embeddable":true,"href":"https:\/\/cdnoticias.com\/index.php\/wp-json\/wp\/v2\/tags?post=187432"}],"curies":[{"name":"wp","href":"https:\/\/api.w.org\/{rel}","templated":true}]}}