{"id":187430,"date":"2025-11-10T19:50:12","date_gmt":"2025-11-10T22:50:12","guid":{"rendered":"https:\/\/cdnoticias.com\/?p=187430"},"modified":"2025-11-10T19:54:49","modified_gmt":"2025-11-10T22:54:49","slug":"alerta-amarilla-por-tormenta-en-olavarria-este-martes","status":"publish","type":"post","link":"https:\/\/cdnoticias.com\/index.php\/2025\/11\/10\/alerta-amarilla-por-tormenta-en-olavarria-este-martes\/","title":{"rendered":"Alerta amarilla por tormenta en Olavarr\u00eda este martes"},"content":{"rendered":"<p>El Servicio Meteorol\u00f3gico Nacional emiti\u00f3 la advertencia para la tarde del martes. \u201cEl \u00e1rea ser\u00e1 afectada por lluvias y tormentas de variada intensidad\u201d se indic\u00f3.<!--more--><\/p>\n<hr \/>\n<p>La <strong>provincia de Buenos Aires<\/strong> est\u00e1 parcialmente cubierta por una <strong>alerta por tormenta<\/strong> emitido por el<strong> Servicio Meteorol\u00f3gico Nacional (SMN)<\/strong>\u00a0para este martes.<\/p>\n<p>Es de <strong>nivel amarillo<\/strong> y Olavarr\u00eda qued\u00f3 incluida por la <strong>advertencia para la tarde del martes<\/strong>.<\/p>\n<blockquote><p>\u201cEl \u00e1rea ser\u00e1 afectada por lluvias y tormentas de variada intensidad, algunas localmente fuertes. Las mismas podr\u00e1n estar acompa\u00f1adas por abundante ca\u00edda de agua en cortos per\u00edodos, intensas r\u00e1fagas, frecuente actividad el\u00e9ctrica y ocasional ca\u00edda granizo. Se prev\u00e9n valores de precipitaci\u00f3n acumulada entre 15 y 40 mm, pudiendo ser superados de manera puntual\u201d inform\u00f3 el organismo.<\/p><\/blockquote>\n<p>El pron\u00f3stico para Olavarr\u00eda durante este <strong>martes<\/strong> prev\u00e9 <strong>una m\u00ednima de 12\u00ba y una m\u00e1xima de 25\u00ba<\/strong>. Para la madrugada se espera <strong>cielo mayormente nublado, tormentas aisladas por la ma\u00f1ana, tormentas fuertes por la tarde<\/strong> y cielo parcialmente nublado por la noche.<\/p>\n<p>El <strong>viento<\/strong> soplar\u00e1 del norte por la madrugada y la ma\u00f1ana entre 42 y 50 kil\u00f3metros. Rotar\u00e1 al sur durante la tarde a una velocidad entre 51 y 59 kil\u00f3metros por hora.<\/p>\n<p>Adem\u00e1s de la provincia de Buenos Aires quedaron <strong>alcanzadas por la alerta amarilla por tormenta<\/strong> las provincias de <em>La Pampa, R\u00edo Negro, Mendoza, San Luis, C\u00f3rdoba, Santa Fe y Entre R\u00edos.<\/em><\/p>\n","protected":false},"excerpt":{"rendered":"<p>El Servicio Meteorol\u00f3gico Nacional emiti\u00f3 la advertencia para la tarde del martes. \u201cEl \u00e1rea ser\u00e1 afectada por lluvias y tormentas<\/p>\n","protected":false},"author":4,"featured_media":37655,"comment_status":"closed","ping_status":"closed","sticky":false,"template":"","format":"standard","meta":{"_jetpack_memberships_contains_paid_content":false,"footnotes":""},"categories":[5,1],"tags":[],"class_list":["post-187430","post","type-post","status-publish","format-standard","has-post-thumbnail","hentry","category-informacion-general","category-portada"],"jetpack_featured_media_url":"https:\/\/i0.wp.com\/cdnoticias.com\/wp-content\/uploads\/2021\/11\/WhatsApp-Image-2021-11-04-at-16.14.41.jpeg?fit=1599%2C1200&ssl=1","jetpack_sharing_enabled":true,"_links":{"self":[{"href":"https:\/\/cdnoticias.com\/index.php\/wp-json\/wp\/v2\/posts\/187430","targetHints":{"allow":["GET"]}}],"collection":[{"href":"https:\/\/cdnoticias.com\/index.php\/wp-json\/wp\/v2\/posts"}],"about":[{"href":"https:\/\/cdnoticias.com\/index.php\/wp-json\/wp\/v2\/types\/post"}],"author":[{"embeddable":true,"href":"https:\/\/cdnoticias.com\/index.php\/wp-json\/wp\/v2\/users\/4"}],"replies":[{"embeddable":true,"href":"https:\/\/cdnoticias.com\/index.php\/wp-json\/wp\/v2\/comments?post=187430"}],"version-history":[{"count":0,"href":"https:\/\/cdnoticias.com\/index.php\/wp-json\/wp\/v2\/posts\/187430\/revisions"}],"wp:featuredmedia":[{"embeddable":true,"href":"https:\/\/cdnoticias.com\/index.php\/wp-json\/wp\/v2\/media\/37655"}],"wp:attachment":[{"href":"https:\/\/cdnoticias.com\/index.php\/wp-json\/wp\/v2\/media?parent=187430"}],"wp:term":[{"taxonomy":"category","embeddable":true,"href":"https:\/\/cdnoticias.com\/index.php\/wp-json\/wp\/v2\/categories?post=187430"},{"taxonomy":"post_tag","embeddable":true,"href":"https:\/\/cdnoticias.com\/index.php\/wp-json\/wp\/v2\/tags?post=187430"}],"curies":[{"name":"wp","href":"https:\/\/api.w.org\/{rel}","templated":true}]}}