{"id":187425,"date":"2025-11-10T14:06:50","date_gmt":"2025-11-10T17:06:50","guid":{"rendered":"https:\/\/cdnoticias.com\/?p=187425"},"modified":"2025-11-10T17:49:07","modified_gmt":"2025-11-10T20:49:07","slug":"los-totora-cerraran-la-fiesta-por-el-158-aniversario-de-olavarria","status":"publish","type":"post","link":"https:\/\/cdnoticias.com\/index.php\/2025\/11\/10\/los-totora-cerraran-la-fiesta-por-el-158-aniversario-de-olavarria\/","title":{"rendered":"\u201cLos Totora\u201d cerrar\u00e1n la Fiesta por el 158\u00b0 Aniversario de Olavarr\u00eda"},"content":{"rendered":"<p>El evento se realizar\u00e1 el lunes 24 de noviembre, en el Parque Helios Eseverri. Tambi\u00e9n se contar\u00e1 con la presentaci\u00f3n de Salastkbron.<!--more--><\/p>\n<hr \/>\n<p>Se acerca la fecha y se van ultimando detalles de cara a la <strong>fiesta por el 158\u00b0 aniversario de Olavarr\u00eda<\/strong>, el tradicional y convocante evento que convoca a multitudes, no s\u00f3lo del Partido de Olavarr\u00eda sino de toda la regi\u00f3n.<\/p>\n<blockquote><p>En ese marco, desde la Subsecretar\u00eda de Cultura del Municipio se confirm\u00f3 que se tendr\u00e1 un show de cierre a puro baile y disfrute con la presentaci\u00f3n de \u201cLos Totora\u201d.<\/p><\/blockquote>\n<p>La fiesta aniversario se llevar\u00e1 a cabo el pr\u00f3ximo<strong> lunes 24 de noviembre, en el parque Helios Eseverri<\/strong>. Ser\u00e1 una propuesta cultural, recreativa y social que se iniciar\u00e1 con la tarde y se prolongar\u00e1 hasta el cierre de la noche, con la presentaci\u00f3n de numerosos artistas, quienes pasar\u00e1n por el escenario principal.<\/p>\n<p>La novedad por estas horas est\u00e1 en la<strong> confirmaci\u00f3n del show de cierre<\/strong>, que estar\u00e1 a cargo de la <strong>banda platense Los Totora<\/strong>, una de las agrupaciones musicales de cumbia pop m\u00e1s reconocidas de nuestro pa\u00eds, con una trayectoria y canciones que son parte del repertorio popular nacional. Adem\u00e1s, se contar\u00e1 con la <strong>presentaci\u00f3n de Salastkbron<\/strong>.<\/p>\n<p>A la par, se recuerda que durante las \u00faltimas semanas se desarroll\u00f3 la<strong> convocatoria a artistas y bandas locales para postularse y ser parte de la fiesta<\/strong>. La grilla definitiva se comunicar\u00e1 oficialmente en los pr\u00f3ximos d\u00edas, ya que el plazo para anotarse cerr\u00f3 este viernes.<\/p>\n<p>Adem\u00e1s de shows art\u00edsticos y musicales, tambi\u00e9n se dispondr\u00e1 de un <strong>espacio para feriantes y emprendedores<\/strong>, como as\u00ed tambi\u00e9n un <strong>patio de comidas<\/strong> para foodtruck. En ese sentido, se recuerda que aquellas personas interesadas en participar a\u00fan tienen tiempo de sumarse, ya que <strong>el per\u00edodo de inscripci\u00f3n se prolongar\u00e1 hasta el 14 de noviembre<\/strong>. Deber\u00e1n anotarse de manera personal y presencial en la oficina de Desarrollo Econ\u00f3mico, en Moreno 2765, de 8 a 14 horas.<\/p>\n","protected":false},"excerpt":{"rendered":"<p>El evento se realizar\u00e1 el lunes 24 de noviembre, en el Parque Helios Eseverri. Tambi\u00e9n se contar\u00e1 con la presentaci\u00f3n<\/p>\n","protected":false},"author":4,"featured_media":187427,"comment_status":"closed","ping_status":"closed","sticky":false,"template":"","format":"standard","meta":{"_jetpack_memberships_contains_paid_content":false,"footnotes":""},"categories":[9,1],"tags":[],"class_list":["post-187425","post","type-post","status-publish","format-standard","has-post-thumbnail","hentry","category-cultura","category-portada"],"jetpack_featured_media_url":"https:\/\/i0.wp.com\/cdnoticias.com\/wp-content\/uploads\/2025\/11\/Los-Totora-1024x724-1.jpeg?fit=1024%2C724&ssl=1","jetpack_sharing_enabled":true,"_links":{"self":[{"href":"https:\/\/cdnoticias.com\/index.php\/wp-json\/wp\/v2\/posts\/187425","targetHints":{"allow":["GET"]}}],"collection":[{"href":"https:\/\/cdnoticias.com\/index.php\/wp-json\/wp\/v2\/posts"}],"about":[{"href":"https:\/\/cdnoticias.com\/index.php\/wp-json\/wp\/v2\/types\/post"}],"author":[{"embeddable":true,"href":"https:\/\/cdnoticias.com\/index.php\/wp-json\/wp\/v2\/users\/4"}],"replies":[{"embeddable":true,"href":"https:\/\/cdnoticias.com\/index.php\/wp-json\/wp\/v2\/comments?post=187425"}],"version-history":[{"count":0,"href":"https:\/\/cdnoticias.com\/index.php\/wp-json\/wp\/v2\/posts\/187425\/revisions"}],"wp:featuredmedia":[{"embeddable":true,"href":"https:\/\/cdnoticias.com\/index.php\/wp-json\/wp\/v2\/media\/187427"}],"wp:attachment":[{"href":"https:\/\/cdnoticias.com\/index.php\/wp-json\/wp\/v2\/media?parent=187425"}],"wp:term":[{"taxonomy":"category","embeddable":true,"href":"https:\/\/cdnoticias.com\/index.php\/wp-json\/wp\/v2\/categories?post=187425"},{"taxonomy":"post_tag","embeddable":true,"href":"https:\/\/cdnoticias.com\/index.php\/wp-json\/wp\/v2\/tags?post=187425"}],"curies":[{"name":"wp","href":"https:\/\/api.w.org\/{rel}","templated":true}]}}