{"id":187421,"date":"2025-11-10T12:43:11","date_gmt":"2025-11-10T15:43:11","guid":{"rendered":"https:\/\/cdnoticias.com\/?p=187421"},"modified":"2025-11-10T12:43:13","modified_gmt":"2025-11-10T15:43:13","slug":"record-en-tandil-el-salame-mas-largo-del-mundo-mide-48722-metros","status":"publish","type":"post","link":"https:\/\/cdnoticias.com\/index.php\/2025\/11\/10\/record-en-tandil-el-salame-mas-largo-del-mundo-mide-48722-metros\/","title":{"rendered":"R\u00e9cord en Tandil: el salame m\u00e1s largo del mundo mide 487,22 metros"},"content":{"rendered":"<p>La marca se logr\u00f3 en la fiesta serrana Chacinar durante este fin de semana. Hubo cientos de asistentes en la portada del Parque Independencia.<!--more--><\/p>\n<hr \/>\n<p><strong>Tandil recuper\u00f3 este s\u00e1bado el r\u00e9cord del salame m\u00e1s largo del mundo<\/strong>, con una marca de <strong>487,22 metros<\/strong>. En la s\u00e9ptima edici\u00f3n de <strong>Chacinar, el festival del salame y el cerdo<\/strong>, la ciudad serrana super\u00f3 los 469,18 metros de San Andr\u00e9s de Giles.<\/p>\n<p>Seg\u00fan inform\u00f3 El Eco de Tandil, el sector productivo local celebr\u00f3 la nueva edici\u00f3n del festival, que <strong>reuni\u00f3 a cientos de vecinos y turistas<\/strong>. Y la portada del Parque Independencia volvi\u00f3 a ser escenario de un nuevo r\u00e9cord tandilense.<\/p>\n<blockquote><p>El salame irrumpi\u00f3 en escena a las 19.45, cuando se coloc\u00f3 un carrete en el escenario principal. Los organizadores repasaron las marcas alcanzadas por Tandil desde 2014 y recordaron la competencia con Oncativo (C\u00f3rdoba) y San Andr\u00e9s de Giles.<\/p><\/blockquote>\n<p><iframe loading=\"lazy\" title=\"YouTube video player\" src=\"https:\/\/www.youtube.com\/embed\/KI4IrKx8lhY?si=rDq1CQzK4UM5qU48&amp;start=1399\" width=\"560\" height=\"315\" frameborder=\"0\" allowfullscreen=\"allowfullscreen\"><\/iframe><\/p>\n<h3>El salame m\u00e1s largo del mundo<\/h3>\n<p>Un <strong>montacargas baj\u00f3 el carrete<\/strong> que conten\u00eda los cerca de<strong> 2.000 kilos de salame<\/strong>, trasladado desde un cami\u00f3n de la empresa Cagnoli.<\/p>\n<p>Con la ayuda de<strong> decenas de voluntarios<\/strong>, comenz\u00f3 el <strong>desenrollado<\/strong>, en una maniobra que requiri\u00f3 despejar la avenida Illia para permitir el avance del veh\u00edculo.<\/p>\n<p>Tras unos <strong>veinte minutos de trabajo<\/strong>, el montacargas retrocedi\u00f3 entre los aplausos del p\u00fablico y comenz\u00f3 la<strong> medici\u00f3n oficial.<\/strong><\/p>\n<p><img data-recalc-dims=\"1\" loading=\"lazy\" decoding=\"async\" class=\"alignnone size-full wp-image-187422 aligncenter\" src=\"https:\/\/i0.wp.com\/cdnoticias.com\/wp-content\/uploads\/2025\/11\/tandil-festival-chacinar-salame-00.jpg?resize=800%2C450&#038;ssl=1\" alt=\"\" width=\"800\" height=\"450\" srcset=\"https:\/\/i0.wp.com\/cdnoticias.com\/wp-content\/uploads\/2025\/11\/tandil-festival-chacinar-salame-00.jpg?w=1000&amp;ssl=1 1000w, https:\/\/i0.wp.com\/cdnoticias.com\/wp-content\/uploads\/2025\/11\/tandil-festival-chacinar-salame-00.jpg?resize=300%2C169&amp;ssl=1 300w, https:\/\/i0.wp.com\/cdnoticias.com\/wp-content\/uploads\/2025\/11\/tandil-festival-chacinar-salame-00.jpg?resize=768%2C432&amp;ssl=1 768w\" sizes=\"auto, (max-width: 800px) 100vw, 800px\" \/><\/p>\n<p>De acuerdo con El Eco, a las 20.47 se igual\u00f3 la marca de 2019 (87,5 metros); a las 20.51, la de 2021 (120 metros); y a las 21.06, la de 2022 (190 metros). Luego se superaron los 310 metros de 2023 y, <strong>en medio del baile y la ovaci\u00f3n del p\u00fablico, se alcanzaron los 401 metros del evento anterior<\/strong>.<\/p>\n<blockquote><p>Finalmente, a las 21.42, el escribano confirm\u00f3 que Tandil recuper\u00f3 el r\u00e9cord mundial del salame m\u00e1s largo.<\/p><\/blockquote>\n<p>Fuente: <em>Agencia DIB<\/em><\/p>\n","protected":false},"excerpt":{"rendered":"<p>La marca se logr\u00f3 en la fiesta serrana Chacinar durante este fin de semana. Hubo cientos de asistentes en la<\/p>\n","protected":false},"author":4,"featured_media":187423,"comment_status":"closed","ping_status":"closed","sticky":false,"template":"","format":"standard","meta":{"_jetpack_memberships_contains_paid_content":false,"footnotes":""},"categories":[6,1],"tags":[],"class_list":["post-187421","post","type-post","status-publish","format-standard","has-post-thumbnail","hentry","category-nacionales","category-portada"],"jetpack_featured_media_url":"https:\/\/i0.wp.com\/cdnoticias.com\/wp-content\/uploads\/2025\/11\/tandil-festival-chacinar-salame-01.jpg?fit=1000%2C557&ssl=1","jetpack_sharing_enabled":true,"_links":{"self":[{"href":"https:\/\/cdnoticias.com\/index.php\/wp-json\/wp\/v2\/posts\/187421","targetHints":{"allow":["GET"]}}],"collection":[{"href":"https:\/\/cdnoticias.com\/index.php\/wp-json\/wp\/v2\/posts"}],"about":[{"href":"https:\/\/cdnoticias.com\/index.php\/wp-json\/wp\/v2\/types\/post"}],"author":[{"embeddable":true,"href":"https:\/\/cdnoticias.com\/index.php\/wp-json\/wp\/v2\/users\/4"}],"replies":[{"embeddable":true,"href":"https:\/\/cdnoticias.com\/index.php\/wp-json\/wp\/v2\/comments?post=187421"}],"version-history":[{"count":0,"href":"https:\/\/cdnoticias.com\/index.php\/wp-json\/wp\/v2\/posts\/187421\/revisions"}],"wp:featuredmedia":[{"embeddable":true,"href":"https:\/\/cdnoticias.com\/index.php\/wp-json\/wp\/v2\/media\/187423"}],"wp:attachment":[{"href":"https:\/\/cdnoticias.com\/index.php\/wp-json\/wp\/v2\/media?parent=187421"}],"wp:term":[{"taxonomy":"category","embeddable":true,"href":"https:\/\/cdnoticias.com\/index.php\/wp-json\/wp\/v2\/categories?post=187421"},{"taxonomy":"post_tag","embeddable":true,"href":"https:\/\/cdnoticias.com\/index.php\/wp-json\/wp\/v2\/tags?post=187421"}],"curies":[{"name":"wp","href":"https:\/\/api.w.org\/{rel}","templated":true}]}}