{"id":18739,"date":"2021-04-13T15:37:30","date_gmt":"2021-04-13T18:37:30","guid":{"rendered":"http:\/\/www.centraldenoticias.com.ar\/?p=18739"},"modified":"2021-04-13T16:54:05","modified_gmt":"2021-04-13T19:54:05","slug":"toma-de-barrio-lourdes-el-jueves-comenzara-un-relevamiento","status":"publish","type":"post","link":"https:\/\/cdnoticias.com\/index.php\/2021\/04\/13\/toma-de-barrio-lourdes-el-jueves-comenzara-un-relevamiento\/","title":{"rendered":"Toma de barrio Lourdes: el jueves comenzar\u00e1 un relevamiento"},"content":{"rendered":"<p class=\"western\">Fue lo acordado en la audiencia que se celebr\u00f3 este martes. Tuvo formato virtual y estuvieron funcionarios provinciales y municipales, la Defensor\u00eda oficial del Ministerio P\u00fablico, de la Defensor\u00eda del Pueblo y concejales.<!--more--><\/p>\n<hr \/>\n<p class=\"western\">Tras <a href=\"https:\/\/cdnoticias.com\/index.php\/2021\/04\/09\/la-ocupacion-de-tierras-creemos-que-es-un-camino-equivocado\/\" target=\"_blank\" rel=\"noopener\">lo anunciado por el subsecretario de H\u00e1bitat bonaerense, Rub\u00e9n Pascolini<\/a>, este martes <strong>se concret\u00f3 la reuni\u00f3n de la \u201cmesa de gesti\u00f3n\u201d para definir acciones a seguir en el marco de la toma de terrenos del barrio Lourdes.<\/strong><\/p>\n<p>&nbsp;<\/p>\n<p><img data-recalc-dims=\"1\" loading=\"lazy\" decoding=\"async\" class=\"alignnone size-large wp-image-18410\" src=\"https:\/\/i0.wp.com\/cdnoticias.com\/wp-content\/uploads\/2021\/04\/pascolini-reunion-lourdes1.jpg?resize=800%2C534&#038;ssl=1\" alt=\"\" width=\"800\" height=\"534\" srcset=\"https:\/\/i0.wp.com\/cdnoticias.com\/wp-content\/uploads\/2021\/04\/pascolini-reunion-lourdes1.jpg?resize=1024%2C683&amp;ssl=1 1024w, https:\/\/i0.wp.com\/cdnoticias.com\/wp-content\/uploads\/2021\/04\/pascolini-reunion-lourdes1.jpg?resize=300%2C200&amp;ssl=1 300w, https:\/\/i0.wp.com\/cdnoticias.com\/wp-content\/uploads\/2021\/04\/pascolini-reunion-lourdes1.jpg?resize=768%2C512&amp;ssl=1 768w, https:\/\/i0.wp.com\/cdnoticias.com\/wp-content\/uploads\/2021\/04\/pascolini-reunion-lourdes1.jpg?resize=272%2C182&amp;ssl=1 272w, https:\/\/i0.wp.com\/cdnoticias.com\/wp-content\/uploads\/2021\/04\/pascolini-reunion-lourdes1.jpg?w=1152&amp;ssl=1 1152w\" sizes=\"auto, (max-width: 800px) 100vw, 800px\" \/><\/p>\n<p>&nbsp;<\/p>\n<p class=\"western\">Los asistentes acordaron que desde <strong>el jueves se har\u00e1 un relevamiento del que participar\u00e1n la Defensor\u00eda del Pueblo, el Municipio y el \u00e1rea de H\u00e1bitat de la provincia de Buenos Aires<\/strong>.<\/p>\n<p>&nbsp;<\/p>\n<p class=\"western\">Seg\u00fan pudo saber <em><strong>Central de Noticias<\/strong><\/em>, el encuentro comenz\u00f3 hacia las 11 de la ma\u00f1ana y se extendi\u00f3 por poco m\u00e1s de media hora. Fue en <strong>formato virtual con representantes de la Municipalidad, funcionarios de la Subsecretar\u00eda de H\u00e1bitat de la provincia, la doctora Soledad Kelly de la Defensor\u00eda oficial del Ministerio P\u00fablico, de la Defensor\u00eda del Pueblo bonaerense y concejales de distintos bloques.<\/strong><\/p>\n<p>&nbsp;<\/p>\n<p><img data-recalc-dims=\"1\" loading=\"lazy\" decoding=\"async\" class=\"alignnone size-full wp-image-18154\" src=\"https:\/\/i0.wp.com\/cdnoticias.com\/wp-content\/uploads\/2021\/04\/toma10.jpg?resize=800%2C445&#038;ssl=1\" alt=\"\" width=\"800\" height=\"445\" srcset=\"https:\/\/i0.wp.com\/cdnoticias.com\/wp-content\/uploads\/2021\/04\/toma10.jpg?w=800&amp;ssl=1 800w, https:\/\/i0.wp.com\/cdnoticias.com\/wp-content\/uploads\/2021\/04\/toma10.jpg?resize=300%2C167&amp;ssl=1 300w, https:\/\/i0.wp.com\/cdnoticias.com\/wp-content\/uploads\/2021\/04\/toma10.jpg?resize=768%2C427&amp;ssl=1 768w\" sizes=\"auto, (max-width: 800px) 100vw, 800px\" \/><\/p>\n<p>&nbsp;<\/p>\n<p class=\"western\"><strong>Estuvieron<a href=\"https:\/\/cdnoticias.com\/index.php\/2021\/04\/09\/diego-robbiani-coincidimos-en-que-la-toma-no-es-la-forma\/\" target=\"_blank\" rel=\"noopener\"> el secretario de Desarrollo Humano,<\/a> Diego Robbiani, y la directora de Regularizaci\u00f3n Dominial, Carolina Espinosa. Tambi\u00e9n la titular de la delegaci\u00f3n local de la Defensor\u00eda del Pueblo, In\u00e9s Barbieri.\u00a0<\/strong>Asimismo, se presentaron los <strong>concejales del Frente de Todos<\/strong> Mercedes Land\u00edvar, Guillermo Santell\u00e1n, In\u00e9s Creimer y Eduardo Rodr\u00edguez. Por Juntos por el Cambio estuvo Nicol\u00e1s Marinangelli.<\/p>\n<p>&nbsp;<\/p>\n<p class=\"western\"><a href=\"https:\/\/cdnoticias.com\/index.php\/2021\/04\/05\/denuncian-usurpaciones-en-el-barrio-lourdes-serian-al-menos-12-familias\/\" target=\"_blank\" rel=\"noopener\">La toma de terrenos comenz\u00f3 hace m\u00e1s de una semana<\/a>. Un centenar de familias demanda viviendas y terrenos para la construcci\u00f3n. Si bien inicialmente un contacto con funcionarios municipales dej\u00f3 entrever que los vecinos iban a ser recibidos por el Ejecutivo, finalmente <a href=\"https:\/\/cdnoticias.com\/index.php\/2021\/04\/06\/el-intendente-galli-denuncio-penalmente-la-toma-de-terrenos-en-el-barrio-lourdes\/\" target=\"_blank\" rel=\"noopener\">Ezequiel Galli avanz\u00f3 con una denuncia penal por usurpaci\u00f3n<\/a>.<\/p>\n<p>&nbsp;<\/p>\n<p><img data-recalc-dims=\"1\" loading=\"lazy\" decoding=\"async\" class=\"alignnone size-full wp-image-18157\" src=\"https:\/\/i0.wp.com\/cdnoticias.com\/wp-content\/uploads\/2021\/04\/toma07.jpg?resize=800%2C445&#038;ssl=1\" alt=\"\" width=\"800\" height=\"445\" srcset=\"https:\/\/i0.wp.com\/cdnoticias.com\/wp-content\/uploads\/2021\/04\/toma07.jpg?w=800&amp;ssl=1 800w, https:\/\/i0.wp.com\/cdnoticias.com\/wp-content\/uploads\/2021\/04\/toma07.jpg?resize=300%2C167&amp;ssl=1 300w, https:\/\/i0.wp.com\/cdnoticias.com\/wp-content\/uploads\/2021\/04\/toma07.jpg?resize=768%2C427&amp;ssl=1 768w\" sizes=\"auto, (max-width: 800px) 100vw, 800px\" \/><\/p>\n<p>&nbsp;<\/p>\n<p class=\"western\">En el marco de la causa que lleva adelante la UFI N.\u00ba 10 en la que se impuls\u00f3 la aplicaci\u00f3n del protocolo de la Corte Suprema para desalojo es que <strong>se concret\u00f3 la reuni\u00f3n de la \u201cmesa de gesti\u00f3n\u201d de este martes.<\/strong><\/p>\n<p>&nbsp;<\/p>\n<p class=\"western\">En tanto, el lunes los delegados de los vecinos que permanecen en los terrenos<a href=\"https:\/\/cdnoticias.com\/index.php\/2021\/04\/12\/toma-del-barrio-lourdes-presentaron-una-nota-y-un-proyecto-al-hcd-y-el-municipio\/\" target=\"_blank\" rel=\"noopener\"> hab\u00edan presentado notas en distintos \u00e1mbitos<\/a> en las que, entre otros puntos, demandaron poder ser parte de la audiencia que se concret\u00f3 en formato virtual.<\/p>\n","protected":false},"excerpt":{"rendered":"<p>Fue lo acordado en la audiencia que se celebr\u00f3 este martes. Tuvo formato virtual y estuvieron funcionarios provinciales y municipales,<\/p>\n","protected":false},"author":4,"featured_media":18156,"comment_status":"closed","ping_status":"closed","sticky":false,"template":"","format":"standard","meta":{"_jetpack_memberships_contains_paid_content":false,"footnotes":""},"categories":[5,1],"tags":[],"class_list":["post-18739","post","type-post","status-publish","format-standard","has-post-thumbnail","hentry","category-informacion-general","category-portada"],"jetpack_featured_media_url":"https:\/\/i0.wp.com\/cdnoticias.com\/wp-content\/uploads\/2021\/04\/toma08.jpg?fit=800%2C445&ssl=1","jetpack_sharing_enabled":true,"_links":{"self":[{"href":"https:\/\/cdnoticias.com\/index.php\/wp-json\/wp\/v2\/posts\/18739","targetHints":{"allow":["GET"]}}],"collection":[{"href":"https:\/\/cdnoticias.com\/index.php\/wp-json\/wp\/v2\/posts"}],"about":[{"href":"https:\/\/cdnoticias.com\/index.php\/wp-json\/wp\/v2\/types\/post"}],"author":[{"embeddable":true,"href":"https:\/\/cdnoticias.com\/index.php\/wp-json\/wp\/v2\/users\/4"}],"replies":[{"embeddable":true,"href":"https:\/\/cdnoticias.com\/index.php\/wp-json\/wp\/v2\/comments?post=18739"}],"version-history":[{"count":0,"href":"https:\/\/cdnoticias.com\/index.php\/wp-json\/wp\/v2\/posts\/18739\/revisions"}],"wp:featuredmedia":[{"embeddable":true,"href":"https:\/\/cdnoticias.com\/index.php\/wp-json\/wp\/v2\/media\/18156"}],"wp:attachment":[{"href":"https:\/\/cdnoticias.com\/index.php\/wp-json\/wp\/v2\/media?parent=18739"}],"wp:term":[{"taxonomy":"category","embeddable":true,"href":"https:\/\/cdnoticias.com\/index.php\/wp-json\/wp\/v2\/categories?post=18739"},{"taxonomy":"post_tag","embeddable":true,"href":"https:\/\/cdnoticias.com\/index.php\/wp-json\/wp\/v2\/tags?post=18739"}],"curies":[{"name":"wp","href":"https:\/\/api.w.org\/{rel}","templated":true}]}}