{"id":187375,"date":"2025-11-10T07:22:44","date_gmt":"2025-11-10T10:22:44","guid":{"rendered":"https:\/\/cdnoticias.com\/?p=187375"},"modified":"2025-11-10T09:00:06","modified_gmt":"2025-11-10T12:00:06","slug":"una-multitud-disfruto-de-la-40o-edicion-de-un-aplauso-al-asador","status":"publish","type":"post","link":"https:\/\/cdnoticias.com\/index.php\/2025\/11\/10\/una-multitud-disfruto-de-la-40o-edicion-de-un-aplauso-al-asador\/","title":{"rendered":"Una multitud disfrut\u00f3 de la 40\u00ba edici\u00f3n de \u201cUn Aplauso al Asador\u201d"},"content":{"rendered":"\n<p>La jornada se desarroll\u00f3 a pleno sol en el parque Helios Eseverri. El intendente Maximiliano Wesner encabez\u00f3 el acto de apertura, junto a las 40 instituciones protagonistas de este tradicional evento.<\/p>\n\n\n\n<hr class=\"wp-block-separator has-alpha-channel-opacity\"\/>\n\n\n\n<p>En la jornada de este domingo se realiz\u00f3 una nueva edici\u00f3n de \u201cUn aplauso al asador\u201d. <strong>Se trat\u00f3 del 40\u00ba aniversario de este tradicional evento <\/strong>que conjuga la tradici\u00f3n, la gastronom\u00eda y la participaci\u00f3n de instituciones de todo el Partido. Por ello fue que hubo momento no s\u00f3lo para degustar los mejores cortes, sino tambi\u00e9n la emoci\u00f3n, el baile y las costumbres patrias.<\/p>\n\n\n\n<p><\/p>\n\n\n\n<p>La fiesta se desarroll\u00f3 en el <strong>Parque Helios Eseverri<\/strong>, donde se dio cita una verdadera multitud, quienes con reposeras y equipos de mates comenzaron a ubicarse en cada espacio verde disponible. <strong>En el lugar se cont\u00f3 con la presencia de alrededor de 40 puestos de venta de comida, para todos los gustos.<\/strong><\/p>\n\n\n\n<p><\/p>\n\n\n\n<p>A las 11 horas aproximadamente se dio el <strong>acto inaugural,<\/strong> encabezado por el intendente Maximiliano Wesner, quien estuvo acompa\u00f1ado por integrantes de su gabinete. Para dar el inicio se invit\u00f3 a referentes de cada una de las instituciones participantes.<\/p>\n\n\n\n<p><\/p>\n\n\n\n<p>En ese marco <strong>Luis Munche, integrante de la Comisi\u00f3n Organizadora, <\/strong>hizo entrega al intendente de la resoluci\u00f3n que a\u00f1os atr\u00e1s declar\u00f3 la fiesta como de <strong>inter\u00e9s legislativo provincial por parte de la C\u00e1mara de Senadores de la Provincia de Buenos Aires.<\/strong><\/p>\n\n\n\n<p><\/p>\n\n\n\n<blockquote class=\"wp-block-quote is-layout-flow wp-block-quote-is-layout-flow\">\n<p>Wesner celebr\u00f3 que se trat\u00f3 de la \u201cedici\u00f3n n\u00famero 40, 40 instituciones hoy participando en este lindo parque Helios Eseverri que refleja lo mejor de nuestra sociedad, el encuentro, generar sentido de pertenencia, anclaje, sentido de comunidad que son ustedes realmente quienes abrazan todos los d\u00edas el deporte, la cultura, la recreaci\u00f3n en el extenso partido de Olavarr\u00eda\u201d.<\/p>\n<\/blockquote>\n\n\n\n<p><\/p>\n\n\n\n<div class=\"wp-block-jetpack-slideshow aligncenter\" data-effect=\"slide\"><div class=\"wp-block-jetpack-slideshow_container swiper\"><ul class=\"wp-block-jetpack-slideshow_swiper-wrapper swiper-wrapper\"><li class=\"wp-block-jetpack-slideshow_slide swiper-slide\"><figure><img data-recalc-dims=\"1\" loading=\"lazy\" decoding=\"async\" width=\"800\" height=\"445\" alt=\"\" class=\"wp-block-jetpack-slideshow_image wp-image-187338\" data-id=\"187338\" src=\"https:\/\/i0.wp.com\/cdnoticias.com\/wp-content\/uploads\/2025\/11\/aplauso-asador-02.png?resize=800%2C445&#038;ssl=1\" srcset=\"https:\/\/i0.wp.com\/cdnoticias.com\/wp-content\/uploads\/2025\/11\/aplauso-asador-02.png?w=800&amp;ssl=1 800w, https:\/\/i0.wp.com\/cdnoticias.com\/wp-content\/uploads\/2025\/11\/aplauso-asador-02.png?resize=300%2C167&amp;ssl=1 300w, https:\/\/i0.wp.com\/cdnoticias.com\/wp-content\/uploads\/2025\/11\/aplauso-asador-02.png?resize=768%2C427&amp;ssl=1 768w\" sizes=\"(max-width: 800px) 100vw, 800px\" \/><\/figure><\/li><li class=\"wp-block-jetpack-slideshow_slide swiper-slide\"><figure><img data-recalc-dims=\"1\" loading=\"lazy\" decoding=\"async\" width=\"800\" height=\"445\" alt=\"\" class=\"wp-block-jetpack-slideshow_image wp-image-187339\" data-id=\"187339\" src=\"https:\/\/i0.wp.com\/cdnoticias.com\/wp-content\/uploads\/2025\/11\/aplauso-asador-01.png?resize=800%2C445&#038;ssl=1\" srcset=\"https:\/\/i0.wp.com\/cdnoticias.com\/wp-content\/uploads\/2025\/11\/aplauso-asador-01.png?w=800&amp;ssl=1 800w, https:\/\/i0.wp.com\/cdnoticias.com\/wp-content\/uploads\/2025\/11\/aplauso-asador-01.png?resize=300%2C167&amp;ssl=1 300w, https:\/\/i0.wp.com\/cdnoticias.com\/wp-content\/uploads\/2025\/11\/aplauso-asador-01.png?resize=768%2C427&amp;ssl=1 768w\" sizes=\"(max-width: 800px) 100vw, 800px\" \/><\/figure><\/li><li class=\"wp-block-jetpack-slideshow_slide swiper-slide\"><figure><img data-recalc-dims=\"1\" loading=\"lazy\" decoding=\"async\" width=\"800\" height=\"445\" alt=\"\" class=\"wp-block-jetpack-slideshow_image wp-image-187336\" data-id=\"187336\" src=\"https:\/\/i0.wp.com\/cdnoticias.com\/wp-content\/uploads\/2025\/11\/aplauso-asador-04.png?resize=800%2C445&#038;ssl=1\" srcset=\"https:\/\/i0.wp.com\/cdnoticias.com\/wp-content\/uploads\/2025\/11\/aplauso-asador-04.png?w=800&amp;ssl=1 800w, https:\/\/i0.wp.com\/cdnoticias.com\/wp-content\/uploads\/2025\/11\/aplauso-asador-04.png?resize=300%2C167&amp;ssl=1 300w, https:\/\/i0.wp.com\/cdnoticias.com\/wp-content\/uploads\/2025\/11\/aplauso-asador-04.png?resize=768%2C427&amp;ssl=1 768w\" sizes=\"(max-width: 800px) 100vw, 800px\" \/><\/figure><\/li><li class=\"wp-block-jetpack-slideshow_slide swiper-slide\"><figure><img data-recalc-dims=\"1\" loading=\"lazy\" decoding=\"async\" width=\"800\" height=\"445\" alt=\"\" class=\"wp-block-jetpack-slideshow_image wp-image-187335\" data-id=\"187335\" src=\"https:\/\/i0.wp.com\/cdnoticias.com\/wp-content\/uploads\/2025\/11\/aplauso-asador-05.png?resize=800%2C445&#038;ssl=1\" srcset=\"https:\/\/i0.wp.com\/cdnoticias.com\/wp-content\/uploads\/2025\/11\/aplauso-asador-05.png?w=800&amp;ssl=1 800w, https:\/\/i0.wp.com\/cdnoticias.com\/wp-content\/uploads\/2025\/11\/aplauso-asador-05.png?resize=300%2C167&amp;ssl=1 300w, https:\/\/i0.wp.com\/cdnoticias.com\/wp-content\/uploads\/2025\/11\/aplauso-asador-05.png?resize=768%2C427&amp;ssl=1 768w\" sizes=\"(max-width: 800px) 100vw, 800px\" \/><\/figure><\/li><li class=\"wp-block-jetpack-slideshow_slide swiper-slide\"><figure><img data-recalc-dims=\"1\" loading=\"lazy\" decoding=\"async\" width=\"800\" height=\"445\" alt=\"\" class=\"wp-block-jetpack-slideshow_image wp-image-187337\" data-id=\"187337\" src=\"https:\/\/i0.wp.com\/cdnoticias.com\/wp-content\/uploads\/2025\/11\/aplauso-asador-03.png?resize=800%2C445&#038;ssl=1\" srcset=\"https:\/\/i0.wp.com\/cdnoticias.com\/wp-content\/uploads\/2025\/11\/aplauso-asador-03.png?w=800&amp;ssl=1 800w, https:\/\/i0.wp.com\/cdnoticias.com\/wp-content\/uploads\/2025\/11\/aplauso-asador-03.png?resize=300%2C167&amp;ssl=1 300w, https:\/\/i0.wp.com\/cdnoticias.com\/wp-content\/uploads\/2025\/11\/aplauso-asador-03.png?resize=768%2C427&amp;ssl=1 768w\" sizes=\"(max-width: 800px) 100vw, 800px\" \/><\/figure><\/li><li class=\"wp-block-jetpack-slideshow_slide swiper-slide\"><figure><img data-recalc-dims=\"1\" loading=\"lazy\" decoding=\"async\" width=\"800\" height=\"445\" alt=\"\" class=\"wp-block-jetpack-slideshow_image wp-image-187334\" data-id=\"187334\" src=\"https:\/\/i0.wp.com\/cdnoticias.com\/wp-content\/uploads\/2025\/11\/aplauso-asador-.png?resize=800%2C445&#038;ssl=1\" srcset=\"https:\/\/i0.wp.com\/cdnoticias.com\/wp-content\/uploads\/2025\/11\/aplauso-asador-.png?w=800&amp;ssl=1 800w, https:\/\/i0.wp.com\/cdnoticias.com\/wp-content\/uploads\/2025\/11\/aplauso-asador-.png?resize=300%2C167&amp;ssl=1 300w, https:\/\/i0.wp.com\/cdnoticias.com\/wp-content\/uploads\/2025\/11\/aplauso-asador-.png?resize=768%2C427&amp;ssl=1 768w\" sizes=\"(max-width: 800px) 100vw, 800px\" \/><\/figure><\/li><li class=\"wp-block-jetpack-slideshow_slide swiper-slide\"><figure><img data-recalc-dims=\"1\" loading=\"lazy\" decoding=\"async\" width=\"800\" height=\"445\" alt=\"\" class=\"wp-block-jetpack-slideshow_image wp-image-187333\" data-id=\"187333\" src=\"https:\/\/i0.wp.com\/cdnoticias.com\/wp-content\/uploads\/2025\/11\/aplauso-asador-06.png?resize=800%2C445&#038;ssl=1\" srcset=\"https:\/\/i0.wp.com\/cdnoticias.com\/wp-content\/uploads\/2025\/11\/aplauso-asador-06.png?w=800&amp;ssl=1 800w, https:\/\/i0.wp.com\/cdnoticias.com\/wp-content\/uploads\/2025\/11\/aplauso-asador-06.png?resize=300%2C167&amp;ssl=1 300w, https:\/\/i0.wp.com\/cdnoticias.com\/wp-content\/uploads\/2025\/11\/aplauso-asador-06.png?resize=768%2C427&amp;ssl=1 768w\" sizes=\"(max-width: 800px) 100vw, 800px\" \/><\/figure><\/li><li class=\"wp-block-jetpack-slideshow_slide swiper-slide\"><figure><img data-recalc-dims=\"1\" loading=\"lazy\" decoding=\"async\" width=\"800\" height=\"445\" alt=\"\" class=\"wp-block-jetpack-slideshow_image wp-image-187322\" data-id=\"187322\" src=\"https:\/\/i0.wp.com\/cdnoticias.com\/wp-content\/uploads\/2025\/11\/aplauso-al-asador-01.png?resize=800%2C445&#038;ssl=1\" srcset=\"https:\/\/i0.wp.com\/cdnoticias.com\/wp-content\/uploads\/2025\/11\/aplauso-al-asador-01.png?w=800&amp;ssl=1 800w, https:\/\/i0.wp.com\/cdnoticias.com\/wp-content\/uploads\/2025\/11\/aplauso-al-asador-01.png?resize=300%2C167&amp;ssl=1 300w, https:\/\/i0.wp.com\/cdnoticias.com\/wp-content\/uploads\/2025\/11\/aplauso-al-asador-01.png?resize=768%2C427&amp;ssl=1 768w\" sizes=\"(max-width: 800px) 100vw, 800px\" \/><\/figure><\/li><li class=\"wp-block-jetpack-slideshow_slide swiper-slide\"><figure><img data-recalc-dims=\"1\" loading=\"lazy\" decoding=\"async\" width=\"800\" height=\"445\" alt=\"\" class=\"wp-block-jetpack-slideshow_image wp-image-187323\" data-id=\"187323\" src=\"https:\/\/i0.wp.com\/cdnoticias.com\/wp-content\/uploads\/2025\/11\/aplauso-al-asador-02.png?resize=800%2C445&#038;ssl=1\" srcset=\"https:\/\/i0.wp.com\/cdnoticias.com\/wp-content\/uploads\/2025\/11\/aplauso-al-asador-02.png?w=800&amp;ssl=1 800w, https:\/\/i0.wp.com\/cdnoticias.com\/wp-content\/uploads\/2025\/11\/aplauso-al-asador-02.png?resize=300%2C167&amp;ssl=1 300w, https:\/\/i0.wp.com\/cdnoticias.com\/wp-content\/uploads\/2025\/11\/aplauso-al-asador-02.png?resize=768%2C427&amp;ssl=1 768w\" sizes=\"(max-width: 800px) 100vw, 800px\" \/><\/figure><\/li><\/ul><a class=\"wp-block-jetpack-slideshow_button-prev swiper-button-prev swiper-button-white\" role=\"button\"><\/a><a class=\"wp-block-jetpack-slideshow_button-next swiper-button-next swiper-button-white\" role=\"button\"><\/a><a aria-label=\"Pause Slideshow\" class=\"wp-block-jetpack-slideshow_button-pause\" role=\"button\"><\/a><div class=\"wp-block-jetpack-slideshow_pagination swiper-pagination swiper-pagination-white\"><\/div><\/div><\/div>\n\n\n\n<p><\/p>\n\n\n\n<p>En la ocasi\u00f3n, adem\u00e1s, Wesner envi\u00f3 el saludo pero tambi\u00e9n a los trabajadores municipales, quienes el \u00faltimo s\u00e1bado celebraron su d\u00eda. Pidi\u00f3 un aplauso que fue acompa\u00f1ado por todas las personas presentes.<\/p>\n\n\n\n<p><\/p>\n\n\n\n<p>\u201cSabemos que contamos con las instituciones, pero ustedes saben que cuentan con nosotros. A seguir construyendo esto de manera conjunta, vamos para adelante y a disfrutar de esta hermosa tarde de domingo\u201d, concluy\u00f3.<\/p>\n\n\n\n<p><\/p>\n\n\n\n<p>Posteriormente, se dio uno de los momentos m\u00e1s esperados, con la <strong>campanada que dio inicio a la fiesta. <\/strong>Luego, con la habilitaci\u00f3n a la venta de los puestos de comidas, comenzaron las <strong>presentaciones musicales y de baile <\/strong>que se prolongaron durante toda la tarde.<\/p>\n\n\n\n<p><\/p>\n\n\n\n<p>Se presentaron el Ballet Folkl\u00f3rico Municipal, Ensamble de M\u00fasica Popular \u201cOctavio Sabattini\u201d, Ballet a cargo de la profesora Ana Palladini, Grupo de folklore a cargo de Martin Graff, Grupo de danza La Huellera, Campero Campero, Grupo de malambo a cargo de Lucas Sotuyo, Grupo de folklore a cargo de Paloma Pacheco, Grupo de danza a cargo del profesor Juan Jos\u00e9 Rivas, Herederos y el cierre a cargo del tr\u00edo de m\u00fasica popular \u201cDos m\u00e1s Uno\u201d.<\/p>\n","protected":false},"excerpt":{"rendered":"<p>La jornada se desarroll\u00f3 a pleno sol en el parque Helios Eseverri. El intendente Maximiliano Wesner encabez\u00f3 el acto de<\/p>\n","protected":false},"author":5,"featured_media":187332,"comment_status":"closed","ping_status":"closed","sticky":false,"template":"","format":"standard","meta":{"_jetpack_memberships_contains_paid_content":false,"footnotes":""},"categories":[9,1],"tags":[],"class_list":["post-187375","post","type-post","status-publish","format-standard","has-post-thumbnail","hentry","category-cultura","category-portada"],"jetpack_featured_media_url":"https:\/\/i0.wp.com\/cdnoticias.com\/wp-content\/uploads\/2025\/11\/aplauso-asador-07.png?fit=800%2C445&ssl=1","jetpack_sharing_enabled":true,"_links":{"self":[{"href":"https:\/\/cdnoticias.com\/index.php\/wp-json\/wp\/v2\/posts\/187375","targetHints":{"allow":["GET"]}}],"collection":[{"href":"https:\/\/cdnoticias.com\/index.php\/wp-json\/wp\/v2\/posts"}],"about":[{"href":"https:\/\/cdnoticias.com\/index.php\/wp-json\/wp\/v2\/types\/post"}],"author":[{"embeddable":true,"href":"https:\/\/cdnoticias.com\/index.php\/wp-json\/wp\/v2\/users\/5"}],"replies":[{"embeddable":true,"href":"https:\/\/cdnoticias.com\/index.php\/wp-json\/wp\/v2\/comments?post=187375"}],"version-history":[{"count":0,"href":"https:\/\/cdnoticias.com\/index.php\/wp-json\/wp\/v2\/posts\/187375\/revisions"}],"wp:featuredmedia":[{"embeddable":true,"href":"https:\/\/cdnoticias.com\/index.php\/wp-json\/wp\/v2\/media\/187332"}],"wp:attachment":[{"href":"https:\/\/cdnoticias.com\/index.php\/wp-json\/wp\/v2\/media?parent=187375"}],"wp:term":[{"taxonomy":"category","embeddable":true,"href":"https:\/\/cdnoticias.com\/index.php\/wp-json\/wp\/v2\/categories?post=187375"},{"taxonomy":"post_tag","embeddable":true,"href":"https:\/\/cdnoticias.com\/index.php\/wp-json\/wp\/v2\/tags?post=187375"}],"curies":[{"name":"wp","href":"https:\/\/api.w.org\/{rel}","templated":true}]}}