{"id":187365,"date":"2025-11-09T18:21:55","date_gmt":"2025-11-09T21:21:55","guid":{"rendered":"https:\/\/cdnoticias.com\/?p=187365"},"modified":"2025-11-10T08:59:59","modified_gmt":"2025-11-10T11:59:59","slug":"las-universidades-en-lucha-habra-un-paro-nacional-de-72-horas","status":"publish","type":"post","link":"https:\/\/cdnoticias.com\/index.php\/2025\/11\/09\/las-universidades-en-lucha-habra-un-paro-nacional-de-72-horas\/","title":{"rendered":"Las universidades en lucha: habr\u00e1 un paro nacional de 72 horas"},"content":{"rendered":"\n<p>Las federaciones reclaman una recomposici\u00f3n salarial urgente y una Ley de Financiamiento Universitario. Adhieren todas las universidades de la provincia.<\/p>\n\n\n\n<hr class=\"wp-block-separator aligncenter has-alpha-channel-opacity\"\/>\n\n\n\n<p>La <strong>Federaci\u00f3n Nacional de Docentes Universitarios (Conadu) y la Conadu Hist\u00f3rica convocaron a un paro nacional de 72 horas para los d\u00edas mi\u00e9rcoles 12, jueves 13 y viernes 14 de noviembre, en reclamo de una recomposici\u00f3n salarial urgente y la sanci\u00f3n de una Ley de Financiamiento Universitario<\/strong> que garantice un presupuesto acorde a las necesidades del sistema p\u00fablico.<\/p>\n\n\n\n<p>La medida fue resuelta durante los congresos nacionales de ambas federaciones, que reunieron a delegados de asociaciones de base de todo el pa\u00eds. <strong>Adhieren todas las universidades de la Provincia.<\/strong><\/p>\n\n\n\n<p>Desde las organizaciones sindicales explicaron que <strong>el paro busca visibilizar el deterioro de los salarios docentes y la falta de respuestas por parte del Gobierno nacional<\/strong>. <em>\u201cNuestros ingresos quedaron muy por debajo de la inflaci\u00f3n y varias universidades ya declararon la emergencia presupuestaria porque los fondos actuales no alcanzan para terminar el a\u00f1o\u201d,<\/em> advirti\u00f3 Luis Tiscornia, secretario general de Conadu Hist\u00f3rica.<\/p>\n\n\n\n<p>El gremio tambi\u00e9n exige la <strong>restituci\u00f3n del Fondo Nacional de Incentivo Docente (FoNID), suspendido a comienzos de este a\u00f1o, y la eliminaci\u00f3n del impuesto a las Ganancias sobre los salarios.<\/strong> <em>\u201cEl deterioro salarial es evidente, y el impuesto sigue afectando a m\u00e1s trabajadores porque ni siquiera se actualizan las escalas\u201d<\/em>, agreg\u00f3 Tiscornia.<\/p>\n\n\n\n<blockquote class=\"wp-block-quote is-layout-flow wp-block-quote-is-layout-flow\">\n<p>Durante las jornadas de protesta se realizar\u00e1n clases p\u00fablicas, asambleas y volanteadas en distintas universidades del pa\u00eds, junto al movimiento estudiantil, para reclamar pol\u00edticas que garanticen la continuidad del sistema universitario.<\/p>\n<\/blockquote>\n\n\n\n<p>La Conadu confirm\u00f3 que el mi\u00e9rcoles 12 se celebrar\u00e1 una <strong>reuni\u00f3n paritaria con el Ministerio de Educaci\u00f3n de la Naci\u00f3n, donde exigir\u00e1n \u201crespuestas inmediatas\u201d.<\/strong> En ese mismo encuentro, las federaciones resolvieron que, si no hay avances, se podr\u00eda afectar el inicio del ciclo lectivo 2026 y avanzar en una acci\u00f3n judicial conjunta con el Frente Sindical de Universidades Nacionales (FSUN) para exigir la apertura de paritarias.<\/p>\n","protected":false},"excerpt":{"rendered":"<p>Las federaciones reclaman una recomposici\u00f3n salarial urgente y una Ley de Financiamiento Universitario. Adhieren todas las universidades de la provincia.<\/p>\n","protected":false},"author":5,"featured_media":182706,"comment_status":"closed","ping_status":"closed","sticky":false,"template":"","format":"standard","meta":{"_jetpack_memberships_contains_paid_content":false,"footnotes":""},"categories":[4,1],"tags":[],"class_list":["post-187365","post","type-post","status-publish","format-standard","has-post-thumbnail","hentry","category-politica","category-portada"],"jetpack_featured_media_url":"https:\/\/i0.wp.com\/cdnoticias.com\/wp-content\/uploads\/2025\/09\/Marcha-Universidad-Publica-Olavarria-46.jpg?fit=1024%2C680&ssl=1","jetpack_sharing_enabled":true,"_links":{"self":[{"href":"https:\/\/cdnoticias.com\/index.php\/wp-json\/wp\/v2\/posts\/187365","targetHints":{"allow":["GET"]}}],"collection":[{"href":"https:\/\/cdnoticias.com\/index.php\/wp-json\/wp\/v2\/posts"}],"about":[{"href":"https:\/\/cdnoticias.com\/index.php\/wp-json\/wp\/v2\/types\/post"}],"author":[{"embeddable":true,"href":"https:\/\/cdnoticias.com\/index.php\/wp-json\/wp\/v2\/users\/5"}],"replies":[{"embeddable":true,"href":"https:\/\/cdnoticias.com\/index.php\/wp-json\/wp\/v2\/comments?post=187365"}],"version-history":[{"count":0,"href":"https:\/\/cdnoticias.com\/index.php\/wp-json\/wp\/v2\/posts\/187365\/revisions"}],"wp:featuredmedia":[{"embeddable":true,"href":"https:\/\/cdnoticias.com\/index.php\/wp-json\/wp\/v2\/media\/182706"}],"wp:attachment":[{"href":"https:\/\/cdnoticias.com\/index.php\/wp-json\/wp\/v2\/media?parent=187365"}],"wp:term":[{"taxonomy":"category","embeddable":true,"href":"https:\/\/cdnoticias.com\/index.php\/wp-json\/wp\/v2\/categories?post=187365"},{"taxonomy":"post_tag","embeddable":true,"href":"https:\/\/cdnoticias.com\/index.php\/wp-json\/wp\/v2\/tags?post=187365"}],"curies":[{"name":"wp","href":"https:\/\/api.w.org\/{rel}","templated":true}]}}