{"id":187353,"date":"2025-11-09T17:47:50","date_gmt":"2025-11-09T20:47:50","guid":{"rendered":"https:\/\/cdnoticias.com\/?p=187353"},"modified":"2025-11-09T17:47:52","modified_gmt":"2025-11-09T20:47:52","slug":"gran-celebracion-de-los-municipales-en-otra-noche-inolvidable-en-el-cemo","status":"publish","type":"post","link":"https:\/\/cdnoticias.com\/index.php\/2025\/11\/09\/gran-celebracion-de-los-municipales-en-otra-noche-inolvidable-en-el-cemo\/","title":{"rendered":"Gran celebraci\u00f3n de los Municipales en otra noche inolvidable en el CEMO"},"content":{"rendered":"\n<p>El Sindicato de Trabajadores Municipales de Olavarr\u00eda realiz\u00f3 una multitudinaria fiesta por el D\u00eda del Trabajador Municipal, con sorteos, shows y un clima de encuentro en el CEMO.<\/p>\n\n\n\n<hr class=\"wp-block-separator aligncenter has-alpha-channel-opacity\"\/>\n\n\n\n<p>El <strong>Sindicato de Trabajadores Municipales de Olavarr\u00eda (STMO) llev\u00f3 adelante este s\u00e1bado la ya tradicional celebraci\u00f3n por el D\u00eda del Trabajador y la Trabajadora Municipales<\/strong>, en un repleto sal\u00f3n del CEMO, donde se destacaron la alegr\u00eda, la m\u00fasica y el esp\u00edritu de compa\u00f1erismo.<\/p>\n\n\n\n<p>La comisi\u00f3n directiva del STMO fue la encargada de la organizaci\u00f3n de una noche que reuni\u00f3 a <strong>centenares de trabajadores y trabajadoras municipales, junto a invitados especiales.<\/strong><\/p>\n\n\n\n<figure class=\"wp-block-image size-large\"><img data-recalc-dims=\"1\" loading=\"lazy\" decoding=\"async\" width=\"800\" height=\"533\" src=\"https:\/\/i0.wp.com\/cdnoticias.com\/wp-content\/uploads\/2025\/11\/WhatsApp-Image-2025-11-09-at-11.31.48-1.jpeg?resize=800%2C533&#038;ssl=1\" alt=\"\" class=\"wp-image-187361\" srcset=\"https:\/\/i0.wp.com\/cdnoticias.com\/wp-content\/uploads\/2025\/11\/WhatsApp-Image-2025-11-09-at-11.31.48-1.jpeg?resize=1024%2C682&amp;ssl=1 1024w, https:\/\/i0.wp.com\/cdnoticias.com\/wp-content\/uploads\/2025\/11\/WhatsApp-Image-2025-11-09-at-11.31.48-1.jpeg?resize=300%2C200&amp;ssl=1 300w, https:\/\/i0.wp.com\/cdnoticias.com\/wp-content\/uploads\/2025\/11\/WhatsApp-Image-2025-11-09-at-11.31.48-1.jpeg?resize=768%2C512&amp;ssl=1 768w, https:\/\/i0.wp.com\/cdnoticias.com\/wp-content\/uploads\/2025\/11\/WhatsApp-Image-2025-11-09-at-11.31.48-1.jpeg?resize=272%2C182&amp;ssl=1 272w, https:\/\/i0.wp.com\/cdnoticias.com\/wp-content\/uploads\/2025\/11\/WhatsApp-Image-2025-11-09-at-11.31.48-1.jpeg?w=1280&amp;ssl=1 1280w\" sizes=\"auto, (max-width: 800px) 100vw, 800px\" \/><\/figure>\n\n\n\n<p>La velada incluy\u00f3 <strong>ambientaci\u00f3n especial en el sal\u00f3n, cena, m\u00fasica en vivo, baile, tragos y shows, que hicieron del encuentro una aut\u00e9ntica fiesta de la familia municipal.<\/strong><\/p>\n\n\n\n<p>Uno de los momentos m\u00e1s esperados fue el sorteo de una<strong> casa modular estilo americano<\/strong>, que tuvo como ganadora a <strong>Silvia Mirola.<\/strong><\/p>\n\n\n\n<figure class=\"wp-block-image size-large\"><img data-recalc-dims=\"1\" loading=\"lazy\" decoding=\"async\" width=\"800\" height=\"533\" src=\"https:\/\/i0.wp.com\/cdnoticias.com\/wp-content\/uploads\/2025\/11\/WhatsApp-Image-2025-11-09-at-11.31.48.jpeg?resize=800%2C533&#038;ssl=1\" alt=\"\" class=\"wp-image-187362\" srcset=\"https:\/\/i0.wp.com\/cdnoticias.com\/wp-content\/uploads\/2025\/11\/WhatsApp-Image-2025-11-09-at-11.31.48.jpeg?resize=1024%2C682&amp;ssl=1 1024w, https:\/\/i0.wp.com\/cdnoticias.com\/wp-content\/uploads\/2025\/11\/WhatsApp-Image-2025-11-09-at-11.31.48.jpeg?resize=300%2C200&amp;ssl=1 300w, https:\/\/i0.wp.com\/cdnoticias.com\/wp-content\/uploads\/2025\/11\/WhatsApp-Image-2025-11-09-at-11.31.48.jpeg?resize=768%2C512&amp;ssl=1 768w, https:\/\/i0.wp.com\/cdnoticias.com\/wp-content\/uploads\/2025\/11\/WhatsApp-Image-2025-11-09-at-11.31.48.jpeg?resize=272%2C182&amp;ssl=1 272w, https:\/\/i0.wp.com\/cdnoticias.com\/wp-content\/uploads\/2025\/11\/WhatsApp-Image-2025-11-09-at-11.31.48.jpeg?w=1280&amp;ssl=1 1280w\" sizes=\"auto, (max-width: 800px) 100vw, 800px\" \/><\/figure>\n\n\n\n<p>Tambi\u00e9n se sortearon<strong> cinco viajes para dos personas, con estad\u00eda incluida, a C\u00f3rdoba y Mar del Plata, instituidos por la Federaci\u00f3n de Sindicatos Municipales Bonaerenses (Federaci\u00f3n.Si.Mu.Bo).<\/strong><\/p>\n\n\n\n<figure class=\"wp-block-image size-large\"><img data-recalc-dims=\"1\" loading=\"lazy\" decoding=\"async\" width=\"800\" height=\"534\" src=\"https:\/\/i0.wp.com\/cdnoticias.com\/wp-content\/uploads\/2025\/11\/WhatsApp-Image-2025-11-09-at-11.31.49.jpeg?resize=800%2C534&#038;ssl=1\" alt=\"\" class=\"wp-image-187359\" srcset=\"https:\/\/i0.wp.com\/cdnoticias.com\/wp-content\/uploads\/2025\/11\/WhatsApp-Image-2025-11-09-at-11.31.49.jpeg?resize=1024%2C683&amp;ssl=1 1024w, https:\/\/i0.wp.com\/cdnoticias.com\/wp-content\/uploads\/2025\/11\/WhatsApp-Image-2025-11-09-at-11.31.49.jpeg?resize=300%2C200&amp;ssl=1 300w, https:\/\/i0.wp.com\/cdnoticias.com\/wp-content\/uploads\/2025\/11\/WhatsApp-Image-2025-11-09-at-11.31.49.jpeg?resize=768%2C512&amp;ssl=1 768w, https:\/\/i0.wp.com\/cdnoticias.com\/wp-content\/uploads\/2025\/11\/WhatsApp-Image-2025-11-09-at-11.31.49.jpeg?resize=1536%2C1024&amp;ssl=1 1536w, https:\/\/i0.wp.com\/cdnoticias.com\/wp-content\/uploads\/2025\/11\/WhatsApp-Image-2025-11-09-at-11.31.49.jpeg?resize=272%2C182&amp;ssl=1 272w, https:\/\/i0.wp.com\/cdnoticias.com\/wp-content\/uploads\/2025\/11\/WhatsApp-Image-2025-11-09-at-11.31.49.jpeg?w=1600&amp;ssl=1 1600w\" sizes=\"auto, (max-width: 800px) 100vw, 800px\" \/><\/figure>\n\n\n\n<p>Adem\u00e1s, se entregaron numerosos premios como una <strong>moto, heladeras, lavarropas, cocinas y distintos electrodom\u00e9sticos, que despertaron entusiasmo entre los presentes.<\/strong><\/p>\n\n\n\n<figure class=\"wp-block-image size-large\"><img data-recalc-dims=\"1\" loading=\"lazy\" decoding=\"async\" width=\"800\" height=\"534\" src=\"https:\/\/i0.wp.com\/cdnoticias.com\/wp-content\/uploads\/2025\/11\/WhatsApp-Image-2025-11-09-at-11.31.49-1.jpeg?resize=800%2C534&#038;ssl=1\" alt=\"\" class=\"wp-image-187358\" srcset=\"https:\/\/i0.wp.com\/cdnoticias.com\/wp-content\/uploads\/2025\/11\/WhatsApp-Image-2025-11-09-at-11.31.49-1.jpeg?resize=1024%2C683&amp;ssl=1 1024w, https:\/\/i0.wp.com\/cdnoticias.com\/wp-content\/uploads\/2025\/11\/WhatsApp-Image-2025-11-09-at-11.31.49-1.jpeg?resize=300%2C200&amp;ssl=1 300w, https:\/\/i0.wp.com\/cdnoticias.com\/wp-content\/uploads\/2025\/11\/WhatsApp-Image-2025-11-09-at-11.31.49-1.jpeg?resize=768%2C512&amp;ssl=1 768w, https:\/\/i0.wp.com\/cdnoticias.com\/wp-content\/uploads\/2025\/11\/WhatsApp-Image-2025-11-09-at-11.31.49-1.jpeg?resize=1536%2C1024&amp;ssl=1 1536w, https:\/\/i0.wp.com\/cdnoticias.com\/wp-content\/uploads\/2025\/11\/WhatsApp-Image-2025-11-09-at-11.31.49-1.jpeg?resize=272%2C182&amp;ssl=1 272w, https:\/\/i0.wp.com\/cdnoticias.com\/wp-content\/uploads\/2025\/11\/WhatsApp-Image-2025-11-09-at-11.31.49-1.jpeg?w=1600&amp;ssl=1 1600w\" sizes=\"auto, (max-width: 800px) 100vw, 800px\" \/><\/figure>\n\n\n\n<figure class=\"wp-block-image size-large\"><img data-recalc-dims=\"1\" loading=\"lazy\" decoding=\"async\" width=\"800\" height=\"534\" src=\"https:\/\/i0.wp.com\/cdnoticias.com\/wp-content\/uploads\/2025\/11\/WhatsApp-Image-2025-11-09-at-11.31.49-3.jpeg?resize=800%2C534&#038;ssl=1\" alt=\"\" class=\"wp-image-187356\" srcset=\"https:\/\/i0.wp.com\/cdnoticias.com\/wp-content\/uploads\/2025\/11\/WhatsApp-Image-2025-11-09-at-11.31.49-3.jpeg?resize=1024%2C683&amp;ssl=1 1024w, https:\/\/i0.wp.com\/cdnoticias.com\/wp-content\/uploads\/2025\/11\/WhatsApp-Image-2025-11-09-at-11.31.49-3.jpeg?resize=300%2C200&amp;ssl=1 300w, https:\/\/i0.wp.com\/cdnoticias.com\/wp-content\/uploads\/2025\/11\/WhatsApp-Image-2025-11-09-at-11.31.49-3.jpeg?resize=768%2C512&amp;ssl=1 768w, https:\/\/i0.wp.com\/cdnoticias.com\/wp-content\/uploads\/2025\/11\/WhatsApp-Image-2025-11-09-at-11.31.49-3.jpeg?resize=1536%2C1024&amp;ssl=1 1536w, https:\/\/i0.wp.com\/cdnoticias.com\/wp-content\/uploads\/2025\/11\/WhatsApp-Image-2025-11-09-at-11.31.49-3.jpeg?resize=272%2C182&amp;ssl=1 272w, https:\/\/i0.wp.com\/cdnoticias.com\/wp-content\/uploads\/2025\/11\/WhatsApp-Image-2025-11-09-at-11.31.49-3.jpeg?w=1600&amp;ssl=1 1600w\" sizes=\"auto, (max-width: 800px) 100vw, 800px\" \/><\/figure>\n\n\n\n<p>Durante la noche, el p\u00fablico disfrut\u00f3 de un espect\u00e1culo de salsa, un stand de maquillaje, cerveza artesanal y una barra de tragos, que sumaron color a la jornada.<\/p>\n\n\n\n<p>En su discurso, el secretario general del STMO, Jos\u00e9 Salvador Stuppia, agradeci\u00f3 a los trabajadores y trabajadoras municipales <strong><em>\u201cpor su respaldo permanente\u201d<\/em><\/strong> y los convoc\u00f3 a \u201c<em><strong>renovar ese compromiso de unidad en tiempos dif\u00edciles para todos\u201d.<\/strong><\/em><\/p>\n\n\n\n<figure class=\"wp-block-image size-large\"><img data-recalc-dims=\"1\" loading=\"lazy\" decoding=\"async\" width=\"800\" height=\"533\" src=\"https:\/\/i0.wp.com\/cdnoticias.com\/wp-content\/uploads\/2025\/11\/WhatsApp-Image-2025-11-09-at-11.31.47.jpeg?resize=800%2C533&#038;ssl=1\" alt=\"\" class=\"wp-image-187363\" srcset=\"https:\/\/i0.wp.com\/cdnoticias.com\/wp-content\/uploads\/2025\/11\/WhatsApp-Image-2025-11-09-at-11.31.47.jpeg?resize=1024%2C682&amp;ssl=1 1024w, https:\/\/i0.wp.com\/cdnoticias.com\/wp-content\/uploads\/2025\/11\/WhatsApp-Image-2025-11-09-at-11.31.47.jpeg?resize=300%2C200&amp;ssl=1 300w, https:\/\/i0.wp.com\/cdnoticias.com\/wp-content\/uploads\/2025\/11\/WhatsApp-Image-2025-11-09-at-11.31.47.jpeg?resize=768%2C512&amp;ssl=1 768w, https:\/\/i0.wp.com\/cdnoticias.com\/wp-content\/uploads\/2025\/11\/WhatsApp-Image-2025-11-09-at-11.31.47.jpeg?resize=272%2C182&amp;ssl=1 272w, https:\/\/i0.wp.com\/cdnoticias.com\/wp-content\/uploads\/2025\/11\/WhatsApp-Image-2025-11-09-at-11.31.47.jpeg?w=1280&amp;ssl=1 1280w\" sizes=\"auto, (max-width: 800px) 100vw, 800px\" \/><\/figure>\n\n\n\n<figure class=\"wp-block-image size-large\"><img data-recalc-dims=\"1\" loading=\"lazy\" decoding=\"async\" width=\"800\" height=\"533\" src=\"https:\/\/i0.wp.com\/cdnoticias.com\/wp-content\/uploads\/2025\/11\/WhatsApp-Image-2025-11-09-at-11.31.48-2.jpeg?resize=800%2C533&#038;ssl=1\" alt=\"\" class=\"wp-image-187360\" srcset=\"https:\/\/i0.wp.com\/cdnoticias.com\/wp-content\/uploads\/2025\/11\/WhatsApp-Image-2025-11-09-at-11.31.48-2.jpeg?resize=1024%2C682&amp;ssl=1 1024w, https:\/\/i0.wp.com\/cdnoticias.com\/wp-content\/uploads\/2025\/11\/WhatsApp-Image-2025-11-09-at-11.31.48-2.jpeg?resize=300%2C200&amp;ssl=1 300w, https:\/\/i0.wp.com\/cdnoticias.com\/wp-content\/uploads\/2025\/11\/WhatsApp-Image-2025-11-09-at-11.31.48-2.jpeg?resize=768%2C512&amp;ssl=1 768w, https:\/\/i0.wp.com\/cdnoticias.com\/wp-content\/uploads\/2025\/11\/WhatsApp-Image-2025-11-09-at-11.31.48-2.jpeg?resize=272%2C182&amp;ssl=1 272w, https:\/\/i0.wp.com\/cdnoticias.com\/wp-content\/uploads\/2025\/11\/WhatsApp-Image-2025-11-09-at-11.31.48-2.jpeg?w=1280&amp;ssl=1 1280w\" sizes=\"auto, (max-width: 800px) 100vw, 800px\" \/><\/figure>\n\n\n\n<p>Asimismo, destac\u00f3<em> \u201cel apoyo y acompa\u00f1amiento del equipo conformado por la Comisi\u00f3n Directiva y el Cuerpo de Delegados\u201d<\/em>, se\u00f1alando que <em>\u201cnada de la gesti\u00f3n se podr\u00eda hacer sin ellos y ellas trabajando a la par\u201d.<\/em><\/p>\n","protected":false},"excerpt":{"rendered":"<p>El Sindicato de Trabajadores Municipales de Olavarr\u00eda realiz\u00f3 una multitudinaria fiesta por el D\u00eda del Trabajador Municipal, con sorteos, shows<\/p>\n","protected":false},"author":5,"featured_media":187354,"comment_status":"closed","ping_status":"closed","sticky":false,"template":"","format":"standard","meta":{"_jetpack_memberships_contains_paid_content":false,"footnotes":""},"categories":[5,1],"tags":[],"class_list":["post-187353","post","type-post","status-publish","format-standard","has-post-thumbnail","hentry","category-informacion-general","category-portada"],"jetpack_featured_media_url":"https:\/\/i0.wp.com\/cdnoticias.com\/wp-content\/uploads\/2025\/11\/WhatsApp-Image-2025-11-09-at-11.31.50-1-e1762721183809.jpeg?fit=1600%2C950&ssl=1","jetpack_sharing_enabled":true,"_links":{"self":[{"href":"https:\/\/cdnoticias.com\/index.php\/wp-json\/wp\/v2\/posts\/187353","targetHints":{"allow":["GET"]}}],"collection":[{"href":"https:\/\/cdnoticias.com\/index.php\/wp-json\/wp\/v2\/posts"}],"about":[{"href":"https:\/\/cdnoticias.com\/index.php\/wp-json\/wp\/v2\/types\/post"}],"author":[{"embeddable":true,"href":"https:\/\/cdnoticias.com\/index.php\/wp-json\/wp\/v2\/users\/5"}],"replies":[{"embeddable":true,"href":"https:\/\/cdnoticias.com\/index.php\/wp-json\/wp\/v2\/comments?post=187353"}],"version-history":[{"count":0,"href":"https:\/\/cdnoticias.com\/index.php\/wp-json\/wp\/v2\/posts\/187353\/revisions"}],"wp:featuredmedia":[{"embeddable":true,"href":"https:\/\/cdnoticias.com\/index.php\/wp-json\/wp\/v2\/media\/187354"}],"wp:attachment":[{"href":"https:\/\/cdnoticias.com\/index.php\/wp-json\/wp\/v2\/media?parent=187353"}],"wp:term":[{"taxonomy":"category","embeddable":true,"href":"https:\/\/cdnoticias.com\/index.php\/wp-json\/wp\/v2\/categories?post=187353"},{"taxonomy":"post_tag","embeddable":true,"href":"https:\/\/cdnoticias.com\/index.php\/wp-json\/wp\/v2\/tags?post=187353"}],"curies":[{"name":"wp","href":"https:\/\/api.w.org\/{rel}","templated":true}]}}