{"id":187349,"date":"2025-11-09T16:08:58","date_gmt":"2025-11-09T19:08:58","guid":{"rendered":"https:\/\/cdnoticias.com\/?p=187349"},"modified":"2025-11-09T16:09:00","modified_gmt":"2025-11-09T19:09:00","slug":"los-cuarteles-de-la-region-centro-centro-aprobaron-la-creacion-de-su-sitio-web-oficial","status":"publish","type":"post","link":"https:\/\/cdnoticias.com\/index.php\/2025\/11\/09\/los-cuarteles-de-la-region-centro-centro-aprobaron-la-creacion-de-su-sitio-web-oficial\/","title":{"rendered":"Los cuarteles de la Regi\u00f3n Centro Centro aprobaron la creaci\u00f3n de su sitio web oficial"},"content":{"rendered":"\n<p>Fue en un nuevo encuentro regional, en este caso en Cachar\u00ed. Se abordaron varios temas sobre formaci\u00f3n, subsidios y rendiciones, y crear\u00e1n un sitio web para la regi\u00f3n.<\/p>\n\n\n\n<hr class=\"wp-block-separator aligncenter has-alpha-channel-opacity\"\/>\n\n\n\n<p>\u00a0<\/p>\n\n\n\n<p>Los seis cuarteles de <strong>Bomberos Voluntarios de la Regi\u00f3n participaron este viernes de un nuevo encuentro regional en la localidad de Cachar\u00ed, donde se abordaron temas de formaci\u00f3n, subsidios y rendiciones, y se aprob\u00f3 el proyecto para la creaci\u00f3n del sitio web oficial de la Regi\u00f3n Centro Centro.<\/strong><\/p>\n\n\n\n<p>Durante la reuni\u00f3n se desarroll\u00f3 una agenda de trabajo que comenz\u00f3 con una charla informativa sobre el pr\u00f3ximo <strong>Encuentro de J\u00f3venes Bomberos Voluntarios en Mar del Plata. Luego se trataron cuestiones administrativas vinculadas a subsidios, rendiciones de cuentas y asuntos federativos.<\/strong><\/p>\n\n\n\n<p>Uno de los puntos centrales fue la<strong> presentaci\u00f3n y aprobaci\u00f3n un\u00e1nime del proyecto para la creaci\u00f3n del sitio web oficial de la Regi\u00f3n Centro Centro, que tendr\u00e1 como objetivo fortalecer la comunicaci\u00f3n interna y externa, centralizar informaci\u00f3n institucional, actividades, capacitaciones, material t\u00e9cnico y datos relevantes para cada cuerpo.<\/strong> Tambi\u00e9n permitir\u00e1 optimizar la coordinaci\u00f3n entre cuarteles y mejorar la visibilidad de las acciones regionales.<\/p>\n\n\n\n<p>La Regi\u00f3n Centro Centro contin\u00faa consolidando instancias de trabajo conjunto, con el objetivo de fortalecer la formaci\u00f3n, la organizaci\u00f3n y el desarrollo de los <strong>seis cuarteles que la integran: General Alvear, Cachar\u00ed, Olavarr\u00eda, Tapalqu\u00e9, Del Carril y Saladillo. <\/strong>Con la aprobaci\u00f3n del nuevo espacio digital, se reafirma el compromiso de seguir avanzando de manera articulada en beneficio del sistema bomberil y de las comunidades a las que brindan servicio.<\/p>\n","protected":false},"excerpt":{"rendered":"<p>Fue en un nuevo encuentro regional, en este caso en Cachar\u00ed. Se abordaron varios temas sobre formaci\u00f3n, subsidios y rendiciones,<\/p>\n","protected":false},"author":5,"featured_media":187350,"comment_status":"closed","ping_status":"closed","sticky":false,"template":"","format":"standard","meta":{"_jetpack_memberships_contains_paid_content":false,"footnotes":""},"categories":[5,1],"tags":[],"class_list":["post-187349","post","type-post","status-publish","format-standard","has-post-thumbnail","hentry","category-informacion-general","category-portada"],"jetpack_featured_media_url":"https:\/\/i0.wp.com\/cdnoticias.com\/wp-content\/uploads\/2025\/11\/8d4031f5-74dd-41aa-9022-961aaf6b7e82.jpeg?fit=1600%2C1200&ssl=1","jetpack_sharing_enabled":true,"_links":{"self":[{"href":"https:\/\/cdnoticias.com\/index.php\/wp-json\/wp\/v2\/posts\/187349","targetHints":{"allow":["GET"]}}],"collection":[{"href":"https:\/\/cdnoticias.com\/index.php\/wp-json\/wp\/v2\/posts"}],"about":[{"href":"https:\/\/cdnoticias.com\/index.php\/wp-json\/wp\/v2\/types\/post"}],"author":[{"embeddable":true,"href":"https:\/\/cdnoticias.com\/index.php\/wp-json\/wp\/v2\/users\/5"}],"replies":[{"embeddable":true,"href":"https:\/\/cdnoticias.com\/index.php\/wp-json\/wp\/v2\/comments?post=187349"}],"version-history":[{"count":0,"href":"https:\/\/cdnoticias.com\/index.php\/wp-json\/wp\/v2\/posts\/187349\/revisions"}],"wp:featuredmedia":[{"embeddable":true,"href":"https:\/\/cdnoticias.com\/index.php\/wp-json\/wp\/v2\/media\/187350"}],"wp:attachment":[{"href":"https:\/\/cdnoticias.com\/index.php\/wp-json\/wp\/v2\/media?parent=187349"}],"wp:term":[{"taxonomy":"category","embeddable":true,"href":"https:\/\/cdnoticias.com\/index.php\/wp-json\/wp\/v2\/categories?post=187349"},{"taxonomy":"post_tag","embeddable":true,"href":"https:\/\/cdnoticias.com\/index.php\/wp-json\/wp\/v2\/tags?post=187349"}],"curies":[{"name":"wp","href":"https:\/\/api.w.org\/{rel}","templated":true}]}}