{"id":187318,"date":"2025-11-09T09:32:41","date_gmt":"2025-11-09T12:32:41","guid":{"rendered":"https:\/\/cdnoticias.com\/?p=187318"},"modified":"2025-11-09T11:41:12","modified_gmt":"2025-11-09T14:41:12","slug":"azul-detuvieron-al-conductor-de-la-grua-que-embistio-y-mato-a-un-motociclista","status":"publish","type":"post","link":"https:\/\/cdnoticias.com\/index.php\/2025\/11\/09\/azul-detuvieron-al-conductor-de-la-grua-que-embistio-y-mato-a-un-motociclista\/","title":{"rendered":"Azul: detuvieron al conductor de la gr\u00faa que embisti\u00f3 y mat\u00f3 a un motociclista"},"content":{"rendered":"\n<p>Est\u00e1 acusado de \u201chomicidio simple con dolo eventual\u201d. Fue arrestado en las primeras horas de este domingo. El delito que le imputan contempla penas que van desde los 8 a 25 a\u00f1os de prisi\u00f3n.<\/p>\n\n\n\n<hr class=\"wp-block-separator has-alpha-channel-opacity\"\/>\n\n\n\n<p>La medida cautelar se concret\u00f3 en las primeras horas de este domingo, durante un procedimiento encabezado por agentes del Grupo T\u00e1ctico Operativo de la Seccional Primera local que incluy\u00f3 que fuera allanada la casa donde el investigado se domicilia, ubicada en Arenales entre Prat y Avenida Mitre.<\/p>\n\n\n\n<p><\/p>\n\n\n\n<p>David Carballo, <strong>el fiscal a cargo de la UFI 2, hab\u00eda pedido la detenci\u00f3n del conductor de la gr\u00faa. <\/strong>Y Juan Jos\u00e9 Su\u00e1rez, el titular del Juzgado de Garant\u00edas 3, evaluando las diferentes evidencias reunidas en la causa penal que se instruye -entre las que figura el <strong>registro f\u00edlmico de una c\u00e1mara perteneciente a un domicilio particular que grab\u00f3 todo lo sucedido- <\/strong>dio lugar al dictado de la medida cautelar.<\/p>\n\n\n\n<p><\/p>\n\n\n\n<p>Transitoriamente <strong>Miguel Jorge Mele, de 58 a\u00f1os de edad, qued\u00f3 privado de su libertad <\/strong>en la sede de la comisar\u00eda ubicada en Belgrano y Las Flores, a la espera de que se defina cu\u00e1ndo <strong>ser\u00e1 indagado en los tribunales de Azul por el delito que le imputan a t\u00edtulo de autor: un &#8220;homicidio simple con dolo eventual&#8221;.<\/strong><\/p>\n\n\n\n<p><\/p>\n\n\n\n<p>Dicho il\u00edcito, ante eventuales condenas, contempla penas de prisi\u00f3n que van <strong>desde los 8 a los 25 a\u00f1os de prisi\u00f3n. <\/strong><\/p>\n\n\n\n<p><\/p>\n\n\n\n<p><strong>Lo sucedido<\/strong><\/p>\n\n\n\n<p><\/p>\n\n\n\n<p>El incidente de tr\u00e1nsito que protagoniz\u00f3 se produjo el s\u00e1bado minutos despu\u00e9s de las 9:30. En las actuaciones penales se indica que <strong>Mele guiaba un cami\u00f3n Iveco<\/strong> y que la v\u00edctima fatal de lo sucedido -que ten\u00eda 46 a\u00f1os de edad y se trasladaba en una moto Motomel modelo &#8220;Skua&#8221; de 150 CC de cilindrada- se llamaba <strong>Diego Maximiliano Marianache.<\/strong><\/p>\n\n\n\n<p><\/p>\n\n\n\n<p>En la intersecci\u00f3n de Avenida Mitre y Espa\u00f1a, una esquina donde hay sem\u00e1foros, ambos rodados fueron observados por testigos cuando <strong>se origin\u00f3 una discusi\u00f3n entre sus conductores.<\/strong><\/p>\n\n\n\n<p><\/p>\n\n\n\n<figure class=\"wp-block-embed is-type-wp-embed is-provider-central-de-noticias-olavarr-a wp-block-embed-central-de-noticias-olavarr-a\"><div class=\"wp-block-embed__wrapper\">\n<blockquote class=\"wp-embedded-content\" data-secret=\"7XHxbUYxiP\"><a href=\"https:\/\/cdnoticias.com\/index.php\/2025\/11\/08\/azul-investigan-un-incidente-vial-que-derivo-en-la-muerte-de-un-hombre\/\">Azul: Investigan un incidente vial que deriv\u00f3 en la muerte de un hombre<\/a><\/blockquote><iframe loading=\"lazy\" class=\"wp-embedded-content\" sandbox=\"allow-scripts\" security=\"restricted\" style=\"position: absolute; visibility: hidden;\" title=\"&#8220;Azul: Investigan un incidente vial que deriv\u00f3 en la muerte de un hombre&#8221; &#8212; Central de Noticias | Olavarr\u00eda\" src=\"https:\/\/cdnoticias.com\/index.php\/2025\/11\/08\/azul-investigan-un-incidente-vial-que-derivo-en-la-muerte-de-un-hombre\/embed\/#?secret=wtJ9SXlHdE#?secret=7XHxbUYxiP\" data-secret=\"7XHxbUYxiP\" width=\"600\" height=\"338\" frameborder=\"0\" marginwidth=\"0\" marginheight=\"0\" scrolling=\"no\"><\/iframe>\n<\/div><\/figure>\n\n\n\n<p><\/p>\n\n\n\n<p>&#8220;Al habilitar el paso el sem\u00e1foro ubicado en la mencionada esquina, los nombrados doblaron hacia la calle Espa\u00f1a, intentando el conductor del ciclomotor sobrepasar al cami\u00f3n por el lado izquierdo del mismo, efectuando Mele una maniobra que impidi\u00f3 a Marianache concretar su intenci\u00f3n&#8221;, se describe en las actuaciones penales.<\/p>\n\n\n\n<p><\/p>\n\n\n\n<p>&#8220;Seguidamente el conductor de la moto intent\u00f3 efectuar una nueva maniobra de sobrepaso. Esta vez, por el lado derecho del cami\u00f3n, coloc\u00e1ndose a la altura de la ventanilla del veh\u00edculo conducido por Mele&#8221;, ocasi\u00f3n durante la cual Marianache le hizo &#8220;ademanes con su brazo&#8221;.<\/p>\n\n\n\n<p><\/p>\n\n\n\n<p>En ese entonces, cuando los dos veh\u00edculos circulaban a la par por Espa\u00f1a, en la cuadra delimitada por Avenida Mitre y Belgrano,<strong> Mele &#8220;efectu\u00f3 una maniobra abrupta hacia su lado derecho, colisionando de manera directa -al mando de la gr\u00faa tipo remolque- sobre el lateral izquierdo de la motocicleta, lo que provoc\u00f3 que este \u00faltimo veh\u00edculo impactara violentamente contra un \u00e1rbol ubicado en la vereda&#8221;.<\/strong><\/p>\n\n\n\n<p><\/p>\n\n\n\n<blockquote class=\"wp-block-quote is-layout-flow wp-block-quote-is-layout-flow\">\n<p>La violencia del choque deriv\u00f3 en el inmediato deceso de Marianache, a causa de &#8220;politraumatismos que le ocasionaron un shock hipovol\u00e9mico y lesi\u00f3n de los grandes vasos&#8221;, se menciona tambi\u00e9n en la causa.<\/p>\n<\/blockquote>\n\n\n\n<p><\/p>\n\n\n\n<p>Para cuando personal policial y m\u00e9dico fueron alertados de lo que hab\u00eda pasado, al llegar al lugar del siniestro vial hallaron al conductor de la moto sin vida. Y en aquel entonces, <strong>Mele fue identificado y trasladado a sede policial en el marco del sumario penal que se inici\u00f3;<\/strong> aunque posteriormente recuper\u00f3 la libertad hasta que hoy domingo -cuando era alrededor de la hora dos- contando con lo solicitado por el fiscal Carballo y con lo despu\u00e9s ordenado por el juez de Garant\u00edas Su\u00e1rez se concret\u00f3 su detenci\u00f3n.<\/p>\n\n\n\n<p><\/p>\n\n\n\n<p>A trav\u00e9s de lo investigado se se\u00f1ala -tal como EL TIEMPO informara- que una mujer fue quien se comunic\u00f3 al 911, luego de que, yendo como acompa\u00f1ante en un auto que guiaba su madre y circulaba detr\u00e1s de la gr\u00faa que manejaba Mele y de la moto en la que iba la v\u00edctima, <strong>observ\u00f3 la discusi\u00f3n entre ambos conductores.<\/strong><\/p>\n\n\n\n<p><\/p>\n\n\n\n<p>Tambi\u00e9n ambas mujeres vieron la manera en que despu\u00e9s el ahora detenido, al mando de la gr\u00faa tipo remolque, hizo la maniobra que deriv\u00f3 en que el hombre que se trasladaba en la moto falleciera.<\/p>\n\n\n\n<p><\/p>\n\n\n\n<p><em><strong>Fuente: Diario El Tiempo. <\/strong><\/em><\/p>\n\n\n\n<p><\/p>\n","protected":false},"excerpt":{"rendered":"<p>Est\u00e1 acusado de \u201chomicidio simple con dolo eventual\u201d. Fue arrestado en las primeras horas de este domingo. El delito que<\/p>\n","protected":false},"author":5,"featured_media":187319,"comment_status":"closed","ping_status":"closed","sticky":false,"template":"","format":"standard","meta":{"_jetpack_memberships_contains_paid_content":false,"footnotes":""},"categories":[14,1],"tags":[],"class_list":["post-187318","post","type-post","status-publish","format-standard","has-post-thumbnail","hentry","category-policiales","category-portada"],"jetpack_featured_media_url":"https:\/\/i0.wp.com\/cdnoticias.com\/wp-content\/uploads\/2025\/11\/azul-homicidio-transito.png?fit=800%2C445&ssl=1","jetpack_sharing_enabled":true,"_links":{"self":[{"href":"https:\/\/cdnoticias.com\/index.php\/wp-json\/wp\/v2\/posts\/187318","targetHints":{"allow":["GET"]}}],"collection":[{"href":"https:\/\/cdnoticias.com\/index.php\/wp-json\/wp\/v2\/posts"}],"about":[{"href":"https:\/\/cdnoticias.com\/index.php\/wp-json\/wp\/v2\/types\/post"}],"author":[{"embeddable":true,"href":"https:\/\/cdnoticias.com\/index.php\/wp-json\/wp\/v2\/users\/5"}],"replies":[{"embeddable":true,"href":"https:\/\/cdnoticias.com\/index.php\/wp-json\/wp\/v2\/comments?post=187318"}],"version-history":[{"count":0,"href":"https:\/\/cdnoticias.com\/index.php\/wp-json\/wp\/v2\/posts\/187318\/revisions"}],"wp:featuredmedia":[{"embeddable":true,"href":"https:\/\/cdnoticias.com\/index.php\/wp-json\/wp\/v2\/media\/187319"}],"wp:attachment":[{"href":"https:\/\/cdnoticias.com\/index.php\/wp-json\/wp\/v2\/media?parent=187318"}],"wp:term":[{"taxonomy":"category","embeddable":true,"href":"https:\/\/cdnoticias.com\/index.php\/wp-json\/wp\/v2\/categories?post=187318"},{"taxonomy":"post_tag","embeddable":true,"href":"https:\/\/cdnoticias.com\/index.php\/wp-json\/wp\/v2\/tags?post=187318"}],"curies":[{"name":"wp","href":"https:\/\/api.w.org\/{rel}","templated":true}]}}