{"id":187305,"date":"2025-11-08T19:56:30","date_gmt":"2025-11-08T22:56:30","guid":{"rendered":"https:\/\/cdnoticias.com\/?p=187305"},"modified":"2025-11-09T09:34:16","modified_gmt":"2025-11-09T12:34:16","slug":"azul-investigan-un-incidente-vial-que-derivo-en-la-muerte-de-un-hombre","status":"publish","type":"post","link":"https:\/\/cdnoticias.com\/index.php\/2025\/11\/08\/azul-investigan-un-incidente-vial-que-derivo-en-la-muerte-de-un-hombre\/","title":{"rendered":"Azul: Investigan un incidente vial que deriv\u00f3 en la muerte de un hombre"},"content":{"rendered":"\n<p>Fue este s\u00e1bado en calle Espa\u00f1a entre avenida Mitre y Belgrano. En el hecho, falleci\u00f3 un vecino de 46 a\u00f1os.&nbsp;<\/p>\n\n\n\n<hr class=\"wp-block-separator aligncenter has-alpha-channel-opacity\"\/>\n\n\n\n<p><strong>Investigan el incidente de tr\u00e1nsito <\/strong>ocurrido en calle Espa\u00f1a, entre avenida Mitre y Belgrano, que termin\u00f3 con el <strong>fallecimiento de Diego Maximiliano Marianache, de 46 a\u00f1os.\u00a0<\/strong><\/p>\n\n\n\n<p>En un primer momento, <strong>el hecho fue tratado como un accidente, pero tras la difusi\u00f3n de im\u00e1genes se determin\u00f3 que ambos conductores manten\u00edan una discusi\u00f3n mientras circulaban.<\/strong><\/p>\n\n\n\n<p>Por el momento, se investiga si <strong>alg\u00fan desperfecto mec\u00e1nico pudo haber influido en el desenlace, aunque las im\u00e1genes registradas muestran el contacto previo entre los involucrados.<\/strong><\/p>\n\n\n\n<p><em>Informaci\u00f3n: Noticias de Azul<\/em><\/p>\n","protected":false},"excerpt":{"rendered":"<p>Fue este s\u00e1bado en calle Espa\u00f1a entre avenida Mitre y Belgrano. En el hecho, falleci\u00f3 un vecino de 46 a\u00f1os.&nbsp;<\/p>\n","protected":false},"author":5,"featured_media":187306,"comment_status":"closed","ping_status":"closed","sticky":false,"template":"","format":"standard","meta":{"_jetpack_memberships_contains_paid_content":false,"footnotes":""},"categories":[14],"tags":[],"class_list":["post-187305","post","type-post","status-publish","format-standard","has-post-thumbnail","hentry","category-policiales"],"jetpack_featured_media_url":"https:\/\/i0.wp.com\/cdnoticias.com\/wp-content\/uploads\/2025\/11\/Screenshot-2025-11-08-19.47.13.png?fit=966%2C501&ssl=1","jetpack_sharing_enabled":true,"_links":{"self":[{"href":"https:\/\/cdnoticias.com\/index.php\/wp-json\/wp\/v2\/posts\/187305","targetHints":{"allow":["GET"]}}],"collection":[{"href":"https:\/\/cdnoticias.com\/index.php\/wp-json\/wp\/v2\/posts"}],"about":[{"href":"https:\/\/cdnoticias.com\/index.php\/wp-json\/wp\/v2\/types\/post"}],"author":[{"embeddable":true,"href":"https:\/\/cdnoticias.com\/index.php\/wp-json\/wp\/v2\/users\/5"}],"replies":[{"embeddable":true,"href":"https:\/\/cdnoticias.com\/index.php\/wp-json\/wp\/v2\/comments?post=187305"}],"version-history":[{"count":0,"href":"https:\/\/cdnoticias.com\/index.php\/wp-json\/wp\/v2\/posts\/187305\/revisions"}],"wp:featuredmedia":[{"embeddable":true,"href":"https:\/\/cdnoticias.com\/index.php\/wp-json\/wp\/v2\/media\/187306"}],"wp:attachment":[{"href":"https:\/\/cdnoticias.com\/index.php\/wp-json\/wp\/v2\/media?parent=187305"}],"wp:term":[{"taxonomy":"category","embeddable":true,"href":"https:\/\/cdnoticias.com\/index.php\/wp-json\/wp\/v2\/categories?post=187305"},{"taxonomy":"post_tag","embeddable":true,"href":"https:\/\/cdnoticias.com\/index.php\/wp-json\/wp\/v2\/tags?post=187305"}],"curies":[{"name":"wp","href":"https:\/\/api.w.org\/{rel}","templated":true}]}}