{"id":187284,"date":"2025-11-08T15:02:23","date_gmt":"2025-11-08T18:02:23","guid":{"rendered":"https:\/\/cdnoticias.com\/?p=187284"},"modified":"2025-11-09T09:10:20","modified_gmt":"2025-11-09T12:10:20","slug":"denuncian-que-fanazul-podria-estar-sujeta-a-una-privatizacion-encubierta","status":"publish","type":"post","link":"https:\/\/cdnoticias.com\/index.php\/2025\/11\/08\/denuncian-que-fanazul-podria-estar-sujeta-a-una-privatizacion-encubierta\/","title":{"rendered":"Denuncian que Fanazul podr\u00eda estar sujeta a una &#8220;privatizaci\u00f3n encubierta&#8221;"},"content":{"rendered":"\n<p>Fue el motivo de reuni\u00f3n de representantes del gremio ATE con diputados en el Congreso. Advierten que el Ejecutivo nacional propone la conformaci\u00f3n de una UTE con inversiones extranjeras.<\/p>\n\n\n\n<hr class=\"wp-block-separator has-alpha-channel-opacity\"\/>\n\n\n\n<p>Representantes gremiales de ATE, sector Fabricaciones Militares, fueron recibidos por los<strong> diputados nacionales Florencia Carignano, Agustina Propato, Gabriela Est\u00e9vez y Eduardo Tonioli <\/strong>-integrantes del bloque Fuerza Patria-, para expresar su &#8220;preocupaci\u00f3n por las decisiones del Directorio de Fabricaciones Militares&#8221;.<\/p>\n\n\n\n<p><\/p>\n\n\n\n<p>Durante el encuentro, desde ATE se advirti\u00f3 sobre el inter\u00e9s del Directorio de FM en conformar una <strong>Uni\u00f3n Temporal de Empresas (UTE) con inversiones extranjeras, &#8220;lo que implicar\u00eda ceder intereses nacionales por 35 a\u00f1os&#8221;.<\/strong><\/p>\n\n\n\n<p><\/p>\n\n\n\n<p>Adem\u00e1s, <strong>&#8220;sin informaci\u00f3n p\u00fablica sobre los t\u00e9rminos del acuerdo&#8221;,<\/strong> se alert\u00f3 sobre <strong>&#8220;los riesgos estrat\u00e9gicos que esto representa para la producci\u00f3n b\u00e9lica nacional&#8221;,<\/strong> recordando el antecedente de las explosiones de R\u00edo Tercero del 3 y 24 de noviembre de 1995, de las que se cumplen 30 a\u00f1os este mes, y que &#8220;marcaron una herida profunda en la historia de Fabricaciones Militares y del pueblo argentino&#8221;.<\/p>\n\n\n\n<p><\/p>\n\n\n\n<p>Por otra parte, desde el gremio estatal se plante\u00f3 la necesidad de <strong>&#8220;impulsar nuevos proyectos productivos&#8221;<\/strong> y &#8220;la apertura de nuevas unidades de negocios que fortalezcan la red industrial&#8221;.<\/p>\n\n\n\n<p><\/p>\n\n\n\n<blockquote class=\"wp-block-quote is-layout-flow wp-block-quote-is-layout-flow\">\n<p>Del mismo modo, &#8220;garantizar la participaci\u00f3n del Congreso Nacional en la evaluaci\u00f3n y aprobaci\u00f3n de cualquier acuerdo de UTE u otra iniciativa que pueda poner en riesgo la soberan\u00eda nacional y la seguridad p\u00fablica&#8221;.<\/p>\n<\/blockquote>\n\n\n\n<p><\/p>\n\n\n\n<p>Tambi\u00e9n se plante\u00f3 la necesidad de &#8220;reafirmar el<strong> car\u00e1cter estrat\u00e9gico de Fabricaciones Militares<\/strong>, como empresa del Estado fundamental para la defensa, el desarrollo industrial y la generaci\u00f3n de divisas&#8221;.<\/p>\n\n\n\n<p><\/p>\n\n\n\n<p>Se remarc\u00f3 que <strong>&#8220;Fabricaciones Militares es soberan\u00eda nacional, trabajo argentino y federal&#8221; <\/strong>y que &#8220;defenderla es defender la capacidad productiva del Estado, la industria nacional y la soberan\u00eda del pa\u00eds&#8221;.<\/p>\n\n\n\n<p><\/p>\n\n\n\n<p>Luego del encuentro, el <strong>secretario general de ATE Azul, Eduardo Bercovich, dijo a EL TIEMPO <\/strong>que &#8220;en la reuni\u00f3n que tuvimos con el bloque de Fuerza Patria en el Congreso de la Naci\u00f3n, en la que nos atendieron los diputados nacionales, les hicimos un amplio relevamiento de lo que est\u00e1 sucediendo en nuestra f\u00e1brica, Fanazul, que hace un a\u00f1o y ocho meses no hay producci\u00f3n&#8221;.<\/p>\n\n\n\n<p><\/p>\n\n\n\n<p>En efecto,<strong> &#8220;solamente se hace mantenimiento y alguna actividad, como desmilitarizaci\u00f3n, pero no hay producci\u00f3n&#8221;, dijo Bercovich.<\/strong> &#8220;Esto, sinceramente, se agrava no s\u00f3lo por la renuncia del presidente de Fabricaciones Militares, [Juan Manuel] Vaquer, hace unos veinte d\u00edas. En la renuncia, argument\u00f3 que era por razones personales. Tambi\u00e9n sabemos que va a haber un cambio en el Ministerio de Defensa, porque Luis Petri supuestamente asumir\u00e1 como legislador nacional, y eso implicar\u00e1 un cambio en la \u00f3rbita de Defensa&#8221;.<\/p>\n\n\n\n<p><\/p>\n\n\n\n<blockquote class=\"wp-block-quote is-layout-flow wp-block-quote-is-layout-flow\">\n<p>&#8220;Con todas estas cuestiones -dijo el titular de ATE Azul-, lo que estamos planteando como gremio es que el Ejecutivo nacional quiere formar una UTE, una uni\u00f3n temporal de empresas que, para nosotros, lo \u00fanico que quieren hacer es tener inversiones extranjeras y, de esa manera, maquillar una privatizaci\u00f3n&#8221;.<\/p>\n<\/blockquote>\n\n\n\n<p><\/p>\n\n\n\n<p>Al respecto, el sindicalista admiti\u00f3 que &#8220;lo que m\u00e1s ruido nos hace y es lo que queremos que empiece a tomar fuerza parlamentaria y discutir en el Congreso, todas estas cuestiones, porque est\u00e1n hablando de ceder todo lo que es Fabricaciones Militares -todas las unidades productivas, incluida Fanazul- a un plazo de 35 a\u00f1os. <strong>Eso nos parece un desprop\u00f3sito<\/strong>&#8220;.<\/p>\n\n\n\n<p><\/p>\n\n\n\n<p>&#8220;Creemos que el Gobierno nacional tiene que entender que, defender la soberan\u00eda, defender la industria nacional, es lo que tenemos que lograr, que fue el objetivo del general Savio y de los que fundaron y desarrollaron todas estas f\u00e1bricas de Fabricaciones Militares. Eso es lo que tenemos que emponderar y volver a lograr: u<strong>n Estado presente y no ausente, y no regalar, vaciar y desguazar toda la industria de soberan\u00eda nacional<\/strong>&#8220;, finaliz\u00f3 Bercovich.<\/p>\n\n\n\n<p><\/p>\n\n\n\n<p><em>Fuente: Diario El Tiempo. <\/em><\/p>\n\n\n\n<p><\/p>\n","protected":false},"excerpt":{"rendered":"<p>Fue el motivo de reuni\u00f3n de representantes del gremio ATE con diputados en el Congreso. Advierten que el Ejecutivo nacional<\/p>\n","protected":false},"author":5,"featured_media":187285,"comment_status":"closed","ping_status":"closed","sticky":false,"template":"","format":"standard","meta":{"_jetpack_memberships_contains_paid_content":false,"footnotes":""},"categories":[6,1],"tags":[],"class_list":["post-187284","post","type-post","status-publish","format-standard","has-post-thumbnail","hentry","category-nacionales","category-portada"],"jetpack_featured_media_url":"https:\/\/i0.wp.com\/cdnoticias.com\/wp-content\/uploads\/2025\/11\/fanazul.png?fit=800%2C445&ssl=1","jetpack_sharing_enabled":true,"_links":{"self":[{"href":"https:\/\/cdnoticias.com\/index.php\/wp-json\/wp\/v2\/posts\/187284","targetHints":{"allow":["GET"]}}],"collection":[{"href":"https:\/\/cdnoticias.com\/index.php\/wp-json\/wp\/v2\/posts"}],"about":[{"href":"https:\/\/cdnoticias.com\/index.php\/wp-json\/wp\/v2\/types\/post"}],"author":[{"embeddable":true,"href":"https:\/\/cdnoticias.com\/index.php\/wp-json\/wp\/v2\/users\/5"}],"replies":[{"embeddable":true,"href":"https:\/\/cdnoticias.com\/index.php\/wp-json\/wp\/v2\/comments?post=187284"}],"version-history":[{"count":0,"href":"https:\/\/cdnoticias.com\/index.php\/wp-json\/wp\/v2\/posts\/187284\/revisions"}],"wp:featuredmedia":[{"embeddable":true,"href":"https:\/\/cdnoticias.com\/index.php\/wp-json\/wp\/v2\/media\/187285"}],"wp:attachment":[{"href":"https:\/\/cdnoticias.com\/index.php\/wp-json\/wp\/v2\/media?parent=187284"}],"wp:term":[{"taxonomy":"category","embeddable":true,"href":"https:\/\/cdnoticias.com\/index.php\/wp-json\/wp\/v2\/categories?post=187284"},{"taxonomy":"post_tag","embeddable":true,"href":"https:\/\/cdnoticias.com\/index.php\/wp-json\/wp\/v2\/tags?post=187284"}],"curies":[{"name":"wp","href":"https:\/\/api.w.org\/{rel}","templated":true}]}}