{"id":187266,"date":"2025-11-07T20:31:13","date_gmt":"2025-11-07T23:31:13","guid":{"rendered":"https:\/\/cdnoticias.com\/?p=187266"},"modified":"2025-11-08T10:16:07","modified_gmt":"2025-11-08T13:16:07","slug":"con-federico-delbonis-se-presento-el-torneo-internacional-de-tenis-m15","status":"publish","type":"post","link":"https:\/\/cdnoticias.com\/index.php\/2025\/11\/07\/con-federico-delbonis-se-presento-el-torneo-internacional-de-tenis-m15\/","title":{"rendered":"Con Federico Delbonis, se present\u00f3 el torneo internacional de tenis M15"},"content":{"rendered":"<p>La rueda de prensa se desarroll\u00f3 en el Sal\u00f3n Blanco, con la presencia por el director de Gesti\u00f3n Deportiva Enzo Jarrie y Bernardo Palacios, del Campo de Deportes La Pedrera, organizador del certamen internacional de tenis.<!--more--><\/p>\n<hr \/>\n<p>En la tarde de este viernes se realiz\u00f3 el <strong>lanzamiento oficial del torneo M15 de Olavarr\u00eda<\/strong>, certamen <a href=\"https:\/\/cdnoticias.com\/index.php\/2025\/10\/18\/olavarria-volvera-a-ser-sede-de-un-torneo-mundial-de-tenis-m15\/\" target=\"_blank\" rel=\"noopener\">organizado por el Campo de Deportes La Pedrera<\/a> y que cuenta con el acompa\u00f1amiento del Municipio de Olavarr\u00eda. La presentaci\u00f3n fue encabezada por el <strong>director de Gesti\u00f3n Deportiva Enzo Jarrie y Bernardo Palacios<\/strong>, pero adem\u00e1s se cont\u00f3 con la presencia especial de<strong> Federico Delbonis, el tenista azule\u00f1o campe\u00f3n de la Copa Davis con la Argentina<\/strong>, quien <strong>apadrinar\u00e1 la competencia<\/strong> que convocar\u00e1 a jugadores que arribar\u00e1n de distintos pa\u00edses.<\/p>\n<p>\u00a0<\/p>\n<p>Previo a la conferencia de prensa <strong>el intendente municipal Maximiliano Wesner recibi\u00f3 a los representantes del torneo<\/strong>, con quienes mantuvo una distendida charla y le hizo entrega de un obsequio al reconocido jugador de tenis Federico Delbonis.<\/p>\n<p>\u00a0<\/p>\n<p><img data-recalc-dims=\"1\" loading=\"lazy\" decoding=\"async\" class=\"alignnone size-full wp-image-187267 aligncenter\" src=\"https:\/\/i0.wp.com\/cdnoticias.com\/wp-content\/uploads\/2025\/11\/delbonis-00.jpg?resize=600%2C757&#038;ssl=1\" alt=\"\" width=\"600\" height=\"757\" srcset=\"https:\/\/i0.wp.com\/cdnoticias.com\/wp-content\/uploads\/2025\/11\/delbonis-00.jpg?w=600&amp;ssl=1 600w, https:\/\/i0.wp.com\/cdnoticias.com\/wp-content\/uploads\/2025\/11\/delbonis-00.jpg?resize=238%2C300&amp;ssl=1 238w\" sizes=\"auto, (max-width: 600px) 100vw, 600px\" \/><\/p>\n<p>\u00a0<\/p>\n<p>La rueda de prensa se realiz\u00f3 en el Sal\u00f3n Blanco del Palacio Municipal, donde se cont\u00f3 adem\u00e1s con la presencia de <strong>Juan Ignacio Vecchi, presidente de la Federaci\u00f3n de de clubes de Tenis del Centro de la Provincia de Buenos Aires<\/strong>.<\/p>\n<p>\u00a0<\/p>\n<p>\u201cPara nosotros, desde el Municipio y en particular desde la Subsecretar\u00eda de Deportes es un orgullo pero tambi\u00e9n un agrado realizar esta presentaci\u00f3n. Por lo importante que es para el <strong>desarrollo deportivo de los m\u00e1s j\u00f3venes poder tener m\u00e1s de una semana viendo un tenis de excelente nivel<\/strong>, sino tambi\u00e9n para toda la comunidad, por eso los invitamos a que se acerquen\u201d, enfatiz\u00f3 Jarrie.<\/p>\n<p>\u00a0<\/p>\n<blockquote>\n<p>Federico Delbonis, quien pr\u00f3ximamente realizar\u00e1 <a href=\"https:\/\/cdnoticias.com\/index.php\/2025\/10\/29\/en-azul-federico-delbonis-tendra-su-partido-despedida-del-tenis\/\" target=\"_blank\" rel=\"noopener\">una exhibici\u00f3n que ser\u00e1 adem\u00e1s su partido despedida en Azul<\/a>, explic\u00f3 que \u201clos M15, o los \u201cFuture\u201d como les solemos decir, son el primer paso del profesionalismo. Encontramos chicos dando sus primeros pinceles y partidos en el profesionalismo, son torneos muy lindos de ver, es donde comienza la carrera de muchos chicos. Son muy importantes este tipo de torneos, mas all\u00e1 del nivel ten\u00edstico, para seguir fomentando y hacer crecer el tenis argentino\u201d.<\/p>\n<\/blockquote>\n<p>\u00a0<\/p>\n<p><img data-recalc-dims=\"1\" loading=\"lazy\" decoding=\"async\" class=\"alignnone size-full wp-image-187270 aligncenter\" src=\"https:\/\/i0.wp.com\/cdnoticias.com\/wp-content\/uploads\/2025\/11\/delbonis-wesner-01.jpeg?resize=800%2C444&#038;ssl=1\" alt=\"\" width=\"800\" height=\"444\" srcset=\"https:\/\/i0.wp.com\/cdnoticias.com\/wp-content\/uploads\/2025\/11\/delbonis-wesner-01.jpeg?w=1000&amp;ssl=1 1000w, https:\/\/i0.wp.com\/cdnoticias.com\/wp-content\/uploads\/2025\/11\/delbonis-wesner-01.jpeg?resize=300%2C167&amp;ssl=1 300w, https:\/\/i0.wp.com\/cdnoticias.com\/wp-content\/uploads\/2025\/11\/delbonis-wesner-01.jpeg?resize=768%2C426&amp;ssl=1 768w, https:\/\/i0.wp.com\/cdnoticias.com\/wp-content\/uploads\/2025\/11\/delbonis-wesner-01.jpeg?resize=800%2C445&amp;ssl=1 800w\" sizes=\"auto, (max-width: 800px) 100vw, 800px\" \/><\/p>\n<p>Palacios, por su parte, detall\u00f3 c\u00f3mo sera la<strong> modalidad y desarrollo de la competencia<\/strong>. En ese marco, puso en valor que es la quinta edici\u00f3n que realizan un torneo de estas caracter\u00edsticas y que eso ha permitido que por Olavarr\u00eda \u201chan pasado muchos jugadores que hoy est\u00e1n entre los mejores del mundo, y los tuvimos en el patio de casa, como lo solemos decir. Eso es lo que m\u00e1s tiene que llamar a la gente, los jugadores que hoy tenemos en nuestra ciudad el d\u00eda de ma\u00f1ana seguramente van a estar en la televisi\u00f3n. Por eso <strong>queremos invitar a todos, que aprovechen esto que es muy importante y se hace con mucho sacrificio\u201d<\/strong>.<\/p>\n<p>\u00a0<\/p>\n<p>Vecchi, por \u00faltimo, mencion\u00f3 que \u201ccomo Federaci\u00f3n formamos parte de la Asociaci\u00f3n Argentina de Tenis (AAT) y nuestro papel es apoyar a todos los clubes, a todos los dirigentes. Nuestra misi\u00f3n es <strong>acompa\u00f1ar a este deporte tan lindo que es el tenis, desde sus inicios, su formaci\u00f3n, a los chicos que se inician<\/strong>. La verdad que es un esfuerzo muy grande de todos poder armar un evento de estas caracter\u00edsticas\u201d.<\/p>\n<p>\u00a0<\/p>\n<p>Se detall\u00f3 que el M15 repartir\u00e1<strong> importantes premios econ\u00f3micos<\/strong>, adem\u00e1s de otorgar puntos para el ranking de la Federaci\u00f3n Internacional de Tenis (ITF).\u00a0<strong>Participar\u00e1n a m\u00e1s de 120 jugadores<\/strong>, quienes arribar\u00e1n provenientes de distintos pa\u00edses, lo cual generar\u00e1 adem\u00e1s un importante movimiento en la ciudad y el Partido en materia de hoteler\u00eda y gastronom\u00eda.<\/p>\n<p>\u00a0<\/p>\n<p>Se detall\u00f3 que <strong>la actividad, con la denominada Pre-Qualy, comenzar\u00e1 este martes 11 de noviembre<\/strong>, con la participaci\u00f3n de 64 jugadores. <strong>El cuadro principal se iniciar\u00e1 el lunes 17 de noviembre<\/strong>.<\/p>\n<p>\u00a0<\/p>\n\n\n<figure class=\"wp-block-embed is-type-wp-embed is-provider-central-de-noticias-olavarr-a wp-block-embed-central-de-noticias-olavarr-a\"><div class=\"wp-block-embed__wrapper\">\n<blockquote class=\"wp-embedded-content\" data-secret=\"bxe3QuTCoa\"><a href=\"https:\/\/cdnoticias.com\/index.php\/2025\/10\/29\/en-azul-federico-delbonis-tendra-su-partido-despedida-del-tenis\/\">En Azul, Federico Delbonis tendr\u00e1 su partido despedida del tenis<\/a><\/blockquote><iframe loading=\"lazy\" class=\"wp-embedded-content\" sandbox=\"allow-scripts\" security=\"restricted\" style=\"position: absolute; visibility: hidden;\" title=\"&#8220;En Azul, Federico Delbonis tendr\u00e1 su partido despedida del tenis&#8221; &#8212; Central de Noticias | Olavarr\u00eda\" src=\"https:\/\/cdnoticias.com\/index.php\/2025\/10\/29\/en-azul-federico-delbonis-tendra-su-partido-despedida-del-tenis\/embed\/#?secret=evXw73Rbie#?secret=bxe3QuTCoa\" data-secret=\"bxe3QuTCoa\" width=\"600\" height=\"338\" frameborder=\"0\" marginwidth=\"0\" marginheight=\"0\" scrolling=\"no\"><\/iframe>\n<\/div><\/figure>\n","protected":false},"excerpt":{"rendered":"<p>La rueda de prensa se desarroll\u00f3 en el Sal\u00f3n Blanco, con la presencia por el director de Gesti\u00f3n Deportiva Enzo<\/p>\n","protected":false},"author":4,"featured_media":187269,"comment_status":"closed","ping_status":"closed","sticky":false,"template":"","format":"standard","meta":{"_jetpack_memberships_contains_paid_content":false,"footnotes":""},"categories":[29,1,55],"tags":[],"class_list":["post-187266","post","type-post","status-publish","format-standard","has-post-thumbnail","hentry","category-deportes","category-portada","category-tenis-padel"],"jetpack_featured_media_url":"https:\/\/i0.wp.com\/cdnoticias.com\/wp-content\/uploads\/2025\/11\/delbonis-wesner-00.jpg?fit=1000%2C556&ssl=1","jetpack_sharing_enabled":true,"_links":{"self":[{"href":"https:\/\/cdnoticias.com\/index.php\/wp-json\/wp\/v2\/posts\/187266","targetHints":{"allow":["GET"]}}],"collection":[{"href":"https:\/\/cdnoticias.com\/index.php\/wp-json\/wp\/v2\/posts"}],"about":[{"href":"https:\/\/cdnoticias.com\/index.php\/wp-json\/wp\/v2\/types\/post"}],"author":[{"embeddable":true,"href":"https:\/\/cdnoticias.com\/index.php\/wp-json\/wp\/v2\/users\/4"}],"replies":[{"embeddable":true,"href":"https:\/\/cdnoticias.com\/index.php\/wp-json\/wp\/v2\/comments?post=187266"}],"version-history":[{"count":0,"href":"https:\/\/cdnoticias.com\/index.php\/wp-json\/wp\/v2\/posts\/187266\/revisions"}],"wp:featuredmedia":[{"embeddable":true,"href":"https:\/\/cdnoticias.com\/index.php\/wp-json\/wp\/v2\/media\/187269"}],"wp:attachment":[{"href":"https:\/\/cdnoticias.com\/index.php\/wp-json\/wp\/v2\/media?parent=187266"}],"wp:term":[{"taxonomy":"category","embeddable":true,"href":"https:\/\/cdnoticias.com\/index.php\/wp-json\/wp\/v2\/categories?post=187266"},{"taxonomy":"post_tag","embeddable":true,"href":"https:\/\/cdnoticias.com\/index.php\/wp-json\/wp\/v2\/tags?post=187266"}],"curies":[{"name":"wp","href":"https:\/\/api.w.org\/{rel}","templated":true}]}}