{"id":187259,"date":"2025-11-10T08:51:12","date_gmt":"2025-11-10T11:51:12","guid":{"rendered":"https:\/\/cdnoticias.com\/?p=187259"},"modified":"2025-11-10T09:09:12","modified_gmt":"2025-11-10T12:09:12","slug":"el-operativo-aurora-presente-en-distintos-establecimientos-educativos-de-la-ciudad","status":"publish","type":"post","link":"https:\/\/cdnoticias.com\/index.php\/2025\/11\/10\/el-operativo-aurora-presente-en-distintos-establecimientos-educativos-de-la-ciudad\/","title":{"rendered":"El \u201cOperativo Aurora\u201d presente en distintos establecimientos educativos de la ciudad"},"content":{"rendered":"\n<p>Se realizan en los horarios tanto de ingreso como egreso de ambos turnos, en las inmediaciones de escuelas y jardines de infantes ubicados en el centro y microcentro local.&nbsp;<\/p>\n\n\n\n<hr class=\"wp-block-separator aligncenter has-alpha-channel-opacity\"\/>\n\n\n\n<p>En <strong>materia de seguridad vial <\/strong>contin\u00faan los <strong>dispositivos preventivos y de control,<\/strong> como as\u00ed tambi\u00e9n<strong> jornadas de educaci\u00f3n y concientizaci\u00f3n.\u00a0<\/strong><\/p>\n\n\n\n<p><\/p>\n\n\n\n<p>En ese marco, se encuentra el denominado<strong> Operativo Aurora,<\/strong> que tiene por objetivo <strong>organizar la circulaci\u00f3n vehicular en horarios de ingreso y egreso de establecimientos educativos de distintos niveles.<\/strong><\/p>\n\n\n\n<p><\/p>\n\n\n\n<figure class=\"wp-block-image aligncenter size-full\"><img data-recalc-dims=\"1\" loading=\"lazy\" decoding=\"async\" width=\"800\" height=\"465\" src=\"https:\/\/i0.wp.com\/cdnoticias.com\/wp-content\/uploads\/2025\/11\/operativo-aurora1.png?resize=800%2C465&#038;ssl=1\" alt=\"\" class=\"wp-image-187262\" srcset=\"https:\/\/i0.wp.com\/cdnoticias.com\/wp-content\/uploads\/2025\/11\/operativo-aurora1.png?w=882&amp;ssl=1 882w, https:\/\/i0.wp.com\/cdnoticias.com\/wp-content\/uploads\/2025\/11\/operativo-aurora1.png?resize=300%2C174&amp;ssl=1 300w, https:\/\/i0.wp.com\/cdnoticias.com\/wp-content\/uploads\/2025\/11\/operativo-aurora1.png?resize=768%2C447&amp;ssl=1 768w\" sizes=\"auto, (max-width: 800px) 100vw, 800px\" \/><\/figure>\n\n\n\n<p><\/p>\n\n\n\n<blockquote class=\"wp-block-quote is-layout-flow wp-block-quote-is-layout-flow\">\n<p>Se trata de operativos que se realizan en los horarios tantos de ingreso como egreso de ambos turnos, en las inmediaciones de escuelas y jardines de infantes ubicados en el centro y microcentro local, como as\u00ed tambi\u00e9n en distintos barrios de la ciudad, sitios que precisamente por ubicaci\u00f3n suelen contar con un importante caudal de rodados y peatones, lo que puede ocasionar siniestros.<\/p>\n<\/blockquote>\n\n\n\n<p><\/p>\n\n\n\n<p>Es por ello que se diagraman dispositivos que cuentan con la articulaci\u00f3n y coordinaci\u00f3n de la Subsecretar\u00eda de Protecci\u00f3n Ciudadana y la Coordinaci\u00f3n de Estacionamiento Medido, adem\u00e1s de la colaboraci\u00f3n de agentes policiales en cumplimiento de horas adicionales para el Municipio.<\/p>\n\n\n\n<p><\/p>\n","protected":false},"excerpt":{"rendered":"<p>Se realizan en los horarios tanto de ingreso como egreso de ambos turnos, en las inmediaciones de escuelas y jardines<\/p>\n","protected":false},"author":6,"featured_media":187261,"comment_status":"closed","ping_status":"closed","sticky":false,"template":"","format":"standard","meta":{"_jetpack_memberships_contains_paid_content":false,"footnotes":""},"categories":[5,1],"tags":[],"class_list":["post-187259","post","type-post","status-publish","format-standard","has-post-thumbnail","hentry","category-informacion-general","category-portada"],"jetpack_featured_media_url":"https:\/\/i0.wp.com\/cdnoticias.com\/wp-content\/uploads\/2025\/11\/operativo-aurora2.png?fit=888%2C486&ssl=1","jetpack_sharing_enabled":true,"_links":{"self":[{"href":"https:\/\/cdnoticias.com\/index.php\/wp-json\/wp\/v2\/posts\/187259","targetHints":{"allow":["GET"]}}],"collection":[{"href":"https:\/\/cdnoticias.com\/index.php\/wp-json\/wp\/v2\/posts"}],"about":[{"href":"https:\/\/cdnoticias.com\/index.php\/wp-json\/wp\/v2\/types\/post"}],"author":[{"embeddable":true,"href":"https:\/\/cdnoticias.com\/index.php\/wp-json\/wp\/v2\/users\/6"}],"replies":[{"embeddable":true,"href":"https:\/\/cdnoticias.com\/index.php\/wp-json\/wp\/v2\/comments?post=187259"}],"version-history":[{"count":0,"href":"https:\/\/cdnoticias.com\/index.php\/wp-json\/wp\/v2\/posts\/187259\/revisions"}],"wp:featuredmedia":[{"embeddable":true,"href":"https:\/\/cdnoticias.com\/index.php\/wp-json\/wp\/v2\/media\/187261"}],"wp:attachment":[{"href":"https:\/\/cdnoticias.com\/index.php\/wp-json\/wp\/v2\/media?parent=187259"}],"wp:term":[{"taxonomy":"category","embeddable":true,"href":"https:\/\/cdnoticias.com\/index.php\/wp-json\/wp\/v2\/categories?post=187259"},{"taxonomy":"post_tag","embeddable":true,"href":"https:\/\/cdnoticias.com\/index.php\/wp-json\/wp\/v2\/tags?post=187259"}],"curies":[{"name":"wp","href":"https:\/\/api.w.org\/{rel}","templated":true}]}}