{"id":187252,"date":"2025-11-07T18:30:15","date_gmt":"2025-11-07T21:30:15","guid":{"rendered":"https:\/\/cdnoticias.com\/?p=187252"},"modified":"2025-11-07T20:31:39","modified_gmt":"2025-11-07T23:31:39","slug":"se-avanza-en-la-creacion-de-31-lotes-con-servicios-en-sierra-chica","status":"publish","type":"post","link":"https:\/\/cdnoticias.com\/index.php\/2025\/11\/07\/se-avanza-en-la-creacion-de-31-lotes-con-servicios-en-sierra-chica\/","title":{"rendered":"Se avanza en la creaci\u00f3n de 31 lotes con servicios en Sierra Chica"},"content":{"rendered":"\n<p>La puesta en marcha del programa reservado para Sierra Chica se desarrollar\u00e1 de manera paralela al de Loma Negra en cuanto a plazos de inscripci\u00f3n y requisitos.<\/p>\n\n\n\n<hr class=\"wp-block-separator aligncenter has-alpha-channel-opacity\"\/>\n\n\n\n<p>En el marco de la<a href=\"https:\/\/cdnoticias.com\/index.php\/2025\/11\/06\/el-hcd-realizo-la-16-sesion-ordinaria\/\" target=\"_blank\" rel=\"noreferrer noopener\"> \u00faltima sesi\u00f3n del Concejo Deliberante<\/a> celebrada el pasado jueves, fue aprobada la Ordenanza 5708\/25, que hab\u00eda sido presentada por el intendente Maximiliano Wesner con el objetivo de <strong>crear el Programa de Lotes con Servicios para la Localidad de Sierra Chica.<\/strong><\/p>\n\n\n\n<p><\/p>\n\n\n\n<p>De acuerdo con lo que se detall\u00f3 desde la Direcci\u00f3n de Casa de Tierras y Regularizaci\u00f3n Dominial,<strong> se trata de un total de 31 lotes<\/strong>, que estar\u00e1n ubicados en distintos <strong>sectores del barrio Plan Federal de Sierra Chica.<\/strong><\/p>\n\n\n\n<p><\/p>\n\n\n\n<p><strong><em>\u201cEs una gran satisfacci\u00f3n, pero tambi\u00e9n un respaldo al trabajo que se realiza desde el Municipio. Adem\u00e1s, permite completar el anillo de las localidades m\u00e1s cercanas a Olavarr\u00eda, es llevar a la pr\u00e1ctica lo que siempre dice el intendente de abrazar de Olavarr\u00eda de afuera hacia adentro\u201d,<\/em><\/strong> expres\u00f3 el director de Casa de Tierras y Regularizaci\u00f3n Dominial Juan S\u00e1nchez, quien enumer\u00f3 la realizaci\u00f3n de los Programas de Generaci\u00f3n de Lotes con Servicios que ya contemplaron previamente a vecinos y vecinas de <strong>Colonia Hinojo, Hinojo, Sierras Bayas y Loma Negra<\/strong>.<\/p>\n\n\n\n<p><\/p>\n\n\n\n<blockquote class=\"wp-block-quote is-layout-flow wp-block-quote-is-layout-flow\">\n<p>Adem\u00e1s, anticip\u00f3 que la puesta en marcha del programa reservado para Sierra Chica se desarrollar\u00e1 de manera paralela al de Loma Negra en cuanto a plazos de inscripci\u00f3n y requisitos. Las fechas se informar\u00e1n pr\u00f3ximamente.<\/p>\n<\/blockquote>\n\n\n\n<p><\/p>\n\n\n\n<p>En ese sentido, explic\u00f3 que <strong>ambos programas, que en su conjunto generar\u00e1n un total de 70 nuevos lotes con servicios<\/strong>, tendr\u00e1n como condiciones ineludibles -entre otras- que <strong>las personas interesadas deber\u00e1n estar inscriptas en el Registro de Demanda Habitacional y ser nativas y\/o residentes de las mencionadas localidades.<\/strong><\/p>\n\n\n\n<p><\/p>\n\n\n\n<blockquote class=\"wp-block-quote is-layout-flow wp-block-quote-is-layout-flow\">\n<p>\u201cSon programas muy significativos. Porque fortalecen el arraigo, la identidad de cada una de las localidades, pero principalmente porque dan inicio a un proceso que culminar\u00e1 con la casa propia, y a nosotros como Municipio lo que m\u00e1s nos reconforta es que los vamos a acompa\u00f1ar en todo ese camino\u201d, concluy\u00f3 S\u00e1nchez.<\/p>\n<\/blockquote>\n\n\n\n<p><\/p>\n\n\n\n<p>Desde la Direcci\u00f3n de Casa de Tierras y Regularizaci\u00f3n Dominial se expres\u00f3 que <strong>en los pr\u00f3ximos d\u00edas se anunciar\u00e1 el inicio del per\u00edodo de inscripci\u00f3n<\/strong>, por lo que se invita a las personas interesadas a sumarse al Registro de Demanda Habitacional, requisito ineludible para poder participar del sorteo p\u00fablico.<\/p>\n\n\n\n<p><\/p>\n","protected":false},"excerpt":{"rendered":"<p>La puesta en marcha del programa reservado para Sierra Chica se desarrollar\u00e1 de manera paralela al de Loma Negra en<\/p>\n","protected":false},"author":6,"featured_media":187254,"comment_status":"closed","ping_status":"closed","sticky":false,"template":"","format":"standard","meta":{"_jetpack_memberships_contains_paid_content":false,"footnotes":""},"categories":[5,1],"tags":[],"class_list":["post-187252","post","type-post","status-publish","format-standard","has-post-thumbnail","hentry","category-informacion-general","category-portada"],"jetpack_featured_media_url":"https:\/\/i0.wp.com\/cdnoticias.com\/wp-content\/uploads\/2025\/11\/lotes-sierra-chica.png?fit=814%2C560&ssl=1","jetpack_sharing_enabled":true,"_links":{"self":[{"href":"https:\/\/cdnoticias.com\/index.php\/wp-json\/wp\/v2\/posts\/187252","targetHints":{"allow":["GET"]}}],"collection":[{"href":"https:\/\/cdnoticias.com\/index.php\/wp-json\/wp\/v2\/posts"}],"about":[{"href":"https:\/\/cdnoticias.com\/index.php\/wp-json\/wp\/v2\/types\/post"}],"author":[{"embeddable":true,"href":"https:\/\/cdnoticias.com\/index.php\/wp-json\/wp\/v2\/users\/6"}],"replies":[{"embeddable":true,"href":"https:\/\/cdnoticias.com\/index.php\/wp-json\/wp\/v2\/comments?post=187252"}],"version-history":[{"count":0,"href":"https:\/\/cdnoticias.com\/index.php\/wp-json\/wp\/v2\/posts\/187252\/revisions"}],"wp:featuredmedia":[{"embeddable":true,"href":"https:\/\/cdnoticias.com\/index.php\/wp-json\/wp\/v2\/media\/187254"}],"wp:attachment":[{"href":"https:\/\/cdnoticias.com\/index.php\/wp-json\/wp\/v2\/media?parent=187252"}],"wp:term":[{"taxonomy":"category","embeddable":true,"href":"https:\/\/cdnoticias.com\/index.php\/wp-json\/wp\/v2\/categories?post=187252"},{"taxonomy":"post_tag","embeddable":true,"href":"https:\/\/cdnoticias.com\/index.php\/wp-json\/wp\/v2\/tags?post=187252"}],"curies":[{"name":"wp","href":"https:\/\/api.w.org\/{rel}","templated":true}]}}