{"id":187239,"date":"2025-11-08T11:41:40","date_gmt":"2025-11-08T14:41:40","guid":{"rendered":"https:\/\/cdnoticias.com\/?p=187239"},"modified":"2025-11-08T11:41:42","modified_gmt":"2025-11-08T14:41:42","slug":"combustibles-impulsan-una-ley-que-obligue-a-comunicar-los-aumentos-de-precios-2","status":"publish","type":"post","link":"https:\/\/cdnoticias.com\/index.php\/2025\/11\/08\/combustibles-impulsan-una-ley-que-obligue-a-comunicar-los-aumentos-de-precios-2\/","title":{"rendered":"Combustibles: impulsan una ley que obligue a comunicar los aumentos de precios"},"content":{"rendered":"\n<p>La C\u00e1mara de Diputados de la Provincia de Buenos Aires va a tratar un proyecto de una legisladora massista para que las petroleras informen los aumentos de combustibles con 72 horas de anticipaci\u00f3n.<\/p>\n\n\n\n<hr class=\"wp-block-separator aligncenter has-alpha-channel-opacity\"\/>\n\n\n\n<p>La Comisi\u00f3n de Servicios P\u00fablicos de la <strong>C\u00e1mara de Diputados de la provincia de Buenos Aires<\/strong> aprob\u00f3 este jueves el dictamen para su tratamiento posterior de un <strong>proyecto de ley para obligar a las empresas petroleras a comunicar las subas de precios de combustibles al menos con 72 horas de anticipaci\u00f3n.<\/strong><\/p>\n\n\n\n<p><\/p>\n\n\n\n<blockquote class=\"wp-block-quote is-layout-flow wp-block-quote-is-layout-flow\">\n<p>El proyecto fue presentado por la diputada Ayel\u00e9n Rasquetti quien se\u00f1al\u00f3 que su objetivo es \u201cgarantizar la transparencia en la comunicaci\u00f3n de los precios en los combustibles l\u00edquidos\u201d.\u00a0<\/p>\n<\/blockquote>\n\n\n\n<p><\/p>\n\n\n\n<p>Es una evidente respuesta a la<strong> decisi\u00f3n de YPF de dejar de informar los aumentos de precios<\/strong> en las estaciones de servicio. Tambi\u00e9n se obligar\u00eda a<strong> colocar un cartel en cada surtidor e informar en medios digitales 48 horas antes de la modificaci\u00f3n de los valores<\/strong>. El no cumplimiento de la disposici\u00f3n <strong>implicar\u00eda multas de entre 5000 y 150.000 litros de nafta s\u00faper.<\/strong><\/p>\n\n\n\n<p><\/p>\n\n\n\n<p>El proyecto ya levant\u00f3 cr\u00edticas de empresas petroleras, las que argumentan que una medida de ese tipo podr\u00eda provocar desabastecimiento y no favorecer\u00eda a la competencia.<\/p>\n\n\n\n<p><\/p>\n\n\n\n<p><em>Fuente: DIB<\/em><\/p>\n","protected":false},"excerpt":{"rendered":"<p>La C\u00e1mara de Diputados de la Provincia de Buenos Aires va a tratar un proyecto de una legisladora massista para<\/p>\n","protected":false},"author":6,"featured_media":119641,"comment_status":"closed","ping_status":"closed","sticky":false,"template":"","format":"standard","meta":{"_jetpack_memberships_contains_paid_content":false,"footnotes":""},"categories":[6,1],"tags":[],"class_list":["post-187239","post","type-post","status-publish","format-standard","has-post-thumbnail","hentry","category-nacionales","category-portada"],"jetpack_featured_media_url":"https:\/\/i0.wp.com\/cdnoticias.com\/wp-content\/uploads\/2024\/07\/aumento-combustibles-nafta-ypf-01.jpg?fit=800%2C445&ssl=1","jetpack_sharing_enabled":true,"_links":{"self":[{"href":"https:\/\/cdnoticias.com\/index.php\/wp-json\/wp\/v2\/posts\/187239","targetHints":{"allow":["GET"]}}],"collection":[{"href":"https:\/\/cdnoticias.com\/index.php\/wp-json\/wp\/v2\/posts"}],"about":[{"href":"https:\/\/cdnoticias.com\/index.php\/wp-json\/wp\/v2\/types\/post"}],"author":[{"embeddable":true,"href":"https:\/\/cdnoticias.com\/index.php\/wp-json\/wp\/v2\/users\/6"}],"replies":[{"embeddable":true,"href":"https:\/\/cdnoticias.com\/index.php\/wp-json\/wp\/v2\/comments?post=187239"}],"version-history":[{"count":0,"href":"https:\/\/cdnoticias.com\/index.php\/wp-json\/wp\/v2\/posts\/187239\/revisions"}],"wp:featuredmedia":[{"embeddable":true,"href":"https:\/\/cdnoticias.com\/index.php\/wp-json\/wp\/v2\/media\/119641"}],"wp:attachment":[{"href":"https:\/\/cdnoticias.com\/index.php\/wp-json\/wp\/v2\/media?parent=187239"}],"wp:term":[{"taxonomy":"category","embeddable":true,"href":"https:\/\/cdnoticias.com\/index.php\/wp-json\/wp\/v2\/categories?post=187239"},{"taxonomy":"post_tag","embeddable":true,"href":"https:\/\/cdnoticias.com\/index.php\/wp-json\/wp\/v2\/tags?post=187239"}],"curies":[{"name":"wp","href":"https:\/\/api.w.org\/{rel}","templated":true}]}}