{"id":187233,"date":"2025-11-07T16:15:00","date_gmt":"2025-11-07T19:15:00","guid":{"rendered":"https:\/\/cdnoticias.com\/?p=187233"},"modified":"2025-11-07T16:15:10","modified_gmt":"2025-11-07T19:15:10","slug":"serafin-herlein-q-e-p-d","status":"publish","type":"post","link":"https:\/\/cdnoticias.com\/index.php\/2025\/11\/07\/serafin-herlein-q-e-p-d\/","title":{"rendered":"Serafin Herlein (Q.E.P.D.)"},"content":{"rendered":"\n<p>Falleci\u00f3 en Olavarr\u00eda el 7 de noviembre de 2025 a los 84 a\u00f1os.&nbsp;<\/p>\n\n\n\n<p>Su esposa: Norma Roscopp. Sus hijos: Mar\u00eda In\u00e9s, Gustavo y M\u00f3nica. Sus hijos pol\u00edticos: Karina, Diego y H\u00e9ctor. Sus nietos: Tom\u00e1s, Franco, Federico, Agustina, Nicol\u00e1s, Santiago y Facundo y dem\u00e1s deudos participan de su fallecimiento.<\/p>\n\n\n\n<p>Velatorio: Espa\u00f1a 2942, Departamento &#8220;D&#8221;. Comienza el s\u00e1bado 8 a las 12:30 horas. Responso: Capilla ardiente. Inhumaci\u00f3n: Loma de Paz, s\u00e1bado 8 de Noviembre a las 13:30 horas. Servicio adherido a Coopelectric.&nbsp;<\/p>\n\n\n\n<p>Barrio en el que viv\u00eda: Hip\u00f3lito Irigoyen.<\/p>\n\n\n\n<p>Lugar de nacimiento: Coronel Su\u00e1rez.<\/p>\n\n\n\n<p>Actividad que desarrollaba: Jubilado de &#8220;Cerro Negro&#8221;.<\/p>\n","protected":false},"excerpt":{"rendered":"<p>Falleci\u00f3 en Olavarr\u00eda el 7 de noviembre de 2025 a los 84 a\u00f1os.&nbsp; Su esposa: Norma Roscopp. Sus hijos: Mar\u00eda<\/p>\n","protected":false},"author":6,"featured_media":100390,"comment_status":"closed","ping_status":"closed","sticky":false,"template":"","format":"standard","meta":{"_jetpack_memberships_contains_paid_content":false,"footnotes":""},"categories":[10],"tags":[],"class_list":["post-187233","post","type-post","status-publish","format-standard","has-post-thumbnail","hentry","category-necrologicas"],"jetpack_featured_media_url":"https:\/\/i0.wp.com\/cdnoticias.com\/wp-content\/uploads\/2023\/10\/necrologicas-390-x-240.jpg?fit=390%2C240&ssl=1","jetpack_sharing_enabled":true,"_links":{"self":[{"href":"https:\/\/cdnoticias.com\/index.php\/wp-json\/wp\/v2\/posts\/187233","targetHints":{"allow":["GET"]}}],"collection":[{"href":"https:\/\/cdnoticias.com\/index.php\/wp-json\/wp\/v2\/posts"}],"about":[{"href":"https:\/\/cdnoticias.com\/index.php\/wp-json\/wp\/v2\/types\/post"}],"author":[{"embeddable":true,"href":"https:\/\/cdnoticias.com\/index.php\/wp-json\/wp\/v2\/users\/6"}],"replies":[{"embeddable":true,"href":"https:\/\/cdnoticias.com\/index.php\/wp-json\/wp\/v2\/comments?post=187233"}],"version-history":[{"count":0,"href":"https:\/\/cdnoticias.com\/index.php\/wp-json\/wp\/v2\/posts\/187233\/revisions"}],"wp:featuredmedia":[{"embeddable":true,"href":"https:\/\/cdnoticias.com\/index.php\/wp-json\/wp\/v2\/media\/100390"}],"wp:attachment":[{"href":"https:\/\/cdnoticias.com\/index.php\/wp-json\/wp\/v2\/media?parent=187233"}],"wp:term":[{"taxonomy":"category","embeddable":true,"href":"https:\/\/cdnoticias.com\/index.php\/wp-json\/wp\/v2\/categories?post=187233"},{"taxonomy":"post_tag","embeddable":true,"href":"https:\/\/cdnoticias.com\/index.php\/wp-json\/wp\/v2\/tags?post=187233"}],"curies":[{"name":"wp","href":"https:\/\/api.w.org\/{rel}","templated":true}]}}