{"id":187224,"date":"2025-11-08T19:49:19","date_gmt":"2025-11-08T22:49:19","guid":{"rendered":"https:\/\/cdnoticias.com\/?p=187224"},"modified":"2025-11-08T19:49:21","modified_gmt":"2025-11-08T22:49:21","slug":"el-procurador-general-de-la-provincia-estuvo-en-azul","status":"publish","type":"post","link":"https:\/\/cdnoticias.com\/index.php\/2025\/11\/08\/el-procurador-general-de-la-provincia-estuvo-en-azul\/","title":{"rendered":"El Procurador General de la provincia estuvo en Azul"},"content":{"rendered":"<p>El titular del Ministerio P\u00fablico de la provincia de Buenos Aires, Julio Conte Grand, encabez\u00f3 una conferencia y particip\u00f3 de una reuni\u00f3n de trabajo.<!--more--><\/p>\n<hr \/>\n<p>Este mi\u00e9rcoles el<strong> Procurador General, Dr. Julio Conte-Grand<\/strong>, llev\u00f3 adelante la conferencia <strong>\u201cSexta revoluci\u00f3n industrial: La rehumanizaci\u00f3n de los sistemas y los procesos, y el fortalecimiento institucional\u201d<\/strong> en la sede del <strong>Colegio de Magistrados de la localidad de Azul<\/strong>.<\/p>\n<p>La actividad fue organizada por el Ministerio P\u00fablico de la provincia de Buenos Aires y en ese marco el <strong>Procurador General expuso sobre un posible futuro donde la tecnolog\u00eda se integra de manera m\u00e1s humana y \u00e9tica<\/strong>, con un enfoque en el bienestar de las personas y el fortalecimiento de las instituciones.<\/p>\n<p><img data-recalc-dims=\"1\" loading=\"lazy\" decoding=\"async\" class=\"alignnone size-full wp-image-187226 aligncenter\" src=\"https:\/\/i0.wp.com\/cdnoticias.com\/wp-content\/uploads\/2025\/11\/julio-conte-grand-en-azul-A.jpg?resize=800%2C445&#038;ssl=1\" alt=\"\" width=\"800\" height=\"445\" srcset=\"https:\/\/i0.wp.com\/cdnoticias.com\/wp-content\/uploads\/2025\/11\/julio-conte-grand-en-azul-A.jpg?w=1000&amp;ssl=1 1000w, https:\/\/i0.wp.com\/cdnoticias.com\/wp-content\/uploads\/2025\/11\/julio-conte-grand-en-azul-A.jpg?resize=300%2C167&amp;ssl=1 300w, https:\/\/i0.wp.com\/cdnoticias.com\/wp-content\/uploads\/2025\/11\/julio-conte-grand-en-azul-A.jpg?resize=768%2C427&amp;ssl=1 768w, https:\/\/i0.wp.com\/cdnoticias.com\/wp-content\/uploads\/2025\/11\/julio-conte-grand-en-azul-A.jpg?resize=800%2C445&amp;ssl=1 800w\" sizes=\"auto, (max-width: 800px) 100vw, 800px\" \/><\/p>\n<blockquote><p>De esta manera, destac\u00f3 la importancia de comprender en profundidad el estado actual de la humanidad, no solo desde la perspectiva tecnol\u00f3gica, sino tambi\u00e9n considerando los impactos sociales, econ\u00f3micos y colectivos que estas transformaciones conllevan. En tal sentido, enfatiz\u00f3 en que la transici\u00f3n de la quinta a la sexta revoluci\u00f3n industrial \u201cno es simplemente un cambio de era, sino una oportunidad para reevaluar la relaci\u00f3n entre tecnolog\u00eda y ser humano\u201d.<\/p><\/blockquote>\n<p>La actividad cont\u00f3 con la presencia de Intendentes de la regi\u00f3n tales como los<strong> Intendentes de Azul Nelson Sombra, de la localidad de Tapalqu\u00e9 Gustavo Cocconi, de la localidad de Benito Ju\u00e1rez Julio Marini y de la localidad de Laprida Alfredo Fisher<\/strong>, el presidente Colegio de Magistrados Dr. Pablo Quaranta y la presidenta del colegio de Abogados la Dra. Fernanda Gim\u00e9nez, Fiscales y Defensores del departamento Judicial, funcionarios y empleados, autoridades deportivas del Club de Remo de Azul, el presidente de la liga de futbol Alejandro Ponce junto al presidente de Boca juniors Jeronimo Vidal, el Jefe del PAMI de la localidad de General Alvear Dr. Ramiro Ort\u00edz, el Vicepresidente de la Sociedad Rural de Azul Jes\u00fas Marchessi, el concejal electo de LLA Luis Hoursouripe y estudiantes de derecho de la Facultad UNICEN.<\/p>\n<p>Finalizada la charla, los mandatarios Municipales junto al Procurador General y el Fiscal General se trasladaron al Municipio local para mantener <strong>una reuni\u00f3n de trabajo<\/strong> en el despacho oficial del Intendente local.<\/p>\n<p><img data-recalc-dims=\"1\" loading=\"lazy\" decoding=\"async\" class=\"alignnone size-full wp-image-187227 aligncenter\" src=\"https:\/\/i0.wp.com\/cdnoticias.com\/wp-content\/uploads\/2025\/11\/julio-conte-grand-en-azul-B.jpg?resize=800%2C445&#038;ssl=1\" alt=\"\" width=\"800\" height=\"445\" srcset=\"https:\/\/i0.wp.com\/cdnoticias.com\/wp-content\/uploads\/2025\/11\/julio-conte-grand-en-azul-B.jpg?w=1000&amp;ssl=1 1000w, https:\/\/i0.wp.com\/cdnoticias.com\/wp-content\/uploads\/2025\/11\/julio-conte-grand-en-azul-B.jpg?resize=300%2C167&amp;ssl=1 300w, https:\/\/i0.wp.com\/cdnoticias.com\/wp-content\/uploads\/2025\/11\/julio-conte-grand-en-azul-B.jpg?resize=768%2C427&amp;ssl=1 768w, https:\/\/i0.wp.com\/cdnoticias.com\/wp-content\/uploads\/2025\/11\/julio-conte-grand-en-azul-B.jpg?resize=800%2C445&amp;ssl=1 800w\" sizes=\"auto, (max-width: 800px) 100vw, 800px\" \/><\/p>\n","protected":false},"excerpt":{"rendered":"<p>El titular del Ministerio P\u00fablico de la provincia de Buenos Aires, Julio Conte Grand, encabez\u00f3 una conferencia y particip\u00f3 de<\/p>\n","protected":false},"author":4,"featured_media":187225,"comment_status":"closed","ping_status":"closed","sticky":false,"template":"","format":"standard","meta":{"_jetpack_memberships_contains_paid_content":false,"footnotes":""},"categories":[4,1],"tags":[],"class_list":["post-187224","post","type-post","status-publish","format-standard","has-post-thumbnail","hentry","category-politica","category-portada"],"jetpack_featured_media_url":"https:\/\/i0.wp.com\/cdnoticias.com\/wp-content\/uploads\/2025\/11\/julio-conte-grand-en-azul-C.jpg?fit=1000%2C556&ssl=1","jetpack_sharing_enabled":true,"_links":{"self":[{"href":"https:\/\/cdnoticias.com\/index.php\/wp-json\/wp\/v2\/posts\/187224","targetHints":{"allow":["GET"]}}],"collection":[{"href":"https:\/\/cdnoticias.com\/index.php\/wp-json\/wp\/v2\/posts"}],"about":[{"href":"https:\/\/cdnoticias.com\/index.php\/wp-json\/wp\/v2\/types\/post"}],"author":[{"embeddable":true,"href":"https:\/\/cdnoticias.com\/index.php\/wp-json\/wp\/v2\/users\/4"}],"replies":[{"embeddable":true,"href":"https:\/\/cdnoticias.com\/index.php\/wp-json\/wp\/v2\/comments?post=187224"}],"version-history":[{"count":0,"href":"https:\/\/cdnoticias.com\/index.php\/wp-json\/wp\/v2\/posts\/187224\/revisions"}],"wp:featuredmedia":[{"embeddable":true,"href":"https:\/\/cdnoticias.com\/index.php\/wp-json\/wp\/v2\/media\/187225"}],"wp:attachment":[{"href":"https:\/\/cdnoticias.com\/index.php\/wp-json\/wp\/v2\/media?parent=187224"}],"wp:term":[{"taxonomy":"category","embeddable":true,"href":"https:\/\/cdnoticias.com\/index.php\/wp-json\/wp\/v2\/categories?post=187224"},{"taxonomy":"post_tag","embeddable":true,"href":"https:\/\/cdnoticias.com\/index.php\/wp-json\/wp\/v2\/tags?post=187224"}],"curies":[{"name":"wp","href":"https:\/\/api.w.org\/{rel}","templated":true}]}}