{"id":187198,"date":"2025-11-07T17:31:28","date_gmt":"2025-11-07T20:31:28","guid":{"rendered":"https:\/\/cdnoticias.com\/?p=187198"},"modified":"2025-11-07T20:36:07","modified_gmt":"2025-11-07T23:36:07","slug":"cesar-garcia-sobre-la-causa-por-la-muerte-de-tamame-no-entro-ningun-otro-policia-en-ese-calabozo","status":"publish","type":"post","link":"https:\/\/cdnoticias.com\/index.php\/2025\/11\/07\/cesar-garcia-sobre-la-causa-por-la-muerte-de-tamame-no-entro-ningun-otro-policia-en-ese-calabozo\/","title":{"rendered":"C\u00e9sar Garc\u00eda sobre la causa por la muerte de Tamame: \u201cno entr\u00f3 ning\u00fan otro polic\u00eda en ese calabozo\u201d"},"content":{"rendered":"\n<p>El defensor de tres polic\u00edas acusados cuestion\u00f3 los dichos del abogado de la familia de la v\u00edctima. Las pruebas en videos, el informe m\u00e9dico, la situaci\u00f3n de sus defendidos y las pericias que solicitar\u00e1.<\/p>\n\n\n\n<hr class=\"wp-block-separator has-alpha-channel-opacity\"\/>\n\n\n\n<p>El <strong>Dr. C\u00e9sar Garc\u00eda, abogado <a href=\"https:\/\/cdnoticias.com\/index.php\/2025\/07\/25\/muerte-de-tamame-los-policias-imputados-no-tienen-ninguna-medida-administrativa\/\" target=\"_blank\" rel=\"noreferrer noopener\">defensor de tres polic\u00edas<\/a> imputados en la causa que investiga la muerte de Gonzalo Tamame <\/strong><a href=\"https:\/\/cdnoticias.com\/index.php\/2025\/07\/23\/un-hombre-que-estaba-aprehendido-en-la-comisaria-primera-fue-hallado-muerto\/\" target=\"_blank\" rel=\"noreferrer noopener\">en la Comisar\u00eda Primera<\/a> habl\u00f3 de la actualidad de la investigaci\u00f3n y fue <a href=\"https:\/\/cdnoticias.com\/index.php\/2025\/11\/03\/muerte-de-gonzalo-tamame-estoy-convencido-de-que-le-quitaron-la-vida\/\" target=\"_blank\" rel=\"noreferrer noopener\">cr\u00edtico con la postura del doctor Rold\u00e1n<\/a>, abogado que se presenta como particular damnificado.<\/p>\n\n\n\n<p><\/p>\n\n\n\n<blockquote class=\"wp-block-quote is-layout-flow wp-block-quote-is-layout-flow\">\n<p>En relaci\u00f3n a los resultados de la \u201cprueba de tracci\u00f3n\u201d sostuvo en di\u00e1logo con el programa Levantate por Radio Sapiens (FM 102.7) que el doctor Rold\u00e1n expres\u00f3 en distintos medios \u201cdichos inexactos, dichos falaces, dichos desajustados a la verdad\u201d y se\u00f1al\u00f3 que \u201cel informe de autopsia establece el peso de Tamame con una base en 75 kilos. La prueba de tracci\u00f3n de la prensa con la cual el joven se ahorc\u00f3 en la reja del calabozo, dio un resultado de que soporta un peso o una tensi\u00f3n de 73,5 kilos\u201d.<\/p>\n<\/blockquote>\n\n\n\n<p><\/p>\n\n\n\n<p>\u201c\u00bfEstamos a un kilo y medio del peso de Tamame? S\u00ed, pero eso tambi\u00e9n es inexacto. Porque la posici\u00f3n en la cual se encontraba el joven Tamame <strong>no era suspensi\u00f3n completa, no estaba soportando todo el peso, estaba semi suspendido<\/strong> o apoyando los pies contra el piso\u201d, agreg\u00f3 el doctor Garc\u00eda.<\/p>\n\n\n\n<p><\/p>\n\n\n\n<p>En este punto, asegur\u00f3 que<em> \u201cel 80% de los suicidios de suspensiones de ahorcamiento no son de suspensi\u00f3n completa<\/em>, quiere decir que la persona se deja caer hasta que pierde el aire, viene el desvanecimiento y no se da cuenta que muere\u201d.<\/p>\n\n\n\n<p><\/p>\n\n\n\n<figure class=\"wp-block-image size-full\"><img data-recalc-dims=\"1\" loading=\"lazy\" decoding=\"async\" width=\"800\" height=\"446\" src=\"https:\/\/i0.wp.com\/cdnoticias.com\/wp-content\/uploads\/2025\/08\/vallado-comisaria-primera-00.jpg?resize=800%2C446&#038;ssl=1\" alt=\"\" class=\"wp-image-178545\" srcset=\"https:\/\/i0.wp.com\/cdnoticias.com\/wp-content\/uploads\/2025\/08\/vallado-comisaria-primera-00.jpg?w=1000&amp;ssl=1 1000w, https:\/\/i0.wp.com\/cdnoticias.com\/wp-content\/uploads\/2025\/08\/vallado-comisaria-primera-00.jpg?resize=300%2C167&amp;ssl=1 300w, https:\/\/i0.wp.com\/cdnoticias.com\/wp-content\/uploads\/2025\/08\/vallado-comisaria-primera-00.jpg?resize=768%2C428&amp;ssl=1 768w, https:\/\/i0.wp.com\/cdnoticias.com\/wp-content\/uploads\/2025\/08\/vallado-comisaria-primera-00.jpg?resize=800%2C445&amp;ssl=1 800w\" sizes=\"auto, (max-width: 800px) 100vw, 800px\" \/><\/figure>\n\n\n\n<p><strong>Las im\u00e1genes de las c\u00e1maras de seguridad<\/strong><\/p>\n\n\n\n<p><\/p>\n\n\n\n<p>Por otra parte, Garc\u00eda se refiri\u00f3 a la existencia de <strong>c\u00e1maras \u201cque graban las 24 horas\u201d dentro de la Comisar\u00eda Primera<\/strong>. Especific\u00f3 que las im\u00e1genes fueron aportadas a la causa y toman distintos sectores del lugar: <strong>\u201cen los pasillos, en la entrada, en el despacho.<\/strong> Hay una serie de c\u00e1maras que est\u00e1n grabando todo el movimiento como para que se pueda determinar la entrada de Tamame, que es <strong>conducido por personal del Comando, no de mis defendidos\u201d<\/strong>.<\/p>\n\n\n\n<p><\/p>\n\n\n\n<blockquote class=\"wp-block-quote is-layout-flow wp-block-quote-is-layout-flow\">\n<p>\u201cLo ingresa personal del Comando, lo llevan hasta el calabozo y lo alojan. Eso est\u00e1 grabado. Gonzalo Tamame entra con vida ah\u00ed, no entra ning\u00fan otro polic\u00eda en ese calabozo, cierran el calabozo y se retiran\u201d, asegur\u00f3 el doctor Garc\u00eda.<\/p>\n<\/blockquote>\n\n\n\n<p><\/p>\n\n\n\n<figure class=\"wp-block-image size-full is-resized\"><img data-recalc-dims=\"1\" loading=\"lazy\" decoding=\"async\" width=\"800\" height=\"445\" src=\"https:\/\/i0.wp.com\/cdnoticias.com\/wp-content\/uploads\/2023\/10\/comisaria-primera.jpg?resize=800%2C445&#038;ssl=1\" alt=\"\" class=\"wp-image-98565\" style=\"width:888px;height:auto\" srcset=\"https:\/\/i0.wp.com\/cdnoticias.com\/wp-content\/uploads\/2023\/10\/comisaria-primera.jpg?w=800&amp;ssl=1 800w, https:\/\/i0.wp.com\/cdnoticias.com\/wp-content\/uploads\/2023\/10\/comisaria-primera.jpg?resize=300%2C167&amp;ssl=1 300w, https:\/\/i0.wp.com\/cdnoticias.com\/wp-content\/uploads\/2023\/10\/comisaria-primera.jpg?resize=768%2C427&amp;ssl=1 768w\" sizes=\"auto, (max-width: 800px) 100vw, 800px\" \/><\/figure>\n\n\n\n<p><\/p>\n\n\n\n<blockquote class=\"wp-block-quote is-layout-flow wp-block-quote-is-layout-flow\">\n<p>Tambi\u00e9n se observa en las im\u00e1genes \u201cel momento en que una de las personas del personal de la Comisar\u00eda Primera advierte el ahorcamiento y lo quieren descolgar y tratar de revivir haci\u00e9ndole RCP. Eso est\u00e1 grabado\u201d, concluy\u00f3 Garc\u00eda.<\/p>\n<\/blockquote>\n\n\n\n<p><\/p>\n\n\n\n<p><strong>Cuestionamiento del precario m\u00e9dico<\/strong><\/p>\n\n\n\n<p><\/p>\n\n\n\n<p>El doctor Garc\u00eda indic\u00f3 que el informe de autopsia da cuenta de que el cuerpo de Tamame presenta <strong>\u201c39 hematomas, lesiones, livideces y\/o escoriaciones. <\/strong>Quiere decir, raspado, golpes, semigolpes. Eso <strong>est\u00e1 determinado en el informe de autopsia, no est\u00e1 determinado en el precario m\u00e9dico\u201d.<\/strong><\/p>\n\n\n\n<p><\/p>\n\n\n\n<p>En ese sentido, razon\u00f3 que \u201cla posici\u00f3n posible que a uno se le ocurre es que <strong>todas esas lesiones ocurrieron despu\u00e9s del precario y no antes\u201d<\/strong>. Sin embargo, Garc\u00eda resalt\u00f3 que \u201cel m\u00e9dico que realiza el precario testific\u00f3 en esta causa y pudimos comprobar de que <strong>el precario m\u00e9dico fue sin revisarlo a Tamame\u201d<\/strong>.<\/p>\n\n\n\n<p><\/p>\n\n\n\n<p>Adem\u00e1s, el abogado defensor sum\u00f3 que \u201chay seis testimonios que abonan que cuando a Tamame lo aprehenden en la v\u00eda p\u00fablica, <strong>hay una determinada resistencia y los polic\u00edas ejercen el control sobre Tamame<\/strong> y ah\u00ed es donde se van a producir un mont\u00f3n de livideces, escoriaciones y hematomas que no fueron advertidos por el m\u00e9dico que realiz\u00f3 el precario m\u00e9dico\u201d.<\/p>\n\n\n\n<figure class=\"wp-block-image size-full\"><img data-recalc-dims=\"1\" loading=\"lazy\" decoding=\"async\" width=\"800\" height=\"445\" src=\"https:\/\/i0.wp.com\/cdnoticias.com\/wp-content\/uploads\/2023\/04\/abogado-cesar-garcia.jpg?resize=800%2C445&#038;ssl=1\" alt=\"\" class=\"wp-image-82479\" srcset=\"https:\/\/i0.wp.com\/cdnoticias.com\/wp-content\/uploads\/2023\/04\/abogado-cesar-garcia.jpg?w=800&amp;ssl=1 800w, https:\/\/i0.wp.com\/cdnoticias.com\/wp-content\/uploads\/2023\/04\/abogado-cesar-garcia.jpg?resize=300%2C167&amp;ssl=1 300w, https:\/\/i0.wp.com\/cdnoticias.com\/wp-content\/uploads\/2023\/04\/abogado-cesar-garcia.jpg?resize=768%2C427&amp;ssl=1 768w\" sizes=\"auto, (max-width: 800px) 100vw, 800px\" \/><\/figure>\n\n\n\n<p><strong>Solicitud de m\u00e1s pericias<\/strong><\/p>\n\n\n\n<p><\/p>\n\n\n\n<p>El doctor Garc\u00eda indic\u00f3 que <strong>sus defendidos se encuentran \u201cprocesados e imputados por el delito de vejaciones, apremios ilegales y la causa es por averiguaci\u00f3n de causales de muerte\u201d<\/strong>.<\/p>\n\n\n\n<p><\/p>\n\n\n\n<blockquote class=\"wp-block-quote is-layout-flow wp-block-quote-is-layout-flow\">\n<p>\u201cAdministrativamente el personal policial est\u00e1 con disponibilidad, siguen siendo polic\u00edas\u201d, agreg\u00f3 y sum\u00f3 que \u201cvoy a solicitar una serie de pericias. Las \u00faltimas pericias fueron las de tracci\u00f3n y fueron para verificar una bolsa que se encontraba en el bolsillo de Gonzalo Tamame, que conten\u00eda restos de clorhidrato de coca\u00edna\u201d<\/p>\n<\/blockquote>\n\n\n\n<p><\/p>\n\n\n\n<p>Adem\u00e1s, adelant\u00f3 que <strong>va a solicitar \u201cuna pericia espec\u00edficamente que tiene que ver con el lugar de donde se colg\u00f3<\/strong>,<strong> el largo de la tela <\/strong>para poder determinar que no hab\u00eda una suspensi\u00f3n completa, sino que hab\u00eda una posici\u00f3n semi suspendida. Adem\u00e1s, voy a pedir <strong>un cotejo de ADN para verificar que en esta misma tela se encuentra ADN de Gonzalo Tamame<\/strong>\u201d.<\/p>\n\n\n\n<p><\/p>\n\n\n\n<figure class=\"wp-block-embed is-type-wp-embed is-provider-central-de-noticias-olavarr-a wp-block-embed-central-de-noticias-olavarr-a\"><div class=\"wp-block-embed__wrapper\">\n<blockquote class=\"wp-embedded-content\" data-secret=\"zyO4INYJNz\"><a href=\"https:\/\/cdnoticias.com\/index.php\/2025\/11\/03\/muerte-de-gonzalo-tamame-estoy-convencido-de-que-le-quitaron-la-vida\/\">Muerte de Gonzalo Tamame: \u201cEstoy convencido de que le quitaron la vida\u201d<\/a><\/blockquote><iframe loading=\"lazy\" class=\"wp-embedded-content\" sandbox=\"allow-scripts\" security=\"restricted\" style=\"position: absolute; visibility: hidden;\" title=\"&#8220;Muerte de Gonzalo Tamame: \u201cEstoy convencido de que le quitaron la vida\u201d&#8221; &#8212; Central de Noticias | Olavarr\u00eda\" src=\"https:\/\/cdnoticias.com\/index.php\/2025\/11\/03\/muerte-de-gonzalo-tamame-estoy-convencido-de-que-le-quitaron-la-vida\/embed\/#?secret=xp3zP50arV#?secret=zyO4INYJNz\" data-secret=\"zyO4INYJNz\" width=\"600\" height=\"338\" frameborder=\"0\" marginwidth=\"0\" marginheight=\"0\" scrolling=\"no\"><\/iframe>\n<\/div><\/figure>\n","protected":false},"excerpt":{"rendered":"<p>El defensor de tres polic\u00edas acusados cuestion\u00f3 los dichos del abogado de la familia de la v\u00edctima. Las pruebas en<\/p>\n","protected":false},"author":5,"featured_media":58234,"comment_status":"closed","ping_status":"closed","sticky":false,"template":"","format":"standard","meta":{"_jetpack_memberships_contains_paid_content":false,"footnotes":""},"categories":[14,1],"tags":[],"class_list":["post-187198","post","type-post","status-publish","format-standard","has-post-thumbnail","hentry","category-policiales","category-portada"],"jetpack_featured_media_url":"https:\/\/i0.wp.com\/cdnoticias.com\/wp-content\/uploads\/2022\/06\/abogado-cesar-garcia1.jpg?fit=800%2C446&ssl=1","jetpack_sharing_enabled":true,"_links":{"self":[{"href":"https:\/\/cdnoticias.com\/index.php\/wp-json\/wp\/v2\/posts\/187198","targetHints":{"allow":["GET"]}}],"collection":[{"href":"https:\/\/cdnoticias.com\/index.php\/wp-json\/wp\/v2\/posts"}],"about":[{"href":"https:\/\/cdnoticias.com\/index.php\/wp-json\/wp\/v2\/types\/post"}],"author":[{"embeddable":true,"href":"https:\/\/cdnoticias.com\/index.php\/wp-json\/wp\/v2\/users\/5"}],"replies":[{"embeddable":true,"href":"https:\/\/cdnoticias.com\/index.php\/wp-json\/wp\/v2\/comments?post=187198"}],"version-history":[{"count":0,"href":"https:\/\/cdnoticias.com\/index.php\/wp-json\/wp\/v2\/posts\/187198\/revisions"}],"wp:featuredmedia":[{"embeddable":true,"href":"https:\/\/cdnoticias.com\/index.php\/wp-json\/wp\/v2\/media\/58234"}],"wp:attachment":[{"href":"https:\/\/cdnoticias.com\/index.php\/wp-json\/wp\/v2\/media?parent=187198"}],"wp:term":[{"taxonomy":"category","embeddable":true,"href":"https:\/\/cdnoticias.com\/index.php\/wp-json\/wp\/v2\/categories?post=187198"},{"taxonomy":"post_tag","embeddable":true,"href":"https:\/\/cdnoticias.com\/index.php\/wp-json\/wp\/v2\/tags?post=187198"}],"curies":[{"name":"wp","href":"https:\/\/api.w.org\/{rel}","templated":true}]}}