{"id":187197,"date":"2025-11-07T11:07:16","date_gmt":"2025-11-07T14:07:16","guid":{"rendered":"https:\/\/cdnoticias.com\/?p=187197"},"modified":"2025-11-07T16:00:26","modified_gmt":"2025-11-07T19:00:26","slug":"el-municipio-avanza-con-la-extension-de-la-red-de-gas-en-el-barrio-villa-aurora-sur","status":"publish","type":"post","link":"https:\/\/cdnoticias.com\/index.php\/2025\/11\/07\/el-municipio-avanza-con-la-extension-de-la-red-de-gas-en-el-barrio-villa-aurora-sur\/","title":{"rendered":"El Municipio avanza con la extensi\u00f3n de la red de gas en el barrio Villa Aurora Sur"},"content":{"rendered":"<p>En la jornada de este jueves se aprob\u00f3 en Honorable Concejo Deliberante la ordenanza enviada por el ejecutivo. La demanda hab\u00eda sido presentada por los vecinos en el a\u00f1o 2022.<!--more--><\/p>\n<hr \/>\n<p>El <strong>Municipio de Olavarr\u00eda<\/strong> podr\u00e1 avanzar con la <strong>obra de extensi\u00f3n de la red de gas<\/strong>, la cual favorecer\u00e1 a <strong>vecinos del barrio Villa Aurora Sur<\/strong>. En la jornada de este jueves fue aprobada la ordenanza en el HCD.<\/p>\n<p>La obra contempla la <strong>construcci\u00f3n de extensi\u00f3n en la red de distribuci\u00f3n de gas<\/strong> en el sector delimitado por <strong>avenida Luciano Fortabat, calleja Los Tulipanes (paralela al paso a nivel) y calle 157.<\/strong><\/p>\n<blockquote><p>La misma fue solicitada por un importante n\u00famero de vecinos en el a\u00f1o 2022: \u201cEs un proyecto que surgi\u00f3 hace muchos a\u00f1os por parte de los vecinos del barrio Villa Aurora, incluso era una demanda que el propio intendente hab\u00eda recibido cuando era concejal. Todos los a\u00f1os los vecinos lo presentaban en mesa de entrada sin obtener respuestas. Este a\u00f1o entramos en contacto con los vecinos y empezamos a avanza en el proyecto para hacerlo por contribuci\u00f3n\u201d, destac\u00f3 Orfel Fari\u00f1a, secretario de Obras P\u00fablicas.<\/p><\/blockquote>\n<p><img data-recalc-dims=\"1\" loading=\"lazy\" decoding=\"async\" class=\"alignnone size-full wp-image-187201 aligncenter\" src=\"https:\/\/i0.wp.com\/cdnoticias.com\/wp-content\/uploads\/2025\/11\/Villa-Aurora-sur-Red-de-gas-01.jpeg?resize=800%2C445&#038;ssl=1\" alt=\"\" width=\"800\" height=\"445\" srcset=\"https:\/\/i0.wp.com\/cdnoticias.com\/wp-content\/uploads\/2025\/11\/Villa-Aurora-sur-Red-de-gas-01.jpeg?w=1000&amp;ssl=1 1000w, https:\/\/i0.wp.com\/cdnoticias.com\/wp-content\/uploads\/2025\/11\/Villa-Aurora-sur-Red-de-gas-01.jpeg?resize=300%2C167&amp;ssl=1 300w, https:\/\/i0.wp.com\/cdnoticias.com\/wp-content\/uploads\/2025\/11\/Villa-Aurora-sur-Red-de-gas-01.jpeg?resize=768%2C427&amp;ssl=1 768w, https:\/\/i0.wp.com\/cdnoticias.com\/wp-content\/uploads\/2025\/11\/Villa-Aurora-sur-Red-de-gas-01.jpeg?resize=800%2C445&amp;ssl=1 800w\" sizes=\"auto, (max-width: 800px) 100vw, 800px\" \/><\/p>\n<p>El proyecto cuenta con la <strong>factibilidad t\u00e9cnica de la empresa Camuzzi Gas Pampeana S.A.<\/strong>, quien realizar\u00e1 el <strong>aporte de materiales sin costo ni para el Municipio ni los vecinos beneficiarios<\/strong>. Cabe destacar que al tratarse de un proyecto por contribuci\u00f3n, necesitaba ser sancionado por mayor\u00eda absoluta de votos de una asamblea compuesta por los <a href=\"https:\/\/cdnoticias.com\/index.php\/2025\/11\/06\/el-hcd-realizo-la-16-sesion-ordinaria\/\" target=\"_blank\" rel=\"noopener\">miembros del Concejo Deliberante y un n\u00famero igual de mayores contribuyentes de impuestos municipales<\/a>.<\/p>\n<blockquote><p>Desde el Ejecutivo destacaron las reuniones que tuvieron con 181 frentistas que ser\u00edan beneficiados por obra, quienes valoraron la herramienta utilizada y que sea por contribuci\u00f3n.<\/p><\/blockquote>\n<p>La obra se enmarca en la<strong> Licitaci\u00f3n P\u00fablica 27\/25<\/strong>, cuyo acto de <strong>apertura de cotizaciones se realizar\u00e1 el pr\u00f3ximo 28 de noviembre<\/strong>, a partir de las 10 horas, en el Palacio Municipal.<\/p>\n","protected":false},"excerpt":{"rendered":"<p>En la jornada de este jueves se aprob\u00f3 en Honorable Concejo Deliberante la ordenanza enviada por el ejecutivo. La demanda<\/p>\n","protected":false},"author":4,"featured_media":187200,"comment_status":"closed","ping_status":"closed","sticky":false,"template":"","format":"standard","meta":{"_jetpack_memberships_contains_paid_content":false,"footnotes":""},"categories":[5,1],"tags":[],"class_list":["post-187197","post","type-post","status-publish","format-standard","has-post-thumbnail","hentry","category-informacion-general","category-portada"],"jetpack_featured_media_url":"https:\/\/i0.wp.com\/cdnoticias.com\/wp-content\/uploads\/2025\/11\/Villa-Aurora-sur-Red-de-gas-00.jpeg?fit=1000%2C556&ssl=1","jetpack_sharing_enabled":true,"_links":{"self":[{"href":"https:\/\/cdnoticias.com\/index.php\/wp-json\/wp\/v2\/posts\/187197","targetHints":{"allow":["GET"]}}],"collection":[{"href":"https:\/\/cdnoticias.com\/index.php\/wp-json\/wp\/v2\/posts"}],"about":[{"href":"https:\/\/cdnoticias.com\/index.php\/wp-json\/wp\/v2\/types\/post"}],"author":[{"embeddable":true,"href":"https:\/\/cdnoticias.com\/index.php\/wp-json\/wp\/v2\/users\/4"}],"replies":[{"embeddable":true,"href":"https:\/\/cdnoticias.com\/index.php\/wp-json\/wp\/v2\/comments?post=187197"}],"version-history":[{"count":0,"href":"https:\/\/cdnoticias.com\/index.php\/wp-json\/wp\/v2\/posts\/187197\/revisions"}],"wp:featuredmedia":[{"embeddable":true,"href":"https:\/\/cdnoticias.com\/index.php\/wp-json\/wp\/v2\/media\/187200"}],"wp:attachment":[{"href":"https:\/\/cdnoticias.com\/index.php\/wp-json\/wp\/v2\/media?parent=187197"}],"wp:term":[{"taxonomy":"category","embeddable":true,"href":"https:\/\/cdnoticias.com\/index.php\/wp-json\/wp\/v2\/categories?post=187197"},{"taxonomy":"post_tag","embeddable":true,"href":"https:\/\/cdnoticias.com\/index.php\/wp-json\/wp\/v2\/tags?post=187197"}],"curies":[{"name":"wp","href":"https:\/\/api.w.org\/{rel}","templated":true}]}}