{"id":187191,"date":"2025-11-07T09:08:46","date_gmt":"2025-11-07T12:08:46","guid":{"rendered":"https:\/\/cdnoticias.com\/?p=187191"},"modified":"2025-11-07T13:41:51","modified_gmt":"2025-11-07T16:41:51","slug":"detenido-por-un-hurto-agravado","status":"publish","type":"post","link":"https:\/\/cdnoticias.com\/index.php\/2025\/11\/07\/detenido-por-un-hurto-agravado\/","title":{"rendered":"Detenido por un hurto agravado"},"content":{"rendered":"<p>Fue arrestado en inmediaciones del barrio Coronel Dorrego. El hombre de 27 a\u00f1os fue imputado por \u201churto agravado con escalamiento\u201d.<!--more--><\/p>\n<hr \/>\n<p>Un <strong>hombre de 27 a\u00f1os<\/strong> fue <strong>detenido<\/strong> en una vivienda ubicada sobre calle <strong>Vicente Bah\u00eda al 3100<\/strong>, en el marco de una investigaci\u00f3n por <strong>\u201churto agravado con escalamiento\u201d.<\/strong><\/p>\n<p>El procedimiento fue realizado por <strong>personal del Gabinete T\u00e9cnico Operativo de la Comisar\u00eda Primera<\/strong>, quienes llevaron adelante <em>una orden judicial de allanamiento, requisa, registro, secuestro y detenci\u00f3n.<\/em><\/p>\n<blockquote><p>De acuerdo con lo informado, el operativo arroj\u00f3 resultado positivo: Kevin Dami\u00e1n Bustos qued\u00f3 detenido el mi\u00e9rcoles y fue alojado en la dependencia policial a la espera de cupo en una unidad penitenciaria.<\/p><\/blockquote>\n<p>En la causa interviene la<strong> UFI N\u00ba 10<\/strong>, a cargo de la agente fiscal subrogante Dra. Mariela Viceconte.<\/p>\n","protected":false},"excerpt":{"rendered":"<p>Fue arrestado en inmediaciones del barrio Coronel Dorrego. El hombre de 27 a\u00f1os fue imputado por \u201churto agravado con escalamiento\u201d.<\/p>\n","protected":false},"author":4,"featured_media":187192,"comment_status":"closed","ping_status":"closed","sticky":false,"template":"","format":"standard","meta":{"_jetpack_memberships_contains_paid_content":false,"footnotes":""},"categories":[14,1],"tags":[],"class_list":["post-187191","post","type-post","status-publish","format-standard","has-post-thumbnail","hentry","category-policiales","category-portada"],"jetpack_featured_media_url":"https:\/\/i0.wp.com\/cdnoticias.com\/wp-content\/uploads\/2025\/11\/detenido-Calle-Vicente-Bahia-al-3100.jpg?fit=1000%2C557&ssl=1","jetpack_sharing_enabled":true,"_links":{"self":[{"href":"https:\/\/cdnoticias.com\/index.php\/wp-json\/wp\/v2\/posts\/187191","targetHints":{"allow":["GET"]}}],"collection":[{"href":"https:\/\/cdnoticias.com\/index.php\/wp-json\/wp\/v2\/posts"}],"about":[{"href":"https:\/\/cdnoticias.com\/index.php\/wp-json\/wp\/v2\/types\/post"}],"author":[{"embeddable":true,"href":"https:\/\/cdnoticias.com\/index.php\/wp-json\/wp\/v2\/users\/4"}],"replies":[{"embeddable":true,"href":"https:\/\/cdnoticias.com\/index.php\/wp-json\/wp\/v2\/comments?post=187191"}],"version-history":[{"count":0,"href":"https:\/\/cdnoticias.com\/index.php\/wp-json\/wp\/v2\/posts\/187191\/revisions"}],"wp:featuredmedia":[{"embeddable":true,"href":"https:\/\/cdnoticias.com\/index.php\/wp-json\/wp\/v2\/media\/187192"}],"wp:attachment":[{"href":"https:\/\/cdnoticias.com\/index.php\/wp-json\/wp\/v2\/media?parent=187191"}],"wp:term":[{"taxonomy":"category","embeddable":true,"href":"https:\/\/cdnoticias.com\/index.php\/wp-json\/wp\/v2\/categories?post=187191"},{"taxonomy":"post_tag","embeddable":true,"href":"https:\/\/cdnoticias.com\/index.php\/wp-json\/wp\/v2\/tags?post=187191"}],"curies":[{"name":"wp","href":"https:\/\/api.w.org\/{rel}","templated":true}]}}